{"id":285701,"date":"2021-02-03T19:15:17","date_gmt":"2021-02-03T16:15:17","guid":{"rendered":"http:\/\/arantv.az\/?p=285701"},"modified":"2021-02-03T19:15:17","modified_gmt":"2021-02-03T16:15:17","slug":"daha-bir-qazi-yuks%c9%99k-texnologiyali-protezl%c9%99-t%c9%99min-olunur","status":"publish","type":"post","link":"https:\/\/arantv.az\/?p=285701","title":{"rendered":"Daha bir qazi y\u00fcks\u0259k texnologiyal\u0131 protezl\u0259 t\u0259min olunur"},"content":{"rendered":"<p>Z\u0259f\u0259rimizin q\u0259hr\u0259manlar\u0131ndan biri olan \u0130slamov Qurban\u0259li M\u0259zahir o\u011flunun da \u018fm\u0259k v\u0259 \u018fhalinin Sosial M\u00fcdafi\u0259si Nazirliyi t\u0259r\u0259find\u0259n y\u00fcks\u0259k texnologiyal\u0131 protezl\u0259 t\u0259min edilm\u0259si \u00fc\u00e7\u00fcn i\u015fl\u0259r\u0259 ba\u015flan\u0131b.<\/p>\n<p>Nazirlikd\u0259n bildirilib ki, V\u0259t\u0259n m\u00fcharib\u0259sind\u0259 a\u011f\u0131r yaralanaraq sol aya\u011f\u0131n\u0131 itirmi\u015f M\u0259zahir yax\u0131n g\u00fcnl\u0259rd\u0259 h\u0259min protezl\u0259 t\u0259min olunacaq.<\/p>\n<div id=\"AdviadNativeVideo0\" class=\"AdviadNativeVideo\"><\/div>\n<p>Bu m\u0259qs\u0259dl\u0259 nazirliyin tabeliyind\u0259ki D\u00f6vl\u0259t Tibbi-Sosial Ekspertiza v\u0259 Reabilitasiya Agentliyinin Protez-Ortopedik \u0130stehsalat v\u0259 Reabilitasiya M\u0259rk\u0259zind\u0259 qazimizin ilkin m\u00fcayin\u0259si apar\u0131l\u0131b.<\/p>\n<p>Ona protezl\u0259\u015fm\u0259y\u0259 haz\u0131rla\u015fmas\u0131 \u00fc\u00e7\u00fcn laz\u0131mi t\u0259limatlar verilib.<\/p>\n","protected":false},"excerpt":{"rendered":"<p>Z\u0259f\u0259rimizin q\u0259hr\u0259manlar\u0131ndan biri olan \u0130slamov Qurban\u0259li M\u0259zahir o\u011flunun da \u018fm\u0259k v\u0259 \u018fhalinin Sosial M\u00fcdafi\u0259si Nazirliyi t\u0259r\u0259find\u0259n y\u00fcks\u0259k texnologiyal\u0131 protezl\u0259 t\u0259min edilm\u0259si \u00fc\u00e7\u00fcn i\u015fl\u0259r\u0259 ba\u015flan\u0131b. Nazirlikd\u0259n bildirilib ki, V\u0259t\u0259n m\u00fcharib\u0259sind\u0259 a\u011f\u0131r yaralanaraq sol aya\u011f\u0131n\u0131 itirmi\u015f M\u0259zahir yax\u0131n g\u00fcnl\u0259rd\u0259 h\u0259min protezl\u0259 t\u0259min olunacaq. Bu m\u0259qs\u0259dl\u0259 nazirliyin tabeliyind\u0259ki D\u00f6vl\u0259t Tibbi-Sosial Ekspertiza v\u0259 Reabilitasiya Agentliyinin Protez-Ortopedik \u0130stehsalat v\u0259 Reabilitasiya M\u0259rk\u0259zind\u0259 qazimizin ilkin m\u00fcayin\u0259si apar\u0131l\u0131b. Ona protezl\u0259\u015fm\u0259y\u0259 haz\u0131rla\u015fmas\u0131 \u00fc\u00e7\u00fcn laz\u0131mi t\u0259limatlar verilib.<\/p>\n","protected":false},"author":2,"featured_media":285703,"comment_status":"closed","ping_status":"closed","sticky":false,"template":"","format":"standard","meta":{"om_disable_all_campaigns":false,"_monsterinsights_skip_tracking":false,"_monsterinsights_sitenote_active":false,"_monsterinsights_sitenote_note":"","_monsterinsights_sitenote_category":0},"categories":[26],"tags":[],"aioseo_notices":[],"gutentor_comment":0,"rttpg_featured_image_url":{"full":["https:\/\/arantv.az\/wp-content\/uploads\/2021\/02\/1610883270336_XKa1R6zt.jpg",750,499,false],"landscape":["https:\/\/arantv.az\/wp-content\/uploads\/2021\/02\/1610883270336_XKa1R6zt.jpg",750,499,false],"portraits":["https:\/\/arantv.az\/wp-content\/uploads\/2021\/02\/1610883270336_XKa1R6zt.jpg",750,499,false],"thumbnail":["https:\/\/arantv.az\/wp-content\/uploads\/2021\/02\/1610883270336_XKa1R6zt-150x150.jpg",150,150,true],"medium":["https:\/\/arantv.az\/wp-content\/uploads\/2021\/02\/1610883270336_XKa1R6zt-300x200.jpg",300,200,true],"large":["https:\/\/arantv.az\/wp-content\/uploads\/2021\/02\/1610883270336_XKa1R6zt.jpg",640,426,false],"1536x1536":["https:\/\/arantv.az\/wp-content\/uploads\/2021\/02\/1610883270336_XKa1R6zt.jpg",750,499,false],"2048x2048":["https:\/\/arantv.az\/wp-content\/uploads\/2021\/02\/1610883270336_XKa1R6zt.jpg",750,499,false],"post-thumbnail":["https:\/\/arantv.az\/wp-content\/uploads\/2021\/02\/1610883270336_XKa1R6zt-240x172.jpg",240,172,true],"advps-thumb-one":["https:\/\/arantv.az\/wp-content\/uploads\/2021\/02\/1610883270336_XKa1R6zt.jpg",750,499,false]},"rttpg_author":{"display_name":"V\u00fcsal Rafiqo\u011flu","author_link":"https:\/\/arantv.az\/?author=2"},"rttpg_comment":0,"rttpg_category":"<a href=\"https:\/\/arantv.az\/?cat=26\" rel=\"category\">Sosial<\/a>","rttpg_excerpt":"Z\u0259f\u0259rimizin q\u0259hr\u0259manlar\u0131ndan biri olan \u0130slamov Qurban\u0259li M\u0259zahir o\u011flunun da \u018fm\u0259k v\u0259 \u018fhalinin Sosial M\u00fcdafi\u0259si Nazirliyi t\u0259r\u0259find\u0259n y\u00fcks\u0259k texnologiyal\u0131 protezl\u0259 t\u0259min edilm\u0259si \u00fc\u00e7\u00fcn i\u015fl\u0259r\u0259 ba\u015flan\u0131b. Nazirlikd\u0259n bildirilib ki, V\u0259t\u0259n m\u00fcharib\u0259sind\u0259 a\u011f\u0131r yaralanaraq sol aya\u011f\u0131n\u0131 itirmi\u015f M\u0259zahir yax\u0131n g\u00fcnl\u0259rd\u0259 h\u0259min protezl\u0259 t\u0259min olunacaq. Bu m\u0259qs\u0259dl\u0259 nazirliyin tabeliyind\u0259ki D\u00f6vl\u0259t Tibbi-Sosial Ekspertiza v\u0259 Reabilitasiya Agentliyinin Protez-Ortopedik \u0130stehsalat v\u0259 Reabilitasiya&hellip;","_links":{"self":[{"href":"https:\/\/arantv.az\/index.php?rest_route=\/wp\/v2\/posts\/285701"}],"collection":[{"href":"https:\/\/arantv.az\/index.php?rest_route=\/wp\/v2\/posts"}],"about":[{"href":"https:\/\/arantv.az\/index.php?rest_route=\/wp\/v2\/types\/post"}],"author":[{"embeddable":true,"href":"https:\/\/arantv.az\/index.php?rest_route=\/wp\/v2\/users\/2"}],"replies":[{"embeddable":true,"href":"https:\/\/arantv.az\/index.php?rest_route=%2Fwp%2Fv2%2Fcomments&post=285701"}],"version-history":[{"count":0,"href":"https:\/\/arantv.az\/index.php?rest_route=\/wp\/v2\/posts\/285701\/revisions"}],"wp:featuredmedia":[{"embeddable":true,"href":"https:\/\/arantv.az\/index.php?rest_route=\/wp\/v2\/media\/285703"}],"wp:attachment":[{"href":"https:\/\/arantv.az\/index.php?rest_route=%2Fwp%2Fv2%2Fmedia&parent=285701"}],"wp:term":[{"taxonomy":"category","embeddable":true,"href":"https:\/\/arantv.az\/index.php?rest_route=%2Fwp%2Fv2%2Fcategories&post=285701"},{"taxonomy":"post_tag","embeddable":true,"href":"https:\/\/arantv.az\/index.php?rest_route=%2Fwp%2Fv2%2Ftags&post=285701"}],"curies":[{"name":"wp","href":"https:\/\/api.w.org\/{rel}","templated":true}]}}