{"id":285706,"date":"2021-02-03T19:17:26","date_gmt":"2021-02-03T16:17:26","guid":{"rendered":"http:\/\/arantv.az\/?p=285706"},"modified":"2021-02-03T19:17:26","modified_gmt":"2021-02-03T16:17:26","slug":"erm%c9%99ni-fasizminin-m%c9%99hvi-xocali-soyqirimini-tor%c9%99d%c9%99nl%c9%99r%c9%99-layiqli-cavabdir","status":"publish","type":"post","link":"https:\/\/arantv.az\/?p=285706","title":{"rendered":"Erm\u0259ni fa\u015fizminin m\u0259hvi Xocal\u0131 soyq\u0131r\u0131m\u0131n\u0131 t\u00f6r\u0259d\u0259nl\u0259r\u0259 layiqli cavabd\u0131r"},"content":{"rendered":"<p><em>Prezident, Ali Ba\u015f Komandan \u0130lham \u018fliyev, q\u00fcdr\u0259tli Az\u0259rbaycan Ordusu erm\u0259nil\u0259rin onillikl\u0259r boyunca haz\u0131rlad\u0131qlar\u0131 da\u015fnak ideologiyas\u0131n\u0131 m\u0259hv etdil\u0259r<\/em><\/p>\n<p>\u00abBiz t\u0259kc\u0259 \u00f6z \u0259razi b\u00fct\u00f6vl\u00fcy\u00fcm\u00fcz\u00fc b\u0259rpa etm\u0259mi\u015fik, biz erm\u0259ni fa\u015fizmini m\u0259hv etmi\u015fik, erm\u0259ni v\u0259h\u015filiyini m\u0259hv etmi\u015fik. Biz b\u00f6lg\u0259mizi fa\u015fist ideologiyas\u0131ndan tam xilas etm\u0259s\u0259k d\u0259, onun b\u00f6y\u00fck hiss\u0259sini m\u0259hv etmi\u015fik. Buna g\u00f6r\u0259 bizim \u015fanl\u0131 Q\u0259l\u0259b\u0259miz b\u00f6lg\u0259 \u00fc\u00e7\u00fcn, d\u00fcnya \u00fc\u00e7\u00fcn \u00e7ox b\u00f6y\u00fck \u0259h\u0259miyy\u0259t da\u015f\u0131y\u0131r.\u00bb\u00a0 Prezident, Ali Ba\u015f Komandan \u0130lham \u018fliyev bu s\u00f6zl\u0259ri il\u0259 bildirir ki, \u00a044 g\u00fcn \u00a0davam ed\u0259n,\u00a0 xalq\u0131m\u0131za z\u0259f\u0259r qazand\u0131ran V\u0259t\u0259n m\u00fcharib\u0259si ill\u0259rd\u0259n b\u0259ri soyda\u015flar\u0131m\u0131za\u00a0 qar\u015f\u0131 q\u0259ddarl\u0131q, v\u0259h\u015filik g\u00f6st\u0259r\u0259n erm\u0259ni quldurlar\u0131n\u0131n t\u00f6r\u0259tdikl\u0259ri q\u0259tliamlara, soyq\u0131r\u0131mlara cavabd\u0131r.<\/p>\n<p>T\u00fcrk\u00e7\u00fcl\u00fcy\u0259 qar\u015f\u0131 nifr\u0259ti milli ideologiyalar\u0131n\u0131n \u0259sas prinsipi, etnik t\u0259mizl\u0259m\u0259 siyas\u0259ti kimi h\u0259yata ke\u00e7ir\u0259n, \u00f6t\u0259n \u0259srd\u0259 bir ne\u00e7\u0259 d\u0259f\u0259 Bak\u0131da, \u00f6lk\u0259mizin\u00a0 b\u00fct\u00fcn b\u00f6lg\u0259l\u0259rind\u0259\u00a0 t\u00f6r\u0259tdikl\u0259ri q\u0259tliamlar zaman\u0131 \u00f6ld\u00fcrd\u00fckl\u0259ri g\u00fcnahs\u0131z insanlar\u0131n faci\u0259sind\u0259n \u00fcr\u0259kl\u0259ri soyumayan \u00a0erm\u0259nil\u0259r Da\u011fl\u0131q Qaraba\u011f m\u00fcnaqi\u015f\u0259sini ba\u015flamaqla qana h\u0259rislik x\u00fcsusiyy\u0259tl\u0259rini davam etdirdil\u0259r. 1992-ci ilin 25-26 fevral\u0131nda erm\u0259ni quldur d\u0259st\u0259l\u0259rinin\u00a0 ke\u00e7mi\u015f SSR\u0130-nin 366-c\u0131 motoat\u0131c\u0131 alay\u0131 il\u0259 birlikd\u0259 Xocal\u0131da\u00a0 t\u00f6r\u0259tdiyi soyq\u0131r\u0131m\u0131\u00a0 erm\u0259ni v\u0259h\u015filiyinin tarixd\u0259 g\u00f6r\u00fcnm\u0259mi\u015f q\u0259ddarl\u0131\u011f\u0131 idi. H\u0259min g\u00fcn \u00a0erm\u0259nil\u0259r imperiya\u00a0 ordusunun t\u0259rkibind\u0259\u00a0 dinc sakinl\u0259r\u0259 qar\u015f\u0131 a\u011flas\u0131\u011fmaz v\u0259h\u015filikl\u0259r t\u00f6r\u0259tdil\u0259r.<\/p>\n<p>\u00abBizim onlara m\u00fcnasib\u0259timiz \u00e7ox m\u00fcsb\u0259t idi. Onlar da \u00f6zl\u0259rini burada c\u0259miyy\u0259tin normal \u00fczvl\u0259ri kimi apar\u0131rd\u0131lar. He\u00e7 bir \u0259dav\u0259td\u0259n, d\u00fc\u015fm\u0259n\u00e7ilikd\u0259n s\u00f6hb\u0259t ged\u0259 bilmirdi. B\u0259s nec\u0259 oldu ki, 1992-93-c\u00fc ill\u0259rd\u0259 onlar biz\u0259 qar\u015f\u0131 bu q\u0259d\u0259r q\u0259ddarl\u0131q g\u00f6st\u0259rdil\u0259r? Xocal\u0131 soyq\u0131r\u0131m\u0131, g\u00fcnahs\u0131z insanlar\u0131n \u00f6ld\u00fcr\u00fclm\u0259si il\u0259 n\u0259tic\u0259l\u0259n\u0259n onlar\u0131n dig\u0259r h\u0259rbi \u0259m\u0259liyyatlar\u0131, dinc \u0259haliy\u0259 qar\u015f\u0131 bu q\u0259d\u0259r q\u0259ddarl\u0131q. Dem\u0259li, bunlar\u0131n \u00fcr\u0259yind\u0259 bu d\u00fc\u015fm\u0259n\u00e7ilik toxumlar\u0131 h\u0259mi\u015f\u0259 var idi. \u0130ndi bu g\u00fcn Az\u0259rbaycan onlar\u0131n belini q\u0131r\u0131b, onlar\u0131n ba\u015f\u0131n\u0131 \u0259zib, onlar\u0131n ordusunu m\u0259hv edib, onlar\u0131n ideologiyas\u0131n\u0131 m\u0259hv edib, ill\u0259r boyunca, onillikl\u0259r boyunca onlar\u0131n yeti\u015fdirdikl\u0259ri ideoloji \u0259saslar\u0131 m\u0259hv edib\u00bb s\u00f6yl\u0259y\u0259n Prezident \u0130lham \u018fliyev bir zamanlar qonaqp\u0259rv\u0259r az\u0259rbaycanl\u0131lar\u0131n\u00a0 erm\u0259nil\u0259r\u0259 g\u00f6st\u0259rdikl\u0259ri\u00a0 insanl\u0131\u011f\u0131n \u0259v\u0259zin\u0259\u00a0 t\u00f6r\u0259dil\u0259n soyq\u0131r\u0131m\u0131 nankorluq adland\u0131r\u0131r. \u00a0\u00abHesab edir\u0259m ki, m\u00fcasir d\u00fcnya ikinci bel\u0259 v\u0259h\u015filik g\u00f6rm\u0259mi\u015fdir. \u018fliyal\u0131n insanlar\u0131 yand\u0131r\u0131blar, \u00f6ld\u00fcr\u00fcbl\u0259r, u\u015faqlar\u0131 yand\u0131r\u0131blar. B\u00fct\u00fcn binalar\u0131, m\u0259scidl\u0259rimizi da\u011f\u0131d\u0131blar. Erm\u0259ni fa\u015fizmi \u0259n q\u0259ddar, \u0259n t\u0259hl\u00fck\u0259li, \u0259n m\u0259nfur, \u0259n \u00e7irkin ideologiyad\u0131r v\u0259 biz bu ideologiyan\u0131 m\u0259hv etdik. Hesab edir\u0259m ki, ill\u0259r ke\u00e7dikc\u0259 bizim bu tarixi xidm\u0259tl\u0259r d\u00fcnya t\u0259r\u0259find\u0259n daha da dol\u011fun \u015f\u0259kild\u0259 d\u0259rk edil\u0259c\u0259k\u00bb s\u00f6zl\u0259ri il\u0259 erm\u0259ni mill\u0259tinin ideologiyas\u0131n\u0131n\u00a0 \u0259sas\u0131n\u0131 t\u0259\u015fkil ed\u0259n insanlara qar\u015f\u0131 nifr\u0259ti vandalizmadland\u0131ran Prezident \u0130lham \u018fliyev \u00a0\u00a0Erm\u0259nistan\u0131n bir d\u00f6vl\u0259t kimi g\u0259l\u0259c\u0259yinin b\u00f6y\u00fck \u015f\u00fcbh\u0259 alt\u0131nda olaca\u011f\u0131n\u0131 \u00a0bildirir.<br \/>\nXat\u0131n, Holokost, Sonqmi, Lidit\u015fe, Babi Yar, Ruanda v\u0259 Serebrenitsa kimi soyq\u0131r\u0131mlar\u0131\u00a0 b\u0259\u015f\u0259riyy\u0259t\u0259 qar\u015f\u0131 cinay\u0259tl\u0259r s\u0131ras\u0131nda yer al\u0131r. \u00a0\u0130nsanlar\u0131n k\u00fctl\u0259vi\u00a0 q\u0259tli il\u0259 tarixd\u0259 ba\u015f ver\u0259n soyq\u0131r\u0131mlar \u00e7ox olsa da , Xocal\u0131 faci\u0259si d\u0259h\u015f\u0259tl\u0259ri il\u0259\u00a0 se\u00e7ilir. \u00a0Erm\u0259nil\u0259r Hitler fa\u015fizmind\u0259n d\u0259 q\u0259ddar olduqlar\u0131n\u0131 \u00a0Xocal\u0131 q\u0259tliam\u0131 il\u0259 s\u00fcbut etdil\u0259r. \u00a0Da\u011fl\u0131q Qaraba\u011f\u0131n Erm\u0259nistana birl\u0259\u015fdirilm\u0259si kimi \u00a0m\u0259nfur planar\u0131na ba\u015flamazdan \u0259vv\u0259l, 1988-ci ild\u0259\u00a0\u00a0 Q\u0259rbi Az\u0259rbaycanda- Vardenisd\u0259, Quqarkda, Qacaranda, Qafanda, Gorusda,\u00a0 Alaverdid\u0259 \u00a0qanl\u0131 aksiyalar t\u00f6r\u0259d\u0259r\u0259k \u00a0\u00a0250 mind\u0259n art\u0131q soyda\u015flar\u0131m\u0131z\u0131 do\u011fma torpaqlar\u0131 olan Q\u0259rbi Az\u0259rbaycandan son n\u0259f\u0259rin\u0259 q\u0259d\u0259r \u00e7\u0131xaran, y\u00fczl\u0259rl\u0259 soyda\u015f\u0131m\u0131z\u0131 q\u0259tl\u0259 yetir\u0259n erm\u0259ni c\u0259lladlar\u0131n\u0131n h\u0259yata ke\u00e7irdikl\u0259ri deportasiyalar\u0131\u00a0 planla\u015fd\u0131rd\u0131qlar\u0131\u00a0 soyq\u0131r\u0131mlar\u0131n ilk qanl\u0131 faci\u0259l\u0259ri idi. Tarixi h\u0259qiq\u0259tl\u0259rd\u0259n d\u0259 ayd\u0131n olur ki, etnik t\u0259mizl\u0259m\u0259, deportasiya , insanl\u0131\u011fa qar\u015f\u0131 b\u0259\u015f\u0259ri\u00a0 cinay\u0259t, qorxulu kabus olan soyq\u0131r\u0131mlar\u0131n, k\u00fctl\u0259vi insan \u00f6l\u00fcm\u00fc il\u0259 n\u0259tic\u0259l\u0259n\u0259n terrorlar\u0131n m\u00fc\u0259llifl\u0259rind\u0259n olan da\u015fnak ideoloqlar\u0131n\u0131n haz\u0131rlad\u0131qlar\u0131 b\u00fct\u00fcn planlar\u0131n \u0259sas\u0131nda\u00a0 qan izl\u0259ri, \u00f6l\u00fcm qorxusu dayan\u0131r.<\/p>\n<p>XX \u0259srin \u0259n qanl\u0131 faci\u0259si hesab edil\u0259n Xocal\u0131 faci\u0259sini \u00abSumqay\u0131t hadis\u0259l\u0259rin\u0259\u00a0 cavab\u00bb adland\u0131ran erm\u0259nil\u0259r \u00a0t\u0259cav\u00fczkarl\u0131q siyas\u0259tl\u0259rini, \u00a0\u00a0ill\u0259rd\u0259n b\u0259ri\u00a0 haz\u0131rlad\u0131qlar\u0131 planlar\u0131n\u0131 qan t\u00f6km\u0259kl\u0259\u00a0 h\u0259yata ke\u00e7irdil\u0259r.<\/p>\n<p>\u00abM\u0259n \u0259min\u0259m ki, g\u00fcn g\u0259l\u0259c\u0259k Xocal\u0131 faci\u0259sini t\u00f6r\u0259d\u0259n, dinc \u0259haliy\u0259 qar\u015f\u0131 q\u0259ddarl\u0131q g\u00f6st\u0259r\u0259n, dinc \u0259halini m\u0259hv ed\u0259n erm\u0259ni cinay\u0259tkarlar\u0131 m\u0259hk\u0259m\u0259 qar\u015f\u0131s\u0131nda cavab ver\u0259c\u0259kl\u0259r\u00bb, \u00abN\u0259 \u00fc\u00e7\u00fcn Erm\u0259nistan\u0131n indiki r\u0259hb\u0259rl\u0259rin\u0259 qar\u015f\u0131- hans\u0131lar ki,\u00a0 bilavasit\u0259 Xocal\u0131 soyq\u0131r\u0131m\u0131nda i\u015ftirak etmi\u015fl\u0259r, \u0259ll\u0259ri Az\u0259rbaycan\u00a0 xalq\u0131n\u0131n qan\u0131na batm\u0131\u015fd\u0131r,- beyn\u0259lxalq tribunal t\u0259\u015fkil olunmur, n\u0259 \u00fc\u00e7\u00fcn onlar q\u0131naq obyektin\u0259 \u00e7evrilmirl\u0259r\u00bb s\u00f6yl\u0259y\u0259n Prezident \u0130lham \u018fliyevin xalq\u0131n irad\u0259sini \u0259ks etdir\u0259n bu\u00a0 s\u00f6zl\u0259rini zaman \u00f6z h\u00f6km\u00fc il\u0259\u00a0 t\u0259sdiql\u0259di. \u0130kinci Qaraba\u011f sava\u015f\u0131nda\u00a0 Erm\u0259nistana \u00f6ld\u00fcr\u00fcc\u00fc z\u0259rb\u0259 vuran Az\u0259rbaycan Ordusu t\u0259kc\u0259 Xocal\u0131da q\u0259tl\u0259 yetiril\u0259nl\u0259rin deyil, erm\u0259ni v\u0259h\u015filiyinin qurban\u0131 olan b\u00fct\u00fcn soyda\u015flar\u0131m\u0131z\u0131n intiqam\u0131n\u0131 ald\u0131. U\u015faqlar\u0131n\u0131 k\u00f6rp\u0259likd\u0259n t\u00fcrk\u0259 qar\u015f\u0131 nifr\u0259t ruhunda t\u0259rbiy\u0259 ed\u0259n erm\u0259nil\u0259rin \u00a0Xocal\u0131dak\u0131\u00a0\u00a0 q\u0259tliamlar\u0131 ruhunun qidas\u0131 adland\u0131ran Zori Balayan kimi b\u00fct\u00fcn da\u015fnak\u00a0 ideoloqlar\u0131 \u00a0b\u0259\u015f\u0259r tarixind\u0259 t\u0259krar\u0131 olmayan v\u0259h\u015filikd\u0259n z\u00f6vq alan qani\u00e7\u0259nl\u0259rdirl\u0259r.<\/p>\n<p>Xocal\u0131 soyq\u0131r\u0131m\u0131n\u0131n d\u00f6z\u00fclm\u0259z m\u0259nz\u0259r\u0259sind\u0259n, erm\u0259ni q\u0259ddarl\u0131\u011f\u0131ndan\u00a0 heyr\u0259t\u0259 g\u0259l\u0259n xarici jurnalistl\u0259r qad\u0131nlar\u0131n, u\u015faqlar\u0131n, qocalar\u0131n eyb\u0259c\u0259r hala sal\u0131nm\u0131\u015f c\u0259s\u0259dl\u0259rind\u0259n d\u0259h\u015f\u0259t\u0259 g\u0259ldikl\u0259rini yaz\u0131rd\u0131lar.<\/p>\n<p>Meyitl\u0259rin yand\u0131r\u0131lmas\u0131 il\u0259 m\u0259\u015f\u011ful olan\u00a0 \u00abQaflan\u00bb erm\u0259ni qrupunun Xocal\u0131n\u0131n bir kilometrliyind\u0259 yerl\u0259\u015f\u0259n \u0259razid\u0259\u00a0 k\u00f6rp\u0259l\u0259ri diri-diri yand\u0131rd\u0131\u011f\u0131n\u0131 m\u00fc\u015fahid\u0259 ed\u0259n xarici\u00a0 jurnalistl\u0259r meyitl\u0259rd\u0259n d\u00fcz\u0259ldil\u0259n k\u00f6rp\u00fcd\u0259n ke\u00e7dikl\u0259rini \u00fcr\u0259k a\u011fr\u0131s\u0131 il\u0259 q\u0259l\u0259m\u0259 ald\u0131qlar\u0131n\u0131 bildirirdil\u0259r.\u00a0 Xocal\u0131da bir gec\u0259d\u0259\u00a0 63-\u00fc u\u015faq, 106-s\u0131 qad\u0131n v\u0259 70-i ya\u015fl\u0131 insan olmaqla 613 az\u0259rbaycanl\u0131n\u0131n q\u0259tl\u0259 yetirilm\u0259si, 1275 sakinin \u0259sir d\u00fc\u015fm\u0259si 26 u\u015fa\u011f\u0131n h\u0259r iki valideynind\u0259n, 130 k\u00f6rp\u0259nin is\u0259\u00a0 bir valideynind\u0259n m\u0259hrum olmas\u0131 g\u00f6r\u00fcnm\u0259mi\u015f, ancaq erm\u0259nil\u0259r\u0259 m\u0259xsus cinay\u0259t idi. U\u015faqlar\u0131 bel\u0259 q\u0259tl\u0259 yetir\u0259n erm\u0259nil\u0259r sonrak\u0131 ill\u0259rd\u0259 d\u0259 bu\u00a0 \u0259m\u0259ll\u0259rini davam etdirdil\u0259r.\u00a0 S\u0259d\u0259r\u0259k k\u0259nd sakinl\u0259ri Malik v\u0259 Elvin qarda\u015flar\u0131n\u0131,\u00a0 F\u00fczuli rayonu, Alxanl\u0131 k\u0259nd sakini, 2 ya\u015fl\u0131 Z\u0259hran\u0131\u00a0 v\u0259 n\u0259n\u0259sini, Tovuz\u00a0 rayon sakini\u00a0 13 ya\u015fl\u0131\u00a0 Ayg\u00fcn \u015eahmal\u0131yevan\u0131, 9 ya\u015fl\u0131 A\u011fdam rayon sakini Fariz B\u0259d\u0259lovu q\u0259tl\u0259 yetir\u0259n erm\u0259nil\u0259r Q\u0259rbi Az\u0259rbaycanda\u00a0 10-13 ya\u015fl\u0131\u00a0 u\u015faqlar\u0131 d\u0259mir boruya doldurub, \u0259traf\u0131na\u00a0 mazut t\u00f6k\u00fcb yand\u0131rm\u0131\u015f, onlar\u0131 \u0259zabla\u00a0 \u00f6ld\u00fcrm\u00fc\u015fl\u0259r.<\/p>\n<p>O zaman bu v\u0259h\u015filikl\u0259ri g\u00f6rm\u0259k ist\u0259m\u0259y\u0259n beyn\u0259lxalq ictimaiyy\u0259t, erm\u0259ni havadarlar\u0131 Xocal\u0131 soyq\u0131r\u0131m\u0131n\u0131 s\u00fckutla qar\u015f\u0131lad\u0131lar. Yaln\u0131z 1994-c\u00fc ild\u0259 \u00fcmummilli lider Heyd\u0259r \u018fliyevin r\u0259hb\u0259rliyi il\u0259\u00a0 Milli M\u0259clisin sessiyas\u0131nda\u00a0 Xocal\u0131 faci\u0259si\u00a0 soyq\u0131r\u0131m\u0131\u00a0 kimi tan\u0131nd\u0131. Xocal\u0131 soyq\u0131r\u0131m\u0131n\u0131n d\u00fcnyada tan\u0131d\u0131lmas\u0131 istiqam\u0259tind\u0259 davaml\u0131\u00a0 t\u0259bli\u011fat aparan Heyd\u0259r \u018fliyev Fondunun t\u0259\u015f\u0259bb\u00fcs\u00fc il\u0259 q\u0259tliam bu g\u00fcn d\u0259 d\u00fcnya ictimaiyy\u0259tin\u0259 \u00e7atd\u0131r\u0131l\u0131r. 57 \u00f6lk\u0259nin\u00a0 g\u0259ncl\u0259r t\u0259\u015fkilatlar\u0131n\u0131 birl\u0259\u015fdir\u0259n \u0130\u018fT-nin G\u0259ncl\u0259r Forumu \u0130dar\u0259 Hey\u0259tinin sessiyas\u0131nda qurumun m\u0259d\u0259niyy\u0259tl\u0259raras\u0131 v\u0259\u00a0 sivilizasiyalararas\u0131 dialoq m\u0259s\u0259l\u0259l\u0259ri \u00fczr\u0259\u00a0 Ba\u015f \u0259laq\u0259l\u0259ndiricisi, Heyd\u0259r \u018fliyev Fondunun vitse-prezidenti,\u00a0 Leyla \u018fliyevan\u0131n t\u0259\u015f\u0259bb\u00fcs\u00fc il\u0259 ba\u015flanm\u0131\u015f, b\u00fct\u00fcn d\u00fcnya birliyi t\u0259r\u0259find\u0259n d\u0259st\u0259kl\u0259n\u0259n\u00a0 \u00abQaraba\u011fa azadl\u0131q, Xocal\u0131ya\u00a0 \u0259dal\u0259t!\u00bb beyn\u0259lxalq\u00a0 kampaniyas\u0131na qo\u015fulanlar\u0131n say\u0131 art\u0131r. \u00a0Paraqvay parlamentinin sayt\u0131nda yerl\u0259\u015fdiril\u0259n b\u0259yanatda Xocal\u0131 q\u0259tliam\u0131 XX \u0259srd\u0259 t\u00f6r\u0259dil\u0259n \u0259n qanl\u0131\u00a0 faci\u0259, erm\u0259ni v\u0259h\u015filiyinin\u00a0 n\u00fcmun\u0259si adland\u0131r\u0131ld\u0131.\u00a0 Pakistan, Kolumbiya, Meksika Xocal\u0131 soyq\u0131r\u0131m\u0131n\u0131\u00a0 r\u0259sm\u0259n tan\u0131y\u0131r. AB\u015e-\u0131n 15 \u015ftat\u0131nda, Cexiya, Rum\u0131niya\u00a0 paramentl\u0259rind\u0259\u00a0 faci\u0259 il\u0259 ba\u011fl\u0131 q\u0259rarlar q\u0259bul olunub, T\u00fcrkiy\u0259 B\u00f6y\u00fck Mill\u0259t M\u0259clisind\u0259\u00a0 dinl\u0259m\u0259l\u0259r ke\u00e7irilib. \u0130slam \u018fm\u0259kda\u015fl\u0131q T\u0259\u015fkilat\u0131 Xocal\u0131 soyq\u0131r\u0131m\u0131 il\u0259 ba\u011fl\u0131 q\u0259tnam\u0259 q\u0259bul edib. Avropa \u015euras\u0131, AT\u018fT, BMT s\u0259viyy\u0259sind\u0259 Xocal\u0131 faci\u0259si il\u0259 ba\u011fl\u0131\u00a0 s\u0259n\u0259dl\u0259r yay\u0131l\u0131b.<\/p>\n<p>Xocal\u0131 faci\u0259si \u00abBeyn\u0259lxalq M\u00fcharib\u0259 Qurbanlar\u0131 Memorial\u0131\u00bbna daxil \u00a0edilib. Xocal\u0131 faci\u0259sinin 20-ci ild\u00f6n\u00fcm\u00fcnd\u0259 \u00a0\u0130stanbulun Taksim meydan\u0131nda Xocal\u0131 soyq\u0131r\u0131m\u0131\u00a0 qurbanlar\u0131n\u0131n\u00a0 xatir\u0259sin\u0259 h\u0259sr olunmu\u015f aksiyalarda\u00a0 1 milyondan art\u0131q\u00a0 insan i\u015ftirak edib.<\/p>\n<p>Xocal\u0131 soyq\u0131r\u0131m\u0131n\u0131 tan\u0131yanlar\u0131n say\u0131n\u0131n artmas\u0131 Prezident \u0130lham \u018fliyevin\u00a0 \u00abM\u0259n \u0259min\u0259m ki, g\u00fcn g\u0259l\u0259c\u0259k Xocal\u0131 faci\u0259sini t\u00f6r\u0259d\u0259n, dinc \u0259haliy\u0259 qar\u015f\u0131 q\u0259ddarl\u0131q g\u00f6st\u0259r\u0259n, dinc \u0259halini m\u0259hv ed\u0259n erm\u0259ni cinay\u0259tkarlar\u0131 m\u0259hk\u0259m\u0259 qar\u015f\u0131s\u0131nda cavab ver\u0259c\u0259kl\u0259r\u00bb s\u00f6z\u00fcn\u00fcn realla\u015fd\u0131\u011f\u0131n\u0131 g\u00f6st\u0259rir.\u00a0 44 g\u00fcn davam ed\u0259n m\u00fcharib\u0259d\u0259 d\u00fc\u015fm\u0259n\u0259 a\u011f\u0131r z\u0259rb\u0259 vuran Az\u0259rbaycan Ordusunun C\u0259bray\u0131l\u0131, F\u00fczulini, A\u011fdam\u0131, K\u0259lb\u0259c\u0259ri,\u00a0 La\u00e7\u0131n\u0131, Qubadl\u0131n\u0131, Z\u0259ngilan\u0131, Hadrutu, \u015eu\u015fan\u0131\u2026 i\u015f\u011faldan azad etm\u0259si Xocal\u0131 qurbanlar\u0131n\u0131n xatir\u0259sin\u0259 h\u00f6rm\u0259tdir. Xocal\u0131 soyq\u0131r\u0131m\u0131nda \u0259li oldu\u011funu etiraf ed\u0259n Erm\u0259nistan\u0131n sabiq prezidenti Serj Sarkisyan\u0131n \u00abXocal\u0131ya q\u0259d\u0259r Az\u0259rbaycan t\u0259r\u0259fi el\u0259 bilirdi ki, biziml\u0259 zarafat etm\u0259k olar. Onlar d\u00fc\u015f\u00fcn\u00fcrd\u00fcl\u0259r ki,\u00a0 erm\u0259nil\u0259r m\u00fclki \u0259haliy\u0259 \u0259l qald\u0131racaq insanlar deyil. Biz bu anlay\u0131\u015fa ( stereotip\u0259) son qoyduq\u00bb\u00a0 s\u00f6zl\u0259rin\u0259, biab\u0131r\u00e7\u0131 kapitulyasiyadan d\u0259rs\u00a0 almayan, ba\u015fqa x\u0259yallara d\u00fc\u015f\u0259n erm\u0259nil\u0259r\u0259\u00a0 qalib ordunun Ali Ba\u015f Komandan\u0131\u00a0\u00a0 \u0130lham \u018fliyevin \u00abBu d\u0259mir yumruq onlar\u0131n belini q\u0131rd\u0131, onlar\u0131n ba\u015f\u0131n\u0131 \u0259zdi. \u018fg\u0259r biz\u0259 qar\u015f\u0131 h\u0259r hans\u0131 bir t\u0259xribat t\u00f6r\u0259dil\u0259rs\u0259, cavab\u0131m\u0131z \u00e7ox s\u0259rt olacaq, \u00e7ox pe\u015fman olacaqlar v\u0259 yen\u0259 d\u0259 ac\u0131 m\u0259\u011flubiyy\u0259tl\u0259 \u00fczl\u0259\u015f\u0259c\u0259kl\u0259r. He\u00e7 kim bizim qaba\u011f\u0131m\u0131zda dura bilm\u0259z. Bundan sonra h\u0259mi\u015f\u0259 bel\u0259 olacaq\u00bb x\u0259b\u0259rdarl\u0131\u011f\u0131 da \u00a0\u00a0\u00a0zarafat deyil, qalib\u0259 xas q\u0259tiyy\u0259tin ifad\u0259sidir. Erm\u0259nistan\u0131n \u0259ll\u0259ri az\u0259rbaycanl\u0131lar\u0131n qan\u0131na bula\u015fm\u0131\u015f\u00a0 sabiq v\u0259 indiki r\u0259hb\u0259rl\u0259ri\u00a0 Prezident \u0130lham \u018fliyevin bu s\u00f6zl\u0259rind\u0259n d\u0259 n\u0259tic\u0259 \u00e7\u0131xars\u0131nlar: \u00a0\u00abBiz buraya qalib kimi g\u0259lmi\u015fik, bayra\u011f\u0131 da qald\u0131rm\u0131\u015f\u0131q, azad edilmi\u015f b\u00fct\u00fcn torpaqlarda Az\u0259rbaycan bayra\u011f\u0131 dal\u011falan\u0131r. D\u00f6y\u00fc\u015f\u0259-d\u00f6y\u00fc\u015f\u0259 g\u0259lmi\u015fik. He\u00e7 kim bu torpaqlar\u0131 biz\u0259 el\u0259-bel\u0259 verm\u0259yib. He\u00e7 bir dan\u0131\u015f\u0131qlar he\u00e7 bir \u0259h\u0259miyy\u0259t\u0259 malik deyildi. Biz g\u00f6rd\u00fck ki, ancaq \u00f6z g\u00fcc\u00fcm\u00fczl\u0259 \u00f6z torpaqlar\u0131m\u0131z\u0131 azad etm\u0259liyik v\u0259 bunu etdik. B\u00fct\u00fcn d\u00fcnyaya g\u00fcc\u00fcm\u00fcz\u00fc s\u00fcbut etdik, g\u00f6st\u0259rdik, d\u00fc\u015fm\u0259nin ba\u015f\u0131n\u0131 \u0259zdik. D\u00fc\u015fm\u0259ni m\u0259cbur etdik ki, qaba\u011f\u0131m\u0131zda diz \u00e7\u00f6ks\u00fcn, kapitulyasiya akt\u0131na imza ats\u0131n. Bel\u0259 d\u0259 oldu v\u0259 al\u00e7ald\u0131c\u0131 kapitulyasiya akt\u0131 tarixd\u0259 \u0259b\u0259di qalacaq.\u00bb<\/p>\n","protected":false},"excerpt":{"rendered":"<p>Prezident, Ali Ba\u015f Komandan \u0130lham \u018fliyev, q\u00fcdr\u0259tli Az\u0259rbaycan Ordusu erm\u0259nil\u0259rin onillikl\u0259r boyunca haz\u0131rlad\u0131qlar\u0131 da\u015fnak ideologiyas\u0131n\u0131 m\u0259hv etdil\u0259r \u00abBiz t\u0259kc\u0259 \u00f6z \u0259razi b\u00fct\u00f6vl\u00fcy\u00fcm\u00fcz\u00fc b\u0259rpa etm\u0259mi\u015fik, biz erm\u0259ni fa\u015fizmini m\u0259hv etmi\u015fik, erm\u0259ni v\u0259h\u015filiyini m\u0259hv etmi\u015fik. Biz b\u00f6lg\u0259mizi fa\u015fist ideologiyas\u0131ndan tam xilas etm\u0259s\u0259k d\u0259, onun b\u00f6y\u00fck hiss\u0259sini m\u0259hv etmi\u015fik. Buna g\u00f6r\u0259 bizim \u015fanl\u0131 Q\u0259l\u0259b\u0259miz b\u00f6lg\u0259 \u00fc\u00e7\u00fcn, d\u00fcnya \u00fc\u00e7\u00fcn \u00e7ox b\u00f6y\u00fck \u0259h\u0259miyy\u0259t da\u015f\u0131y\u0131r.\u00bb\u00a0 Prezident, Ali Ba\u015f Komandan \u0130lham \u018fliyev bu s\u00f6zl\u0259ri il\u0259 bildirir ki, \u00a044 g\u00fcn \u00a0davam ed\u0259n,\u00a0 xalq\u0131m\u0131za z\u0259f\u0259r qazand\u0131ran V\u0259t\u0259n m\u00fcharib\u0259si ill\u0259rd\u0259n b\u0259ri soyda\u015flar\u0131m\u0131za\u00a0 qar\u015f\u0131 q\u0259ddarl\u0131q, v\u0259h\u015filik g\u00f6st\u0259r\u0259n erm\u0259ni quldurlar\u0131n\u0131n t\u00f6r\u0259tdikl\u0259ri q\u0259tliamlara,&hellip;<\/p>\n","protected":false},"author":2,"featured_media":285707,"comment_status":"closed","ping_status":"closed","sticky":false,"template":"","format":"standard","meta":{"om_disable_all_campaigns":false,"_monsterinsights_skip_tracking":false,"_monsterinsights_sitenote_active":false,"_monsterinsights_sitenote_note":"","_monsterinsights_sitenote_category":0},"categories":[19],"tags":[],"aioseo_notices":[],"gutentor_comment":0,"rttpg_featured_image_url":{"full":["https:\/\/arantv.az\/wp-content\/uploads\/2021\/02\/35d169d11b1b36675b3e3387021f54a6_24251_98.jpg",975,540,false],"landscape":["https:\/\/arantv.az\/wp-content\/uploads\/2021\/02\/35d169d11b1b36675b3e3387021f54a6_24251_98.jpg",975,540,false],"portraits":["https:\/\/arantv.az\/wp-content\/uploads\/2021\/02\/35d169d11b1b36675b3e3387021f54a6_24251_98.jpg",975,540,false],"thumbnail":["https:\/\/arantv.az\/wp-content\/uploads\/2021\/02\/35d169d11b1b36675b3e3387021f54a6_24251_98-150x150.jpg",150,150,true],"medium":["https:\/\/arantv.az\/wp-content\/uploads\/2021\/02\/35d169d11b1b36675b3e3387021f54a6_24251_98-300x166.jpg",300,166,true],"large":["https:\/\/arantv.az\/wp-content\/uploads\/2021\/02\/35d169d11b1b36675b3e3387021f54a6_24251_98.jpg",640,354,false],"1536x1536":["https:\/\/arantv.az\/wp-content\/uploads\/2021\/02\/35d169d11b1b36675b3e3387021f54a6_24251_98.jpg",975,540,false],"2048x2048":["https:\/\/arantv.az\/wp-content\/uploads\/2021\/02\/35d169d11b1b36675b3e3387021f54a6_24251_98.jpg",975,540,false],"post-thumbnail":["https:\/\/arantv.az\/wp-content\/uploads\/2021\/02\/35d169d11b1b36675b3e3387021f54a6_24251_98-240x172.jpg",240,172,true],"advps-thumb-one":["https:\/\/arantv.az\/wp-content\/uploads\/2021\/02\/35d169d11b1b36675b3e3387021f54a6_24251_98.jpg",975,540,false]},"rttpg_author":{"display_name":"V\u00fcsal Rafiqo\u011flu","author_link":"https:\/\/arantv.az\/?author=2"},"rttpg_comment":0,"rttpg_category":"<a href=\"https:\/\/arantv.az\/?cat=19\" rel=\"category\">G\u00fcnd\u0259m<\/a>","rttpg_excerpt":"Prezident, Ali Ba\u015f Komandan \u0130lham \u018fliyev, q\u00fcdr\u0259tli Az\u0259rbaycan Ordusu erm\u0259nil\u0259rin onillikl\u0259r boyunca haz\u0131rlad\u0131qlar\u0131 da\u015fnak ideologiyas\u0131n\u0131 m\u0259hv etdil\u0259r \u00abBiz t\u0259kc\u0259 \u00f6z \u0259razi b\u00fct\u00f6vl\u00fcy\u00fcm\u00fcz\u00fc b\u0259rpa etm\u0259mi\u015fik, biz erm\u0259ni fa\u015fizmini m\u0259hv etmi\u015fik, erm\u0259ni v\u0259h\u015filiyini m\u0259hv etmi\u015fik. Biz b\u00f6lg\u0259mizi fa\u015fist ideologiyas\u0131ndan tam xilas etm\u0259s\u0259k d\u0259, onun b\u00f6y\u00fck hiss\u0259sini m\u0259hv etmi\u015fik. Buna g\u00f6r\u0259 bizim \u015fanl\u0131 Q\u0259l\u0259b\u0259miz b\u00f6lg\u0259 \u00fc\u00e7\u00fcn, d\u00fcnya \u00fc\u00e7\u00fcn&hellip;","_links":{"self":[{"href":"https:\/\/arantv.az\/index.php?rest_route=\/wp\/v2\/posts\/285706"}],"collection":[{"href":"https:\/\/arantv.az\/index.php?rest_route=\/wp\/v2\/posts"}],"about":[{"href":"https:\/\/arantv.az\/index.php?rest_route=\/wp\/v2\/types\/post"}],"author":[{"embeddable":true,"href":"https:\/\/arantv.az\/index.php?rest_route=\/wp\/v2\/users\/2"}],"replies":[{"embeddable":true,"href":"https:\/\/arantv.az\/index.php?rest_route=%2Fwp%2Fv2%2Fcomments&post=285706"}],"version-history":[{"count":0,"href":"https:\/\/arantv.az\/index.php?rest_route=\/wp\/v2\/posts\/285706\/revisions"}],"wp:featuredmedia":[{"embeddable":true,"href":"https:\/\/arantv.az\/index.php?rest_route=\/wp\/v2\/media\/285707"}],"wp:attachment":[{"href":"https:\/\/arantv.az\/index.php?rest_route=%2Fwp%2Fv2%2Fmedia&parent=285706"}],"wp:term":[{"taxonomy":"category","embeddable":true,"href":"https:\/\/arantv.az\/index.php?rest_route=%2Fwp%2Fv2%2Fcategories&post=285706"},{"taxonomy":"post_tag","embeddable":true,"href":"https:\/\/arantv.az\/index.php?rest_route=%2Fwp%2Fv2%2Ftags&post=285706"}],"curies":[{"name":"wp","href":"https:\/\/api.w.org\/{rel}","templated":true}]}}