{"id":285714,"date":"2021-02-03T19:21:25","date_gmt":"2021-02-03T16:21:25","guid":{"rendered":"http:\/\/arantv.az\/?p=285714"},"modified":"2021-02-03T19:21:25","modified_gmt":"2021-02-03T16:21:25","slug":"az%c9%99rbaycanda-korp%c9%99l%c9%99r%c9%99-daha-cox-onun-adi-verilir-foto","status":"publish","type":"post","link":"https:\/\/arantv.az\/?p=285714","title":{"rendered":"Az\u0259rbaycanda k\u00f6rp\u0259l\u0259r\u0259 daha \u00e7ox onun ad\u0131 verilir &#8211; FOTO"},"content":{"rendered":"<p>Yanvar ay\u0131nda do\u011fumu qeyd\u0259 al\u0131nm\u0131\u015f 12 u\u015fa\u011fa Polad ad\u0131 verilib.<\/p>\n<p><strong>ARANTV.AZ<\/strong> &#8220;Report&#8221;a istinad\u0259n\u00a0<a title=\"xeberler son xeberler 2021\" href=\"https:\/\/big.az\/\" target=\"_blank\" rel=\"noopener\">x\u0259b\u0259r<\/a>\u00a0verir ki, u\u015faqlara bu ad\u0131n verilm\u0259si 2020-ci ild\u0259 v\u0259 bu ilin ilk ay\u0131nda \u0259vv\u0259lki ill\u0259rl\u0259 m\u00fcqayis\u0259d\u0259 k\u0259skin art\u0131b.<\/p>\n<div id=\"AdviadNativeVideo0\" class=\"AdviadNativeVideo\"><\/div>\n<p>Bu ad \u0259n \u00e7ox 2020-ci il \u0259rzind\u0259 m\u0259\u015fhurla\u015f\u0131b. Bel\u0259 ki, \u00f6t\u0259n il Polad ad\u0131 193 u\u015fa\u011fa qoyulub. M\u00fcqayis\u0259 \u00fc\u00e7\u00fcn bildir\u0259k ki, 2018-ci ild\u0259 55 u\u015fa\u011fa, 2019-cu ild\u0259 is\u0259 53 u\u015fa\u011fa Polad ad\u0131 verilmi\u015fdi.<\/p>\n<p>Qeyd ed\u0259k ki, Polad ad\u0131 general-mayor Polad H\u0259\u015fimovun \u015f\u0259hid olmas\u0131ndan sonra populyarla\u015f\u0131b. P.H\u0259\u015fimov 2020-ci il iyulun 14-d\u0259 Tovuz istiqam\u0259tind\u0259 ba\u015f ver\u0259n \u015fidd\u0259tli d\u00f6y\u00fc\u015fl\u0259r zaman\u0131 Erm\u0259nistan Silahl\u0131 Q\u00fcvv\u0259l\u0259rinin h\u00fccum c\u0259hdinin qar\u015f\u0131s\u0131n\u0131 alark\u0259n q\u0259hr\u0259mancas\u0131na \u015f\u0259hid olub. O, iyulun 15-d\u0259 II F\u0259xri Xiyabanda d\u0259fn olunub. 2020-ci il dekabr\u0131n 9-da Prezident \u0130lham \u018fliyevin s\u0259r\u0259ncam\u0131 il\u0259 P.H\u0259\u015fimova Az\u0259rbaycan\u0131n Milli Q\u0259hr\u0259man ad\u0131 verilib.<\/p>\n<p><img class=\"imgbcode\" src=\"https:\/\/upload.az\/foto\/arxiv\/polad_91612360777.jpg\" alt=\"Az\u0259rbaycanda k\u00f6rp\u0259l\u0259r\u0259 daha \u00e7ox onun ad\u0131 verilir - FOTO\" \/><\/p>\n","protected":false},"excerpt":{"rendered":"<p>Yanvar ay\u0131nda do\u011fumu qeyd\u0259 al\u0131nm\u0131\u015f 12 u\u015fa\u011fa Polad ad\u0131 verilib. ARANTV.AZ &#8220;Report&#8221;a istinad\u0259n\u00a0x\u0259b\u0259r\u00a0verir ki, u\u015faqlara bu ad\u0131n verilm\u0259si 2020-ci ild\u0259 v\u0259 bu ilin ilk ay\u0131nda \u0259vv\u0259lki ill\u0259rl\u0259 m\u00fcqayis\u0259d\u0259 k\u0259skin art\u0131b. Bu ad \u0259n \u00e7ox 2020-ci il \u0259rzind\u0259 m\u0259\u015fhurla\u015f\u0131b. Bel\u0259 ki, \u00f6t\u0259n il Polad ad\u0131 193 u\u015fa\u011fa qoyulub. M\u00fcqayis\u0259 \u00fc\u00e7\u00fcn bildir\u0259k ki, 2018-ci ild\u0259 55 u\u015fa\u011fa, 2019-cu ild\u0259 is\u0259 53 u\u015fa\u011fa Polad ad\u0131 verilmi\u015fdi. Qeyd ed\u0259k ki, Polad ad\u0131 general-mayor Polad H\u0259\u015fimovun \u015f\u0259hid olmas\u0131ndan sonra populyarla\u015f\u0131b. P.H\u0259\u015fimov 2020-ci il iyulun 14-d\u0259 Tovuz istiqam\u0259tind\u0259 ba\u015f ver\u0259n \u015fidd\u0259tli d\u00f6y\u00fc\u015fl\u0259r zaman\u0131 Erm\u0259nistan Silahl\u0131 Q\u00fcvv\u0259l\u0259rinin&hellip;<\/p>\n","protected":false},"author":2,"featured_media":285715,"comment_status":"closed","ping_status":"closed","sticky":false,"template":"","format":"standard","meta":{"om_disable_all_campaigns":false,"_monsterinsights_skip_tracking":false,"_monsterinsights_sitenote_active":false,"_monsterinsights_sitenote_note":"","_monsterinsights_sitenote_category":0},"categories":[26],"tags":[],"aioseo_notices":[],"gutentor_comment":0,"rttpg_featured_image_url":{"full":["https:\/\/arantv.az\/wp-content\/uploads\/2021\/02\/korpe_81612360717.jpg",590,400,false],"landscape":["https:\/\/arantv.az\/wp-content\/uploads\/2021\/02\/korpe_81612360717.jpg",590,400,false],"portraits":["https:\/\/arantv.az\/wp-content\/uploads\/2021\/02\/korpe_81612360717.jpg",590,400,false],"thumbnail":["https:\/\/arantv.az\/wp-content\/uploads\/2021\/02\/korpe_81612360717-150x150.jpg",150,150,true],"medium":["https:\/\/arantv.az\/wp-content\/uploads\/2021\/02\/korpe_81612360717-300x203.jpg",300,203,true],"large":["https:\/\/arantv.az\/wp-content\/uploads\/2021\/02\/korpe_81612360717.jpg",590,400,false],"1536x1536":["https:\/\/arantv.az\/wp-content\/uploads\/2021\/02\/korpe_81612360717.jpg",590,400,false],"2048x2048":["https:\/\/arantv.az\/wp-content\/uploads\/2021\/02\/korpe_81612360717.jpg",590,400,false],"post-thumbnail":["https:\/\/arantv.az\/wp-content\/uploads\/2021\/02\/korpe_81612360717-240x172.jpg",240,172,true],"advps-thumb-one":["https:\/\/arantv.az\/wp-content\/uploads\/2021\/02\/korpe_81612360717.jpg",590,400,false]},"rttpg_author":{"display_name":"V\u00fcsal Rafiqo\u011flu","author_link":"https:\/\/arantv.az\/?author=2"},"rttpg_comment":0,"rttpg_category":"<a href=\"https:\/\/arantv.az\/?cat=26\" rel=\"category\">Sosial<\/a>","rttpg_excerpt":"Yanvar ay\u0131nda do\u011fumu qeyd\u0259 al\u0131nm\u0131\u015f 12 u\u015fa\u011fa Polad ad\u0131 verilib. ARANTV.AZ &#8220;Report&#8221;a istinad\u0259n\u00a0x\u0259b\u0259r\u00a0verir ki, u\u015faqlara bu ad\u0131n verilm\u0259si 2020-ci ild\u0259 v\u0259 bu ilin ilk ay\u0131nda \u0259vv\u0259lki ill\u0259rl\u0259 m\u00fcqayis\u0259d\u0259 k\u0259skin art\u0131b. Bu ad \u0259n \u00e7ox 2020-ci il \u0259rzind\u0259 m\u0259\u015fhurla\u015f\u0131b. Bel\u0259 ki, \u00f6t\u0259n il Polad ad\u0131 193 u\u015fa\u011fa qoyulub. M\u00fcqayis\u0259 \u00fc\u00e7\u00fcn bildir\u0259k ki, 2018-ci ild\u0259 55 u\u015fa\u011fa,&hellip;","_links":{"self":[{"href":"https:\/\/arantv.az\/index.php?rest_route=\/wp\/v2\/posts\/285714"}],"collection":[{"href":"https:\/\/arantv.az\/index.php?rest_route=\/wp\/v2\/posts"}],"about":[{"href":"https:\/\/arantv.az\/index.php?rest_route=\/wp\/v2\/types\/post"}],"author":[{"embeddable":true,"href":"https:\/\/arantv.az\/index.php?rest_route=\/wp\/v2\/users\/2"}],"replies":[{"embeddable":true,"href":"https:\/\/arantv.az\/index.php?rest_route=%2Fwp%2Fv2%2Fcomments&post=285714"}],"version-history":[{"count":0,"href":"https:\/\/arantv.az\/index.php?rest_route=\/wp\/v2\/posts\/285714\/revisions"}],"wp:featuredmedia":[{"embeddable":true,"href":"https:\/\/arantv.az\/index.php?rest_route=\/wp\/v2\/media\/285715"}],"wp:attachment":[{"href":"https:\/\/arantv.az\/index.php?rest_route=%2Fwp%2Fv2%2Fmedia&parent=285714"}],"wp:term":[{"taxonomy":"category","embeddable":true,"href":"https:\/\/arantv.az\/index.php?rest_route=%2Fwp%2Fv2%2Fcategories&post=285714"},{"taxonomy":"post_tag","embeddable":true,"href":"https:\/\/arantv.az\/index.php?rest_route=%2Fwp%2Fv2%2Ftags&post=285714"}],"curies":[{"name":"wp","href":"https:\/\/api.w.org\/{rel}","templated":true}]}}