{"id":285722,"date":"2021-02-03T19:23:59","date_gmt":"2021-02-03T16:23:59","guid":{"rendered":"http:\/\/arantv.az\/?p=285722"},"modified":"2021-02-03T19:23:59","modified_gmt":"2021-02-03T16:23:59","slug":"elektron-qaim%c9%99-fakturanin-formasinin-t%c9%99tbiqi-ucotu-v%c9%99-istifad%c9%99si-qaydalari-yeni-redaksiyada-t%c9%99sdiql%c9%99nib","status":"publish","type":"post","link":"https:\/\/arantv.az\/?p=285722","title":{"rendered":"&#8220;Elektron qaim\u0259-fakturan\u0131n formas\u0131n\u0131n, t\u0259tbiqi, u\u00e7otu v\u0259 istifad\u0259si Qaydalar\u0131&#8221; yeni redaksiyada t\u0259sdiql\u0259nib"},"content":{"rendered":"<p>Nazirl\u0259r Kabinetinin 26 \u2116-li\u00a0<a href=\"https:\/\/nk.gov.az\/az\/document\/5133\/\" target=\"_blank\" rel=\"noopener\">Q\u0259rar\u0131na<\/a>\u00a0dair izah verib.<\/p>\n<p><strong>ARANTV.AZ\u00a0<\/strong> x\u0259b\u0259r verir ki, bununla ba\u011fl\u0131 qurumun izah\u0131nda deyilir ki, yeni redaksiyada t\u0259sdiq edil\u0259n Qaydalar il\u0259 vergi \u00f6d\u0259yicil\u0259ri t\u0259r\u0259find\u0259n apar\u0131lan \u0259m\u0259liyyatlar \u00fczr\u0259 \u00e7evik t\u0259nziml\u0259nm\u0259nin, habel\u0259 \u0259m\u0259liyyatlar\u0131n xarakterinin m\u00fc\u0259yy\u0259n edilm\u0259si v\u0259 vergi \u00f6d\u0259yicisinin inzibat\u00e7\u0131l\u0131q y\u00fck\u00fcn\u00fcn y\u00fcng\u00fcll\u0259\u015fdirilm\u0259si, o c\u00fcml\u0259d\u0259n n\u0259zar\u0259t mexanizminin t\u0259kmill\u0259\u015fdirilm\u0259si m\u00fcmk\u00fcn olacaqd\u0131r.<\/p>\n<div id=\"AdviadNativeVideo0\" class=\"AdviadNativeVideo\">Al\u0131nm\u0131\u015f elektron qaim\u0259-fakturalar eyni zamanda \u018fDV \u00f6d\u0259yicil\u0259ri t\u0259r\u0259find\u0259n \u00f6d\u0259nilmi\u015f \u018fDV-nin \u0259v\u0259zl\u0259\u015fdirilm\u0259si \u00fc\u00e7\u00fcn \u0259sas olan s\u0259n\u0259d kimi \u00e7\u0131x\u0131\u015f edir. Bundan \u0259lav\u0259, vergi \u00f6d\u0259yicil\u0259ri t\u0259r\u0259find\u0259n h\u0259yata ke\u00e7iril\u0259n \u0259m\u0259liyyat\u0131n xarakterin\u0259 uy\u011fun olaraq elektron-qaim\u0259 fakturan\u0131n 9 n\u00f6v\u00fc m\u00fc\u0259yy\u0259n edilmi\u015fdir.<\/div>\n","protected":false},"excerpt":{"rendered":"<p>Nazirl\u0259r Kabinetinin 26 \u2116-li\u00a0Q\u0259rar\u0131na\u00a0dair izah verib. ARANTV.AZ\u00a0 x\u0259b\u0259r verir ki, bununla ba\u011fl\u0131 qurumun izah\u0131nda deyilir ki, yeni redaksiyada t\u0259sdiq edil\u0259n Qaydalar il\u0259 vergi \u00f6d\u0259yicil\u0259ri t\u0259r\u0259find\u0259n apar\u0131lan \u0259m\u0259liyyatlar \u00fczr\u0259 \u00e7evik t\u0259nziml\u0259nm\u0259nin, habel\u0259 \u0259m\u0259liyyatlar\u0131n xarakterinin m\u00fc\u0259yy\u0259n edilm\u0259si v\u0259 vergi \u00f6d\u0259yicisinin inzibat\u00e7\u0131l\u0131q y\u00fck\u00fcn\u00fcn y\u00fcng\u00fcll\u0259\u015fdirilm\u0259si, o c\u00fcml\u0259d\u0259n n\u0259zar\u0259t mexanizminin t\u0259kmill\u0259\u015fdirilm\u0259si m\u00fcmk\u00fcn olacaqd\u0131r. Al\u0131nm\u0131\u015f elektron qaim\u0259-fakturalar eyni zamanda \u018fDV \u00f6d\u0259yicil\u0259ri t\u0259r\u0259find\u0259n \u00f6d\u0259nilmi\u015f \u018fDV-nin \u0259v\u0259zl\u0259\u015fdirilm\u0259si \u00fc\u00e7\u00fcn \u0259sas olan s\u0259n\u0259d kimi \u00e7\u0131x\u0131\u015f edir. Bundan \u0259lav\u0259, vergi \u00f6d\u0259yicil\u0259ri t\u0259r\u0259find\u0259n h\u0259yata ke\u00e7iril\u0259n \u0259m\u0259liyyat\u0131n xarakterin\u0259 uy\u011fun olaraq elektron-qaim\u0259 fakturan\u0131n 9 n\u00f6v\u00fc m\u00fc\u0259yy\u0259n edilmi\u015fdir.<\/p>\n","protected":false},"author":2,"featured_media":285723,"comment_status":"closed","ping_status":"closed","sticky":false,"template":"","format":"standard","meta":{"om_disable_all_campaigns":false,"_monsterinsights_skip_tracking":false,"_monsterinsights_sitenote_active":false,"_monsterinsights_sitenote_note":"","_monsterinsights_sitenote_category":0},"categories":[26],"tags":[],"aioseo_notices":[],"gutentor_comment":0,"rttpg_featured_image_url":{"full":["https:\/\/arantv.az\/wp-content\/uploads\/2021\/02\/919352.jpg",1280,720,false],"landscape":["https:\/\/arantv.az\/wp-content\/uploads\/2021\/02\/919352.jpg",1280,720,false],"portraits":["https:\/\/arantv.az\/wp-content\/uploads\/2021\/02\/919352.jpg",1280,720,false],"thumbnail":["https:\/\/arantv.az\/wp-content\/uploads\/2021\/02\/919352-150x150.jpg",150,150,true],"medium":["https:\/\/arantv.az\/wp-content\/uploads\/2021\/02\/919352-300x169.jpg",300,169,true],"large":["https:\/\/arantv.az\/wp-content\/uploads\/2021\/02\/919352-1024x576.jpg",640,360,true],"1536x1536":["https:\/\/arantv.az\/wp-content\/uploads\/2021\/02\/919352.jpg",1280,720,false],"2048x2048":["https:\/\/arantv.az\/wp-content\/uploads\/2021\/02\/919352.jpg",1280,720,false],"post-thumbnail":["https:\/\/arantv.az\/wp-content\/uploads\/2021\/02\/919352-240x172.jpg",240,172,true],"advps-thumb-one":["https:\/\/arantv.az\/wp-content\/uploads\/2021\/02\/919352-1200x620.jpg",1200,620,true]},"rttpg_author":{"display_name":"V\u00fcsal Rafiqo\u011flu","author_link":"https:\/\/arantv.az\/?author=2"},"rttpg_comment":0,"rttpg_category":"<a href=\"https:\/\/arantv.az\/?cat=26\" rel=\"category\">Sosial<\/a>","rttpg_excerpt":"Nazirl\u0259r Kabinetinin 26 \u2116-li\u00a0Q\u0259rar\u0131na\u00a0dair izah verib. ARANTV.AZ\u00a0 x\u0259b\u0259r verir ki, bununla ba\u011fl\u0131 qurumun izah\u0131nda deyilir ki, yeni redaksiyada t\u0259sdiq edil\u0259n Qaydalar il\u0259 vergi \u00f6d\u0259yicil\u0259ri t\u0259r\u0259find\u0259n apar\u0131lan \u0259m\u0259liyyatlar \u00fczr\u0259 \u00e7evik t\u0259nziml\u0259nm\u0259nin, habel\u0259 \u0259m\u0259liyyatlar\u0131n xarakterinin m\u00fc\u0259yy\u0259n edilm\u0259si v\u0259 vergi \u00f6d\u0259yicisinin inzibat\u00e7\u0131l\u0131q y\u00fck\u00fcn\u00fcn y\u00fcng\u00fcll\u0259\u015fdirilm\u0259si, o c\u00fcml\u0259d\u0259n n\u0259zar\u0259t mexanizminin t\u0259kmill\u0259\u015fdirilm\u0259si m\u00fcmk\u00fcn olacaqd\u0131r. Al\u0131nm\u0131\u015f elektron qaim\u0259-fakturalar eyni zamanda \u018fDV \u00f6d\u0259yicil\u0259ri&hellip;","_links":{"self":[{"href":"https:\/\/arantv.az\/index.php?rest_route=\/wp\/v2\/posts\/285722"}],"collection":[{"href":"https:\/\/arantv.az\/index.php?rest_route=\/wp\/v2\/posts"}],"about":[{"href":"https:\/\/arantv.az\/index.php?rest_route=\/wp\/v2\/types\/post"}],"author":[{"embeddable":true,"href":"https:\/\/arantv.az\/index.php?rest_route=\/wp\/v2\/users\/2"}],"replies":[{"embeddable":true,"href":"https:\/\/arantv.az\/index.php?rest_route=%2Fwp%2Fv2%2Fcomments&post=285722"}],"version-history":[{"count":0,"href":"https:\/\/arantv.az\/index.php?rest_route=\/wp\/v2\/posts\/285722\/revisions"}],"wp:featuredmedia":[{"embeddable":true,"href":"https:\/\/arantv.az\/index.php?rest_route=\/wp\/v2\/media\/285723"}],"wp:attachment":[{"href":"https:\/\/arantv.az\/index.php?rest_route=%2Fwp%2Fv2%2Fmedia&parent=285722"}],"wp:term":[{"taxonomy":"category","embeddable":true,"href":"https:\/\/arantv.az\/index.php?rest_route=%2Fwp%2Fv2%2Fcategories&post=285722"},{"taxonomy":"post_tag","embeddable":true,"href":"https:\/\/arantv.az\/index.php?rest_route=%2Fwp%2Fv2%2Ftags&post=285722"}],"curies":[{"name":"wp","href":"https:\/\/api.w.org\/{rel}","templated":true}]}}