{"id":285726,"date":"2021-02-03T19:25:08","date_gmt":"2021-02-03T16:25:08","guid":{"rendered":"http:\/\/arantv.az\/?p=285726"},"modified":"2021-02-03T19:25:08","modified_gmt":"2021-02-03T16:25:08","slug":"pandemiya-bal-satisina-nec%c9%99-t%c9%99sir-edib-s%c9%99dr-aciqladi","status":"publish","type":"post","link":"https:\/\/arantv.az\/?p=285726","title":{"rendered":"Pandemiya bal sat\u0131\u015f\u0131na nec\u0259 t\u0259sir edib? &#8211; S\u0259dr a\u00e7\u0131qlad\u0131"},"content":{"rendered":"<p>Pandemiya s\u0259b\u0259bind\u0259n \u00f6lk\u0259d\u0259 bal sat\u0131\u015f\u0131nda probleml\u0259r ya\u015fan\u0131b.<\/p>\n<p><strong>ARANTV.AZ<\/strong>\u00a0 bildirir ki, bunu\u00a0<a href=\"https:\/\/az.trend.az\/\" target=\"_blank\" rel=\"noopener\">Trend<\/a>-\u0259\u00a0a\u00e7\u0131qlamas\u0131nda Az\u0259rbaycan Ar\u0131\u00e7\u0131lar Assosiasiyas\u0131n\u0131n s\u0259dri B\u0259dr\u0259ddin H\u0259sr\u0259tov deyib. Onun s\u00f6zl\u0259rin\u0259 g\u00f6r\u0259, 2020-ci ild\u0259 istehsalda el\u0259 d\u0259 probleml\u0259r olmasa da sat\u0131\u015fda m\u00fc\u0259yy\u0259n \u00e7\u0259tinlikl\u0259r olub:<\/p>\n<p>&#8220;Pandemiya olmas\u0131na baxmayaraq, ar\u0131 istehsal\u0131nda el\u0259 d\u0259 geril\u0259m\u0259 ba\u015f verm\u0259yib. \u0130lk g\u00fcnl\u0259rd\u0259 ar\u0131\u00e7\u0131lar\u0131n istehsal yerin\u0259 gedi\u015f-g\u0259li\u015find\u0259 problem yaransa da sonradan d\u00f6vl\u0259timiz k\u0259nd t\u0259s\u0259rr\u00fcfat\u0131 sah\u0259sin\u0259 m\u00fc\u0259yy\u0259n g\u00fcz\u0259\u015ftl\u0259r etdi v\u0259 s\u00f6z\u00fcged\u0259n problem aradan qald\u0131r\u0131ld\u0131. \u00d6t\u0259n il yegan\u0259 problem bal sat\u0131\u015f\u0131 il\u0259 ba\u011fl\u0131 oldu. Normalda bal iri \u015f\u0259h\u0259r v\u0259 rayonlarda sat\u0131l\u0131r, pandemiya d\u00f6vr\u00fcnd\u0259 d\u0259 h\u0259min yerl\u0259r\u0259 giri\u015f qada\u011fan idi. Buna g\u00f6r\u0259 sat\u0131\u015fda m\u00fc\u0259yy\u0259n d\u0259r\u0259c\u0259d\u0259 geril\u0259m\u0259miz oldu. Bundan \u0259lav\u0259, turizmd\u0259 d\u0259 dur\u011funluq oldu v\u0259 bu da \u00f6z n\u00f6vb\u0259sind\u0259 sat\u0131\u015f\u0131n azalmas\u0131na t\u0259sir etdi&#8221;.<\/p>\n","protected":false},"excerpt":{"rendered":"<p>Pandemiya s\u0259b\u0259bind\u0259n \u00f6lk\u0259d\u0259 bal sat\u0131\u015f\u0131nda probleml\u0259r ya\u015fan\u0131b. ARANTV.AZ\u00a0 bildirir ki, bunu\u00a0Trend-\u0259\u00a0a\u00e7\u0131qlamas\u0131nda Az\u0259rbaycan Ar\u0131\u00e7\u0131lar Assosiasiyas\u0131n\u0131n s\u0259dri B\u0259dr\u0259ddin H\u0259sr\u0259tov deyib. Onun s\u00f6zl\u0259rin\u0259 g\u00f6r\u0259, 2020-ci ild\u0259 istehsalda el\u0259 d\u0259 probleml\u0259r olmasa da sat\u0131\u015fda m\u00fc\u0259yy\u0259n \u00e7\u0259tinlikl\u0259r olub: &#8220;Pandemiya olmas\u0131na baxmayaraq, ar\u0131 istehsal\u0131nda el\u0259 d\u0259 geril\u0259m\u0259 ba\u015f verm\u0259yib. \u0130lk g\u00fcnl\u0259rd\u0259 ar\u0131\u00e7\u0131lar\u0131n istehsal yerin\u0259 gedi\u015f-g\u0259li\u015find\u0259 problem yaransa da sonradan d\u00f6vl\u0259timiz k\u0259nd t\u0259s\u0259rr\u00fcfat\u0131 sah\u0259sin\u0259 m\u00fc\u0259yy\u0259n g\u00fcz\u0259\u015ftl\u0259r etdi v\u0259 s\u00f6z\u00fcged\u0259n problem aradan qald\u0131r\u0131ld\u0131. \u00d6t\u0259n il yegan\u0259 problem bal sat\u0131\u015f\u0131 il\u0259 ba\u011fl\u0131 oldu. Normalda bal iri \u015f\u0259h\u0259r v\u0259 rayonlarda sat\u0131l\u0131r, pandemiya d\u00f6vr\u00fcnd\u0259 d\u0259 h\u0259min yerl\u0259r\u0259 giri\u015f qada\u011fan idi. Buna&hellip;<\/p>\n","protected":false},"author":2,"featured_media":285727,"comment_status":"closed","ping_status":"closed","sticky":false,"template":"","format":"standard","meta":{"om_disable_all_campaigns":false,"_monsterinsights_skip_tracking":false,"_monsterinsights_sitenote_active":false,"_monsterinsights_sitenote_note":"","_monsterinsights_sitenote_category":0},"categories":[19],"tags":[],"aioseo_notices":[],"gutentor_comment":0,"rttpg_featured_image_url":{"full":["https:\/\/arantv.az\/wp-content\/uploads\/2021\/02\/919335.jpg",800,600,false],"landscape":["https:\/\/arantv.az\/wp-content\/uploads\/2021\/02\/919335.jpg",800,600,false],"portraits":["https:\/\/arantv.az\/wp-content\/uploads\/2021\/02\/919335.jpg",800,600,false],"thumbnail":["https:\/\/arantv.az\/wp-content\/uploads\/2021\/02\/919335-150x150.jpg",150,150,true],"medium":["https:\/\/arantv.az\/wp-content\/uploads\/2021\/02\/919335-300x225.jpg",300,225,true],"large":["https:\/\/arantv.az\/wp-content\/uploads\/2021\/02\/919335.jpg",640,480,false],"1536x1536":["https:\/\/arantv.az\/wp-content\/uploads\/2021\/02\/919335.jpg",800,600,false],"2048x2048":["https:\/\/arantv.az\/wp-content\/uploads\/2021\/02\/919335.jpg",800,600,false],"post-thumbnail":["https:\/\/arantv.az\/wp-content\/uploads\/2021\/02\/919335-240x172.jpg",240,172,true],"advps-thumb-one":["https:\/\/arantv.az\/wp-content\/uploads\/2021\/02\/919335.jpg",800,600,false]},"rttpg_author":{"display_name":"V\u00fcsal Rafiqo\u011flu","author_link":"https:\/\/arantv.az\/?author=2"},"rttpg_comment":0,"rttpg_category":"<a href=\"https:\/\/arantv.az\/?cat=19\" rel=\"category\">G\u00fcnd\u0259m<\/a>","rttpg_excerpt":"Pandemiya s\u0259b\u0259bind\u0259n \u00f6lk\u0259d\u0259 bal sat\u0131\u015f\u0131nda probleml\u0259r ya\u015fan\u0131b. ARANTV.AZ\u00a0 bildirir ki, bunu\u00a0Trend-\u0259\u00a0a\u00e7\u0131qlamas\u0131nda Az\u0259rbaycan Ar\u0131\u00e7\u0131lar Assosiasiyas\u0131n\u0131n s\u0259dri B\u0259dr\u0259ddin H\u0259sr\u0259tov deyib. Onun s\u00f6zl\u0259rin\u0259 g\u00f6r\u0259, 2020-ci ild\u0259 istehsalda el\u0259 d\u0259 probleml\u0259r olmasa da sat\u0131\u015fda m\u00fc\u0259yy\u0259n \u00e7\u0259tinlikl\u0259r olub: &#8220;Pandemiya olmas\u0131na baxmayaraq, ar\u0131 istehsal\u0131nda el\u0259 d\u0259 geril\u0259m\u0259 ba\u015f verm\u0259yib. \u0130lk g\u00fcnl\u0259rd\u0259 ar\u0131\u00e7\u0131lar\u0131n istehsal yerin\u0259 gedi\u015f-g\u0259li\u015find\u0259 problem yaransa da sonradan d\u00f6vl\u0259timiz k\u0259nd&hellip;","_links":{"self":[{"href":"https:\/\/arantv.az\/index.php?rest_route=\/wp\/v2\/posts\/285726"}],"collection":[{"href":"https:\/\/arantv.az\/index.php?rest_route=\/wp\/v2\/posts"}],"about":[{"href":"https:\/\/arantv.az\/index.php?rest_route=\/wp\/v2\/types\/post"}],"author":[{"embeddable":true,"href":"https:\/\/arantv.az\/index.php?rest_route=\/wp\/v2\/users\/2"}],"replies":[{"embeddable":true,"href":"https:\/\/arantv.az\/index.php?rest_route=%2Fwp%2Fv2%2Fcomments&post=285726"}],"version-history":[{"count":0,"href":"https:\/\/arantv.az\/index.php?rest_route=\/wp\/v2\/posts\/285726\/revisions"}],"wp:featuredmedia":[{"embeddable":true,"href":"https:\/\/arantv.az\/index.php?rest_route=\/wp\/v2\/media\/285727"}],"wp:attachment":[{"href":"https:\/\/arantv.az\/index.php?rest_route=%2Fwp%2Fv2%2Fmedia&parent=285726"}],"wp:term":[{"taxonomy":"category","embeddable":true,"href":"https:\/\/arantv.az\/index.php?rest_route=%2Fwp%2Fv2%2Fcategories&post=285726"},{"taxonomy":"post_tag","embeddable":true,"href":"https:\/\/arantv.az\/index.php?rest_route=%2Fwp%2Fv2%2Ftags&post=285726"}],"curies":[{"name":"wp","href":"https:\/\/api.w.org\/{rel}","templated":true}]}}