{"id":28606,"date":"2018-12-20T15:25:04","date_gmt":"2018-12-20T12:25:04","guid":{"rendered":"http:\/\/arantv.az\/?p=28606"},"modified":"2018-12-20T15:25:04","modified_gmt":"2018-12-20T12:25:04","slug":"muzakir%c9%99si-v%c9%99-q%c9%99bulu-duyun%c9%99-dus%c9%99n-qanun-layih%c9%99l%c9%99ri","status":"publish","type":"post","link":"https:\/\/arantv.az\/?p=28606","title":{"rendered":"M\u00fczakir\u0259si v\u0259 q\u0259bulu d\u00fcy\u00fcn\u0259 d\u00fc\u015f\u0259n qanun layih\u0259l\u0259ri"},"content":{"rendered":"<p>Milli M\u0259clis (MM), \u00f6lk\u0259 parlamentaril\u0259ri dekabr\u0131n 28-d\u0259 pay\u0131z (q\u0131\u015f) sessiyas\u0131n\u0131n sonuncu iclas\u0131 il\u0259 q\u0131\u015f t\u0259tilin\u0259 yollanacaqlar.<\/p>\n<p><strong>ARANTV.AZ<\/strong>-\u0131n x\u0259b\u0259rin\u0259 g\u00f6r\u0259, bu sessiyada m\u00fczakir\u0259si (\u0259n az\u0131 ilkin variantlarda v\u0259 komit\u0259 iclaslar\u0131nda) v\u0259 q\u0259bulu g\u00f6zl\u0259nil\u0259n bir s\u0131ra qanunvericilik aktlar\u0131 yen\u0259 \u00f6z m\u00fcsb\u0259t h\u0259llini tapa bilm\u0259di.<\/p>\n<p>H\u0259min qanun layih\u0259l\u0259rind\u0259n biri R\u0259qab\u0259t M\u0259c\u0259ll\u0259si idi.<\/p>\n<div id=\"AdributorNativeVideo0\" class=\"AdributorNativeVideo\"><\/div>\n<p>R\u0259qab\u0259t M\u0259c\u0259ll\u0259sinin ilk oxunu\u015fda m\u00fczakir\u0259sind\u0259n t\u0259xmin\u0259n 10-11 il ke\u00e7s\u0259 d\u0259, h\u0259l\u0259 d\u0259 onun yenid\u0259n birinci oxunu\u015fda v\u0259 dig\u0259r oxunu\u015flarda m\u00fczakir\u0259si, b\u00fct\u00f6vl\u00fckd\u0259 q\u0259bulu ba\u015f tutmur ki, tutmur.<\/p>\n<p>H\u0259l\u0259 \u00fc\u00e7\u00fcnc\u00fc \u00e7a\u011f\u0131r\u0131\u015f parlamentd\u0259 (haz\u0131rda be\u015finci \u00e7a\u011f\u0131r\u0131\u015fd\u0131r) birinci oxunu\u015fda m\u00fczakir\u0259 edil\u0259n M\u0259c\u0259ll\u0259nin yenid\u0259n haz\u0131rlanmas\u0131 v\u0259 m\u00fczakir\u0259l\u0259r\u0259 \u00e7\u0131xar\u0131lmas\u0131 n\u0259z\u0259rd\u0259 tutulsa da, m\u0259s\u0259l\u0259y\u0259 ayd\u0131nl\u0131q g\u0259tirilmir, yubad\u0131lma s\u0259b\u0259bl\u0259ri d\u0259qiq a\u00e7\u0131qlanm\u0131r.<\/p>\n<p>M\u00fczakir\u0259sini v\u0259 q\u0259bulunu g\u00f6zl\u0259y\u0259n qanun layih\u0259l\u0259rind\u0259n biri d\u0259 \u201cT\u0259hsil kreditl\u0259ri haqq\u0131nda\u201d qanunvericilik akt\u0131d\u0131r ki, bu m\u0259s\u0259l\u0259nin d\u0259 taleyi qaranl\u0131q qalmaqdad\u0131r.<\/p>\n<p>Bir ne\u00e7\u0259 il \u00f6nc\u0259 mill\u0259t v\u0259kill\u0259ri\u00a0<strong>Vahid \u018fhm\u0259dov<\/strong>la<strong>\u00a0\u018fli M\u0259simli<\/strong>\u00a0t\u0259r\u0259find\u0259n birg\u0259 haz\u0131rlanan v\u0259 MM-in \u0130qtisadi siyas\u0259t, s\u0259naye v\u0259 sahibkarl\u0131q komit\u0259sinin iclas\u0131nda ilkin variantda m\u00fczakir\u0259 edil\u0259n, b\u0259y\u0259nil\u0259n qanun layih\u0259sinin plenar iclaslarda m\u00fczakir\u0259si v\u0259 q\u0259bulu h\u0259l\u0259 d\u0259 m\u00fcmk\u00fcnl\u0259\u015fmir.<\/p>\n<p>H\u0259tta\u00a0parlamentin bir ne\u00e7\u0259 il \u00f6nc\u0259ki sessiyalar\u0131ndan birinin qanunvericilik i\u015fl\u0259ri plan\u0131na daxil edils\u0259 d\u0259,\u00a0MM-in m\u00fcvafiq Elm v\u0259 t\u0259hsil komit\u0259si t\u0259r\u0259find\u0259n bu y\u00f6nd\u0259 yeni v\u0259 ayr\u0131ca qanun layih\u0259sinin haz\u0131rl\u0131qlar\u0131na ba\u015flan\u0131lsa da, bu m\u0259s\u0259l\u0259nin taleyind\u0259n, nec\u0259 olaca\u011f\u0131ndan x\u0259b\u0259r yoxdur.<\/p>\n<p>\u0130ll\u0259rdir m\u00fczakir\u0259sini v\u0259 q\u0259bulunu g\u00f6zl\u0259y\u0259n qanun layih\u0259l\u0259ri aras\u0131nda bir zamanlar mill\u0259t v\u0259kili olmu\u015f\u00a0<strong>Sabir R\u00fcst\u0259mxanl\u0131<\/strong>, haz\u0131rda MM-in\u00a0M\u0259d\u0259niyy\u0259t komit\u0259sinin s\u0259dri\u00a0olan\u00a0<strong>Rafael H\u00fcseynov<\/strong>\u00a0t\u0259r\u0259find\u0259n g\u00fcnd\u0259m\u0259 da\u015f\u0131nan, ilkin variant\u0131\u00a0haz\u0131r olan\u00a0 \u201cAdlar v\u0259 soyadlar haq\u0131nda\u201d qanun layih\u0259si d\u0259 var.<\/p>\n<p>\u018fn az\u0131 ikinci \u00e7a\u011f\u0131r\u0131\u015f parlament d\u00f6vr\u00fcnd\u0259n \u0259traf\u0131nda m\u00fczakir\u0259l\u0259r a\u00e7\u0131lan bu qanun layih\u0259sinin hans\u0131 s\u0259b\u0259bd\u0259n l\u0259ngidildiyi m\u0259lum deyil.<\/p>\n<p>M\u00fczakir\u0259sini v\u0259 q\u0259bulunu g\u00f6zl\u0259y\u0259n qanun layih\u0259l\u0259ri aras\u0131nda reproduktiv sa\u011flaml\u0131qla, turizml\u0259, m\u0259rasiml\u0259rl\u0259, u\u015faqlar\u0131n istirah\u0259tinin v\u0259 asud\u0259 vaxt\u0131n\u0131n s\u0259m\u0259r\u0259li t\u0259\u015fkil edilm\u0259si, maliyy\u0259 n\u0259zar\u0259ti, a\u015f\u0131q s\u0259n\u0259tinin, mu\u011fam s\u0259n\u0259tinin qorunmas\u0131 v\u0259 inki\u015faf etdirilm\u0259si il\u0259 ba\u011fl\u0131 qanun layih\u0259l\u0259ri d\u0259 var.<\/p>\n<p>Ne\u00e7\u0259 ill\u0259rdir bu bar\u0259d\u0259 m\u0259s\u0259l\u0259 qald\u0131r\u0131lsa,\u00a0adlar\u0131 \u00e7\u0259kil\u0259n s\u0259n\u0259dl\u0259rin ilkin variantlar\u0131 haz\u0131rlansa da, onlar\u0131n m\u00fczakir\u0259si v\u0259 q\u0259bulu m\u00fc\u015fk\u00fcl\u0259 d\u00f6n\u00fcb.oxu.az<\/p>\n","protected":false},"excerpt":{"rendered":"<p>Milli M\u0259clis (MM), \u00f6lk\u0259 parlamentaril\u0259ri dekabr\u0131n 28-d\u0259 pay\u0131z (q\u0131\u015f) sessiyas\u0131n\u0131n sonuncu iclas\u0131 il\u0259 q\u0131\u015f t\u0259tilin\u0259 yollanacaqlar. ARANTV.AZ-\u0131n x\u0259b\u0259rin\u0259 g\u00f6r\u0259, bu sessiyada m\u00fczakir\u0259si (\u0259n az\u0131 ilkin variantlarda v\u0259 komit\u0259 iclaslar\u0131nda) v\u0259 q\u0259bulu g\u00f6zl\u0259nil\u0259n bir s\u0131ra qanunvericilik aktlar\u0131 yen\u0259 \u00f6z m\u00fcsb\u0259t h\u0259llini tapa bilm\u0259di. H\u0259min qanun layih\u0259l\u0259rind\u0259n biri R\u0259qab\u0259t M\u0259c\u0259ll\u0259si idi. R\u0259qab\u0259t M\u0259c\u0259ll\u0259sinin ilk oxunu\u015fda m\u00fczakir\u0259sind\u0259n t\u0259xmin\u0259n 10-11 il ke\u00e7s\u0259 d\u0259, h\u0259l\u0259 d\u0259 onun yenid\u0259n birinci oxunu\u015fda v\u0259 dig\u0259r oxunu\u015flarda m\u00fczakir\u0259si, b\u00fct\u00f6vl\u00fckd\u0259 q\u0259bulu ba\u015f tutmur ki, tutmur. H\u0259l\u0259 \u00fc\u00e7\u00fcnc\u00fc \u00e7a\u011f\u0131r\u0131\u015f parlamentd\u0259 (haz\u0131rda be\u015finci \u00e7a\u011f\u0131r\u0131\u015fd\u0131r) birinci oxunu\u015fda m\u00fczakir\u0259 edil\u0259n M\u0259c\u0259ll\u0259nin yenid\u0259n haz\u0131rlanmas\u0131 v\u0259&hellip;<\/p>\n","protected":false},"author":2,"featured_media":28607,"comment_status":"closed","ping_status":"closed","sticky":false,"template":"","format":"standard","meta":{"om_disable_all_campaigns":false,"_monsterinsights_skip_tracking":false,"_monsterinsights_sitenote_active":false,"_monsterinsights_sitenote_note":"","_monsterinsights_sitenote_category":0},"categories":[4],"tags":[],"aioseo_notices":[],"gutentor_comment":0,"rttpg_featured_image_url":{"full":["https:\/\/arantv.az\/wp-content\/uploads\/2018\/12\/14979549542806560183_1000x669-1.jpg",620,378,false],"landscape":["https:\/\/arantv.az\/wp-content\/uploads\/2018\/12\/14979549542806560183_1000x669-1.jpg",620,378,false],"portraits":["https:\/\/arantv.az\/wp-content\/uploads\/2018\/12\/14979549542806560183_1000x669-1.jpg",620,378,false],"thumbnail":["https:\/\/arantv.az\/wp-content\/uploads\/2018\/12\/14979549542806560183_1000x669-1-150x150.jpg",150,150,true],"medium":["https:\/\/arantv.az\/wp-content\/uploads\/2018\/12\/14979549542806560183_1000x669-1-300x183.jpg",300,183,true],"large":["https:\/\/arantv.az\/wp-content\/uploads\/2018\/12\/14979549542806560183_1000x669-1.jpg",620,378,false],"1536x1536":["https:\/\/arantv.az\/wp-content\/uploads\/2018\/12\/14979549542806560183_1000x669-1.jpg",620,378,false],"2048x2048":["https:\/\/arantv.az\/wp-content\/uploads\/2018\/12\/14979549542806560183_1000x669-1.jpg",620,378,false],"post-thumbnail":["https:\/\/arantv.az\/wp-content\/uploads\/2018\/12\/14979549542806560183_1000x669-1-240x172.jpg",240,172,true],"advps-thumb-one":["https:\/\/arantv.az\/wp-content\/uploads\/2018\/12\/14979549542806560183_1000x669-1.jpg",620,378,false]},"rttpg_author":{"display_name":"V\u00fcsal Rafiqo\u011flu","author_link":"https:\/\/arantv.az\/?author=2"},"rttpg_comment":0,"rttpg_category":"<a href=\"https:\/\/arantv.az\/?cat=4\" rel=\"category\">Siyas\u0259t<\/a>","rttpg_excerpt":"Milli M\u0259clis (MM), \u00f6lk\u0259 parlamentaril\u0259ri dekabr\u0131n 28-d\u0259 pay\u0131z (q\u0131\u015f) sessiyas\u0131n\u0131n sonuncu iclas\u0131 il\u0259 q\u0131\u015f t\u0259tilin\u0259 yollanacaqlar. ARANTV.AZ-\u0131n x\u0259b\u0259rin\u0259 g\u00f6r\u0259, bu sessiyada m\u00fczakir\u0259si (\u0259n az\u0131 ilkin variantlarda v\u0259 komit\u0259 iclaslar\u0131nda) v\u0259 q\u0259bulu g\u00f6zl\u0259nil\u0259n bir s\u0131ra qanunvericilik aktlar\u0131 yen\u0259 \u00f6z m\u00fcsb\u0259t h\u0259llini tapa bilm\u0259di. H\u0259min qanun layih\u0259l\u0259rind\u0259n biri R\u0259qab\u0259t M\u0259c\u0259ll\u0259si idi. R\u0259qab\u0259t M\u0259c\u0259ll\u0259sinin ilk oxunu\u015fda m\u00fczakir\u0259sind\u0259n t\u0259xmin\u0259n&hellip;","_links":{"self":[{"href":"https:\/\/arantv.az\/index.php?rest_route=\/wp\/v2\/posts\/28606"}],"collection":[{"href":"https:\/\/arantv.az\/index.php?rest_route=\/wp\/v2\/posts"}],"about":[{"href":"https:\/\/arantv.az\/index.php?rest_route=\/wp\/v2\/types\/post"}],"author":[{"embeddable":true,"href":"https:\/\/arantv.az\/index.php?rest_route=\/wp\/v2\/users\/2"}],"replies":[{"embeddable":true,"href":"https:\/\/arantv.az\/index.php?rest_route=%2Fwp%2Fv2%2Fcomments&post=28606"}],"version-history":[{"count":0,"href":"https:\/\/arantv.az\/index.php?rest_route=\/wp\/v2\/posts\/28606\/revisions"}],"wp:featuredmedia":[{"embeddable":true,"href":"https:\/\/arantv.az\/index.php?rest_route=\/wp\/v2\/media\/28607"}],"wp:attachment":[{"href":"https:\/\/arantv.az\/index.php?rest_route=%2Fwp%2Fv2%2Fmedia&parent=28606"}],"wp:term":[{"taxonomy":"category","embeddable":true,"href":"https:\/\/arantv.az\/index.php?rest_route=%2Fwp%2Fv2%2Fcategories&post=28606"},{"taxonomy":"post_tag","embeddable":true,"href":"https:\/\/arantv.az\/index.php?rest_route=%2Fwp%2Fv2%2Ftags&post=28606"}],"curies":[{"name":"wp","href":"https:\/\/api.w.org\/{rel}","templated":true}]}}