{"id":286065,"date":"2021-02-04T11:19:10","date_gmt":"2021-02-04T08:19:10","guid":{"rendered":"http:\/\/arantv.az\/?p=286065"},"modified":"2021-02-04T11:19:10","modified_gmt":"2021-02-04T08:19:10","slug":"xususi-numay%c9%99nd%c9%99lik-modeli-qarabaga-boyuk-qayidisin-sur%c9%99tl%c9%99-t%c9%99min-olunmasina-xidm%c9%99t-ed%c9%99c%c9%99k-deputat","status":"publish","type":"post","link":"https:\/\/arantv.az\/?p=286065","title":{"rendered":"&#8220;X\u00fcsusi n\u00fcmay\u0259nd\u0259lik modeli Qaraba\u011fa B\u00f6y\u00fck Qay\u0131d\u0131\u015f\u0131n s\u00fcr\u0259tl\u0259 t\u0259min olunmas\u0131na xidm\u0259t ed\u0259c\u0259k&#8221; &#8211; Deputat"},"content":{"rendered":"<blockquote><p><em><strong>30 il\u0259 yax\u0131n m\u00fcdd\u0259t \u0259rzind\u0259 i\u015f\u011fal alt\u0131nda olmu\u015f v\u0259 m\u00fcz\u0259ff\u0259r Az\u0259rbaycan Ordusu t\u0259r\u0259find\u0259n i\u015f\u011fal\u00e7\u0131lardan azad edilmi\u015f torpaqlar\u0131m\u0131z erm\u0259ni separat\u00e7\u0131lar\u0131 v\u0259 terror\u00e7ular\u0131 t\u0259r\u0259find\u0259n xarabal\u0131\u011fa \u00e7evrilib, d\u00f6vl\u0259timiz\u0259 v\u0259 xalq\u0131m\u0131za m\u0259xsus olan tarixi, dini v\u0259 m\u0259d\u0259ni abid\u0259l\u0259r m\u0259hv edilib, t\u0259bii s\u0259rv\u0259tl\u0259r talan\u0131b.<\/strong><\/em><\/p><\/blockquote>\n<p><strong>ARANTV.AZ<\/strong>\u00a0 bildirir ki, bunu\u00a0<a href=\"https:\/\/az.trend.az\/\" target=\"_blank\" rel=\"noopener\">Trend<\/a>-\u0259\u00a0Milli M\u0259clisin deputat\u0131 Kamran Bayramov deyib.<\/p>\n<p><img src=\"https:\/\/img.milli.az\/2021\/02\/04\/919441_000.jpg\" alt=\"\" \/><\/p>\n<p>Deputat bildirib ki, f\u0259rqli x\u00fcsusiyy\u0259tl\u0259ri olan bu \u0259razil\u0259rd\u0259, t\u0259bii ki, i\u015f\u011fal s\u0259b\u0259bind\u0259n he\u00e7 bir idar\u0259etm\u0259d\u0259n s\u00f6z ged\u0259 bilm\u0259zdi: &#8220;Haz\u0131rda da h\u0259min \u0259razil\u0259rin \u0259ks\u0259r hiss\u0259si b\u0259rbad v\u0259ziyy\u0259td\u0259dir, orada minat\u0259mizl\u0259m\u0259, b\u0259rpa, abadl\u0131q-quruculuq i\u015fl\u0259ri apar\u0131lmal\u0131d\u0131r, torpaqlara qay\u0131dacaq soyda\u015flar\u0131m\u0131z\u0131n layiqli ya\u015fay\u0131\u015f t\u0259rzin\u0259 cavab ver\u0259n m\u00fcvafiq infrastruktur yenid\u0259n qurulmal\u0131d\u0131r.<\/p>\n<p>Bununla yana\u015f\u0131, i\u015f\u011faldan azad olunmu\u015f \u0259razil\u0259rin x\u00fcsusi v\u0259ziyy\u0259ti h\u0259min \u0259razil\u0259rd\u0259 f\u0259rqli v\u0259 yeni idar\u0259etm\u0259 sisteminin t\u0259\u015fkilini t\u0259l\u0259b edir. \u018frazil\u0259rd\u0259 layiqli v\u0259 s\u0259m\u0259r\u0259li regional siyas\u0259tin h\u0259yata ke\u00e7irilm\u0259si, h\u0259min \u0259razil\u0259rin planla\u015fd\u0131r\u0131lmas\u0131, \u00fcmumiyy\u0259tl\u0259 Qaraba\u011f b\u00f6lg\u0259sinin s\u00fcr\u0259tli inki\u015faf\u0131n\u0131n t\u0259min edilm\u0259si \u00fc\u00e7\u00fcn dayan\u0131ql\u0131 v\u0259 t\u0259kmil idar\u0259etm\u0259 sistemi v\u0259 mexanizml\u0259ri qurulmal\u0131d\u0131r. Bu bax\u0131mdan Prezidentin x\u00fcsusi n\u00fcmay\u0259nd\u0259l\u0259r institutunun t\u0259sis olunmas\u0131 m\u00fcst\u0259sna \u0259h\u0259miyy\u0259t k\u0259sb edir&#8221;.<\/p>\n<p>K.Bayramov vur\u011fulay\u0131b ki, x\u00fcsusi n\u00fcmay\u0259nd\u0259l\u0259rin \u0259sas v\u0259zif\u0259l\u0259rin\u0259 i\u015f\u011faldan azad olunmu\u015f \u0259razil\u0259rd\u0259 quruculuq, b\u0259rpa v\u0259 yenid\u0259nqurma i\u015fl\u0259rinin s\u00fcr\u0259tl\u0259ndirilm\u0259si, bu sah\u0259d\u0259 d\u00f6vl\u0259t orqanlar\u0131n\u0131n v\u0259 dig\u0259r t\u0259\u015fkilatlar\u0131n \u0259laq\u0259l\u0259ndirilmi\u015f f\u0259aliyy\u0259tinin g\u00fccl\u0259ndirilm\u0259si, habel\u0259 idar\u0259etm\u0259d\u0259 \u00e7evikliyin v\u0259 s\u0259m\u0259r\u0259liliyin art\u0131r\u0131lmas\u0131 daxildir:<\/p>\n<p>&#8220;\u00d6lk\u0259miz \u00fc\u00e7\u00fcn yeni bir institut olan x\u00fcsusi n\u00fcmay\u0259nd\u0259l\u0259rin is\u0259 Prezident\u0259 birba\u015fa tabe\u00e7iliyi, onu h\u0259min \u0259razil\u0259rd\u0259 t\u0259msil etm\u0259si \u00f6lk\u0259mizin m\u00fclki idar\u0259etm\u0259 siyas\u0259tind\u0259 he\u00e7 bir neqativ hallara yol verm\u0259d\u0259n yeni modelin formala\u015fmas\u0131na, Qaraba\u011fa B\u00f6y\u00fck Qay\u0131d\u0131\u015f\u0131n s\u00fcr\u0259tl\u0259 t\u0259min edilm\u0259sin\u0259 xidm\u0259t ed\u0259c\u0259k&#8221;.<\/p>\n","protected":false},"excerpt":{"rendered":"<p>30 il\u0259 yax\u0131n m\u00fcdd\u0259t \u0259rzind\u0259 i\u015f\u011fal alt\u0131nda olmu\u015f v\u0259 m\u00fcz\u0259ff\u0259r Az\u0259rbaycan Ordusu t\u0259r\u0259find\u0259n i\u015f\u011fal\u00e7\u0131lardan azad edilmi\u015f torpaqlar\u0131m\u0131z erm\u0259ni separat\u00e7\u0131lar\u0131 v\u0259 terror\u00e7ular\u0131 t\u0259r\u0259find\u0259n xarabal\u0131\u011fa \u00e7evrilib, d\u00f6vl\u0259timiz\u0259 v\u0259 xalq\u0131m\u0131za m\u0259xsus olan tarixi, dini v\u0259 m\u0259d\u0259ni abid\u0259l\u0259r m\u0259hv edilib, t\u0259bii s\u0259rv\u0259tl\u0259r talan\u0131b. ARANTV.AZ\u00a0 bildirir ki, bunu\u00a0Trend-\u0259\u00a0Milli M\u0259clisin deputat\u0131 Kamran Bayramov deyib. Deputat bildirib ki, f\u0259rqli x\u00fcsusiyy\u0259tl\u0259ri olan bu \u0259razil\u0259rd\u0259, t\u0259bii ki, i\u015f\u011fal s\u0259b\u0259bind\u0259n he\u00e7 bir idar\u0259etm\u0259d\u0259n s\u00f6z ged\u0259 bilm\u0259zdi: &#8220;Haz\u0131rda da h\u0259min \u0259razil\u0259rin \u0259ks\u0259r hiss\u0259si b\u0259rbad v\u0259ziyy\u0259td\u0259dir, orada minat\u0259mizl\u0259m\u0259, b\u0259rpa, abadl\u0131q-quruculuq i\u015fl\u0259ri apar\u0131lmal\u0131d\u0131r, torpaqlara qay\u0131dacaq soyda\u015flar\u0131m\u0131z\u0131n layiqli ya\u015fay\u0131\u015f t\u0259rzin\u0259 cavab ver\u0259n m\u00fcvafiq infrastruktur&hellip;<\/p>\n","protected":false},"author":2,"featured_media":286066,"comment_status":"closed","ping_status":"closed","sticky":false,"template":"","format":"standard","meta":{"om_disable_all_campaigns":false,"_monsterinsights_skip_tracking":false,"_monsterinsights_sitenote_active":false,"_monsterinsights_sitenote_note":"","_monsterinsights_sitenote_category":0},"categories":[4],"tags":[],"aioseo_notices":[],"gutentor_comment":0,"rttpg_featured_image_url":{"full":["https:\/\/arantv.az\/wp-content\/uploads\/2021\/02\/919441.jpg",800,600,false],"landscape":["https:\/\/arantv.az\/wp-content\/uploads\/2021\/02\/919441.jpg",800,600,false],"portraits":["https:\/\/arantv.az\/wp-content\/uploads\/2021\/02\/919441.jpg",800,600,false],"thumbnail":["https:\/\/arantv.az\/wp-content\/uploads\/2021\/02\/919441-150x150.jpg",150,150,true],"medium":["https:\/\/arantv.az\/wp-content\/uploads\/2021\/02\/919441-300x225.jpg",300,225,true],"large":["https:\/\/arantv.az\/wp-content\/uploads\/2021\/02\/919441.jpg",640,480,false],"1536x1536":["https:\/\/arantv.az\/wp-content\/uploads\/2021\/02\/919441.jpg",800,600,false],"2048x2048":["https:\/\/arantv.az\/wp-content\/uploads\/2021\/02\/919441.jpg",800,600,false],"post-thumbnail":["https:\/\/arantv.az\/wp-content\/uploads\/2021\/02\/919441-240x172.jpg",240,172,true],"advps-thumb-one":["https:\/\/arantv.az\/wp-content\/uploads\/2021\/02\/919441.jpg",800,600,false]},"rttpg_author":{"display_name":"V\u00fcsal Rafiqo\u011flu","author_link":"https:\/\/arantv.az\/?author=2"},"rttpg_comment":0,"rttpg_category":"<a href=\"https:\/\/arantv.az\/?cat=4\" rel=\"category\">Siyas\u0259t<\/a>","rttpg_excerpt":"30 il\u0259 yax\u0131n m\u00fcdd\u0259t \u0259rzind\u0259 i\u015f\u011fal alt\u0131nda olmu\u015f v\u0259 m\u00fcz\u0259ff\u0259r Az\u0259rbaycan Ordusu t\u0259r\u0259find\u0259n i\u015f\u011fal\u00e7\u0131lardan azad edilmi\u015f torpaqlar\u0131m\u0131z erm\u0259ni separat\u00e7\u0131lar\u0131 v\u0259 terror\u00e7ular\u0131 t\u0259r\u0259find\u0259n xarabal\u0131\u011fa \u00e7evrilib, d\u00f6vl\u0259timiz\u0259 v\u0259 xalq\u0131m\u0131za m\u0259xsus olan tarixi, dini v\u0259 m\u0259d\u0259ni abid\u0259l\u0259r m\u0259hv edilib, t\u0259bii s\u0259rv\u0259tl\u0259r talan\u0131b. ARANTV.AZ\u00a0 bildirir ki, bunu\u00a0Trend-\u0259\u00a0Milli M\u0259clisin deputat\u0131 Kamran Bayramov deyib. Deputat bildirib ki, f\u0259rqli x\u00fcsusiyy\u0259tl\u0259ri olan bu&hellip;","_links":{"self":[{"href":"https:\/\/arantv.az\/index.php?rest_route=\/wp\/v2\/posts\/286065"}],"collection":[{"href":"https:\/\/arantv.az\/index.php?rest_route=\/wp\/v2\/posts"}],"about":[{"href":"https:\/\/arantv.az\/index.php?rest_route=\/wp\/v2\/types\/post"}],"author":[{"embeddable":true,"href":"https:\/\/arantv.az\/index.php?rest_route=\/wp\/v2\/users\/2"}],"replies":[{"embeddable":true,"href":"https:\/\/arantv.az\/index.php?rest_route=%2Fwp%2Fv2%2Fcomments&post=286065"}],"version-history":[{"count":0,"href":"https:\/\/arantv.az\/index.php?rest_route=\/wp\/v2\/posts\/286065\/revisions"}],"wp:featuredmedia":[{"embeddable":true,"href":"https:\/\/arantv.az\/index.php?rest_route=\/wp\/v2\/media\/286066"}],"wp:attachment":[{"href":"https:\/\/arantv.az\/index.php?rest_route=%2Fwp%2Fv2%2Fmedia&parent=286065"}],"wp:term":[{"taxonomy":"category","embeddable":true,"href":"https:\/\/arantv.az\/index.php?rest_route=%2Fwp%2Fv2%2Fcategories&post=286065"},{"taxonomy":"post_tag","embeddable":true,"href":"https:\/\/arantv.az\/index.php?rest_route=%2Fwp%2Fv2%2Ftags&post=286065"}],"curies":[{"name":"wp","href":"https:\/\/api.w.org\/{rel}","templated":true}]}}