{"id":286069,"date":"2021-02-04T11:20:07","date_gmt":"2021-02-04T08:20:07","guid":{"rendered":"http:\/\/arantv.az\/?p=286069"},"modified":"2021-02-04T11:20:07","modified_gmt":"2021-02-04T08:20:07","slug":"sumqayitda-kutl%c9%99vi-davanin-istirakcilarinin-m%c9%99hk%c9%99m%c9%99si-basladi","status":"publish","type":"post","link":"https:\/\/arantv.az\/?p=286069","title":{"rendered":"Sumqay\u0131tda k\u00fctl\u0259vi davan\u0131n i\u015ftirak\u00e7\u0131lar\u0131n\u0131n m\u0259hk\u0259m\u0259si ba\u015flad\u0131"},"content":{"rendered":"<p><strong>Sumqay\u0131t \u015f\u0259h\u0259rind\u0259 q\u0259tl hadis\u0259si t\u00f6r\u0259tm\u0259kd\u0259 t\u0259qsirli bilin\u0259n F\u0259rid \u018fzizli, onunla birlikd\u0259 xuliqanl\u0131qda ittiham olunan K\u0259rim \u015e\u00fck\u00fcrov v\u0259 \u018fziz \u018fzizlinin cinay\u0259t i\u015fi \u00fczr\u0259 m\u0259hk\u0259m\u0259 prosesi ba\u015flay\u0131b.<\/strong><\/p>\n<p><strong>ARANTV.AZ<\/strong> teleqraf.com-a istinad\u0259n x\u0259b\u0259r verir ki, Bak\u0131 A\u011f\u0131r Cinay\u0259tl\u0259r M\u0259hk\u0259m\u0259sind\u0259 hakim Az\u0259r Pa\u015fayevin s\u0259drliyi il\u0259 ba\u015f tutan iclasda t\u0259qsirl\u0259ndiril\u0259n \u015f\u0259xsl\u0259rin anket m\u0259lumatlar\u0131 d\u0259qiql\u0259\u015fdirilib.<\/p>\n<p>M\u0259hk\u0259m\u0259 bax\u0131\u015f\u0131 fevral\u0131n 16-na t\u0259yin olunub.<\/p>\n<p>\u0130ttihama g\u00f6r\u0259, \u00f6t\u0259n ilin iyulun 19-da saat 23 rad\u0259l\u0259rind\u0259 Sumqay\u0131t \u015f\u0259h\u0259ri \u0259razisind\u0259 1995-ci il t\u0259v\u0259ll\u00fcdl\u00fc Ramid Sevindikzad\u0259nin \u00f6ld\u00fcr\u00fclm\u0259si bar\u0259d\u0259 m\u0259lumat daxil olub.<\/p>\n<p>D\u0259rhal prokurorluq \u0259m\u0259kda\u015flar\u0131 t\u0259r\u0259find\u0259n m\u0259hk\u0259m\u0259-tibb ekspertinin i\u015ftirak\u0131 il\u0259 hadis\u0259 yerin\u0259 v\u0259 meyit\u0259 bax\u0131\u015f ke\u00e7irilib, dig\u0259r prosessual h\u0259r\u0259k\u0259tl\u0259r yerin\u0259 yetirilib.<\/p>\n<p>\u0130stintaqla 2003-c\u00fc il t\u0259v\u0259ll\u00fcdl\u00fc F\u0259rid \u018fzizlinin \u015f\u0259xsi m\u00fcnasib\u0259tl\u0259r z\u0259minind\u0259 aralar\u0131nda yaranm\u0131\u015f m\u00fcbahis\u0259 zaman\u0131 Ramid Sevindikzad\u0259y\u0259 b\u0131\u00e7aq z\u0259rb\u0259l\u0259ri vurub, onu q\u0259sd\u0259n \u00f6ld\u00fcrm\u0259sin\u0259 \u0259sasl\u0131 \u015f\u00fcbh\u0259l\u0259r m\u00fc\u0259yy\u0259n edilib.<\/p>\n<p>F\u0259rid \u018fzizli \u015f\u00fcbh\u0259li \u015f\u0259xs qismind\u0259 tutularaq istintaqa c\u0259lb edilib.<\/p>\n<div>\n<div id=\"AdviadNativeVideo0\" class=\"AdviadNativeVideo\"><\/div>\n<\/div>\n<p>\u0130stintaq orqan\u0131 t\u0259r\u0259fid\u0259n F\u0259rid \u018fzizlinin bar\u0259sind\u0259 Cinay\u0259t M\u0259c\u0259ll\u0259sinin 120.2.2-ci (xuliqanl\u0131q niyy\u0259ti il\u0259 adam \u00f6ld\u00fcrm\u0259) madd\u0259si il\u0259 ittiham elan edilib.<\/p>\n<p>Bundan ba\u015fqa, F\u0259rid \u018fzizli il\u0259 birlikd\u0259 olan K\u0259rim \u015e\u00fck\u00fcrov v\u0259 \u018fziz \u018fzizli d\u0259 k\u00fctl\u0259vi dava da i\u015ftirak edib. K\u0259rim \u015e\u00fck\u00fcrov v\u0259 \u018fziz \u018fzizli d\u0259 m\u0259suliyy\u0259t\u0259 d\u0259 c\u0259lb olunub.<\/p>\n<p>Dava zaman\u0131 &#8211; Azad Aslanov v\u0259 R\u00fcf\u0259t N\u0259sirov da x\u0259sar\u0259t ald\u0131qlar\u0131 \u00fc\u00e7\u00fcn cinay\u0259t i\u015f.i \u00fczr\u0259 z\u0259r\u0259r\u00e7\u0259kmi\u015f \u015f\u0259xs qismind\u0259 tan\u0131n\u0131blar.<\/p>\n<p>K\u0259rim \u015e\u00fck\u00fcrov v\u0259 \u018fziz \u018fzizlinin bar\u0259sind\u0259 Cinay\u0259t M\u0259c\u0259ll\u0259sinin 221.1-ci (xuliqanl\u0131q) madd\u0259si il\u0259 ittiham elan olunub.<\/p>\n","protected":false},"excerpt":{"rendered":"<p>Sumqay\u0131t \u015f\u0259h\u0259rind\u0259 q\u0259tl hadis\u0259si t\u00f6r\u0259tm\u0259kd\u0259 t\u0259qsirli bilin\u0259n F\u0259rid \u018fzizli, onunla birlikd\u0259 xuliqanl\u0131qda ittiham olunan K\u0259rim \u015e\u00fck\u00fcrov v\u0259 \u018fziz \u018fzizlinin cinay\u0259t i\u015fi \u00fczr\u0259 m\u0259hk\u0259m\u0259 prosesi ba\u015flay\u0131b. ARANTV.AZ teleqraf.com-a istinad\u0259n x\u0259b\u0259r verir ki, Bak\u0131 A\u011f\u0131r Cinay\u0259tl\u0259r M\u0259hk\u0259m\u0259sind\u0259 hakim Az\u0259r Pa\u015fayevin s\u0259drliyi il\u0259 ba\u015f tutan iclasda t\u0259qsirl\u0259ndiril\u0259n \u015f\u0259xsl\u0259rin anket m\u0259lumatlar\u0131 d\u0259qiql\u0259\u015fdirilib. M\u0259hk\u0259m\u0259 bax\u0131\u015f\u0131 fevral\u0131n 16-na t\u0259yin olunub. \u0130ttihama g\u00f6r\u0259, \u00f6t\u0259n ilin iyulun 19-da saat 23 rad\u0259l\u0259rind\u0259 Sumqay\u0131t \u015f\u0259h\u0259ri \u0259razisind\u0259 1995-ci il t\u0259v\u0259ll\u00fcdl\u00fc Ramid Sevindikzad\u0259nin \u00f6ld\u00fcr\u00fclm\u0259si bar\u0259d\u0259 m\u0259lumat daxil olub. D\u0259rhal prokurorluq \u0259m\u0259kda\u015flar\u0131 t\u0259r\u0259find\u0259n m\u0259hk\u0259m\u0259-tibb ekspertinin i\u015ftirak\u0131 il\u0259 hadis\u0259 yerin\u0259 v\u0259 meyit\u0259 bax\u0131\u015f ke\u00e7irilib,&hellip;<\/p>\n","protected":false},"author":2,"featured_media":286070,"comment_status":"closed","ping_status":"closed","sticky":false,"template":"","format":"standard","meta":{"om_disable_all_campaigns":false,"_monsterinsights_skip_tracking":false,"_monsterinsights_sitenote_active":false,"_monsterinsights_sitenote_note":"","_monsterinsights_sitenote_category":0},"categories":[5],"tags":[],"aioseo_notices":[],"gutentor_comment":0,"rttpg_featured_image_url":{"full":["https:\/\/arantv.az\/wp-content\/uploads\/2021\/02\/hebs_0874.jpg",800,600,false],"landscape":["https:\/\/arantv.az\/wp-content\/uploads\/2021\/02\/hebs_0874.jpg",800,600,false],"portraits":["https:\/\/arantv.az\/wp-content\/uploads\/2021\/02\/hebs_0874.jpg",800,600,false],"thumbnail":["https:\/\/arantv.az\/wp-content\/uploads\/2021\/02\/hebs_0874-150x150.jpg",150,150,true],"medium":["https:\/\/arantv.az\/wp-content\/uploads\/2021\/02\/hebs_0874-300x225.jpg",300,225,true],"large":["https:\/\/arantv.az\/wp-content\/uploads\/2021\/02\/hebs_0874.jpg",640,480,false],"1536x1536":["https:\/\/arantv.az\/wp-content\/uploads\/2021\/02\/hebs_0874.jpg",800,600,false],"2048x2048":["https:\/\/arantv.az\/wp-content\/uploads\/2021\/02\/hebs_0874.jpg",800,600,false],"post-thumbnail":["https:\/\/arantv.az\/wp-content\/uploads\/2021\/02\/hebs_0874-240x172.jpg",240,172,true],"advps-thumb-one":["https:\/\/arantv.az\/wp-content\/uploads\/2021\/02\/hebs_0874.jpg",800,600,false]},"rttpg_author":{"display_name":"V\u00fcsal Rafiqo\u011flu","author_link":"https:\/\/arantv.az\/?author=2"},"rttpg_comment":0,"rttpg_category":"<a href=\"https:\/\/arantv.az\/?cat=5\" rel=\"category\">Hadis\u0259<\/a>","rttpg_excerpt":"Sumqay\u0131t \u015f\u0259h\u0259rind\u0259 q\u0259tl hadis\u0259si t\u00f6r\u0259tm\u0259kd\u0259 t\u0259qsirli bilin\u0259n F\u0259rid \u018fzizli, onunla birlikd\u0259 xuliqanl\u0131qda ittiham olunan K\u0259rim \u015e\u00fck\u00fcrov v\u0259 \u018fziz \u018fzizlinin cinay\u0259t i\u015fi \u00fczr\u0259 m\u0259hk\u0259m\u0259 prosesi ba\u015flay\u0131b. ARANTV.AZ teleqraf.com-a istinad\u0259n x\u0259b\u0259r verir ki, Bak\u0131 A\u011f\u0131r Cinay\u0259tl\u0259r M\u0259hk\u0259m\u0259sind\u0259 hakim Az\u0259r Pa\u015fayevin s\u0259drliyi il\u0259 ba\u015f tutan iclasda t\u0259qsirl\u0259ndiril\u0259n \u015f\u0259xsl\u0259rin anket m\u0259lumatlar\u0131 d\u0259qiql\u0259\u015fdirilib. M\u0259hk\u0259m\u0259 bax\u0131\u015f\u0131 fevral\u0131n 16-na t\u0259yin olunub. \u0130ttihama&hellip;","_links":{"self":[{"href":"https:\/\/arantv.az\/index.php?rest_route=\/wp\/v2\/posts\/286069"}],"collection":[{"href":"https:\/\/arantv.az\/index.php?rest_route=\/wp\/v2\/posts"}],"about":[{"href":"https:\/\/arantv.az\/index.php?rest_route=\/wp\/v2\/types\/post"}],"author":[{"embeddable":true,"href":"https:\/\/arantv.az\/index.php?rest_route=\/wp\/v2\/users\/2"}],"replies":[{"embeddable":true,"href":"https:\/\/arantv.az\/index.php?rest_route=%2Fwp%2Fv2%2Fcomments&post=286069"}],"version-history":[{"count":0,"href":"https:\/\/arantv.az\/index.php?rest_route=\/wp\/v2\/posts\/286069\/revisions"}],"wp:featuredmedia":[{"embeddable":true,"href":"https:\/\/arantv.az\/index.php?rest_route=\/wp\/v2\/media\/286070"}],"wp:attachment":[{"href":"https:\/\/arantv.az\/index.php?rest_route=%2Fwp%2Fv2%2Fmedia&parent=286069"}],"wp:term":[{"taxonomy":"category","embeddable":true,"href":"https:\/\/arantv.az\/index.php?rest_route=%2Fwp%2Fv2%2Fcategories&post=286069"},{"taxonomy":"post_tag","embeddable":true,"href":"https:\/\/arantv.az\/index.php?rest_route=%2Fwp%2Fv2%2Ftags&post=286069"}],"curies":[{"name":"wp","href":"https:\/\/api.w.org\/{rel}","templated":true}]}}