{"id":286073,"date":"2021-02-04T11:20:59","date_gmt":"2021-02-04T08:20:59","guid":{"rendered":"http:\/\/arantv.az\/?p=286073"},"modified":"2021-02-04T11:20:59","modified_gmt":"2021-02-04T08:20:59","slug":"ambulator-mualic%c9%99-uzr%c9%99-d%c9%99rmanlar-da-sigorta-z%c9%99rfin%c9%99-daxil-edil%c9%99-bil%c9%99r-agentlik-s%c9%99dri","status":"publish","type":"post","link":"https:\/\/arantv.az\/?p=286073","title":{"rendered":"&#8220;Ambulator m\u00fcalic\u0259 \u00fczr\u0259 d\u0259rmanlar da s\u0131\u011forta z\u0259rfin\u0259 daxil edil\u0259 bil\u0259r&#8221; &#8211; Agentlik s\u0259dri"},"content":{"rendered":"<blockquote><p><em><strong>\u0130cbari tibbi s\u0131\u011fortan\u0131n \u0259hat\u0259 olundu\u011fu \u0259razil\u0259rd\u0259 ilk ild\u0259 ambulator xidm\u0259t \u00fc\u00e7\u00fcn d\u0259rman t\u0259chizat\u0131 n\u0259z\u0259rd\u0259 tutulmay\u0131b.<\/strong><\/em><\/p><\/blockquote>\n<p><strong>ARANTV.AZ<\/strong>\u00a0\u00a0<a href=\"https:\/\/az.trend.az\/\" target=\"_blank\" rel=\"noopener\">Trend<\/a>-\u0259 istinad\u0259n bildirir ki,\u00a0bunu \u0130cbari Tibbi S\u0131\u011forta \u00fczr\u0259 D\u00f6vl\u0259t Agentliyinin s\u0259dri Zaur \u018fliyev 2020-ci ilin yekunlar\u0131 il\u0259 ba\u011fl\u0131 ke\u00e7irdiyi m\u0259tbuat konfrans\u0131nda deyib.<\/p>\n<p>Onun s\u00f6zl\u0259rin\u0259 g\u00f6r\u0259, haz\u0131rda stasionar v\u0259 t\u0259cili yard\u0131m xidm\u0259tl\u0259ri \u00fczr\u0259 b\u00fct\u00fcn d\u0259rmanlarla t\u0259chizat t\u0259min edilir: &#8220;Ambulator yard\u0131m \u00fczr\u0259 is\u0259 ilk ild\u0259 d\u0259rman t\u0259minat\u0131 n\u0259z\u0259rd\u0259 tutulmay\u0131b. Amma daha sonra d\u0259rman t\u0259minat\u0131n\u0131n da xidm\u0259tl\u0259r z\u0259rfin\u0259 \u0259lav\u0259 edilm\u0259si planla\u015fd\u0131r\u0131l\u0131r&#8221;.<\/p>\n","protected":false},"excerpt":{"rendered":"<p>\u0130cbari tibbi s\u0131\u011fortan\u0131n \u0259hat\u0259 olundu\u011fu \u0259razil\u0259rd\u0259 ilk ild\u0259 ambulator xidm\u0259t \u00fc\u00e7\u00fcn d\u0259rman t\u0259chizat\u0131 n\u0259z\u0259rd\u0259 tutulmay\u0131b. ARANTV.AZ\u00a0\u00a0Trend-\u0259 istinad\u0259n bildirir ki,\u00a0bunu \u0130cbari Tibbi S\u0131\u011forta \u00fczr\u0259 D\u00f6vl\u0259t Agentliyinin s\u0259dri Zaur \u018fliyev 2020-ci ilin yekunlar\u0131 il\u0259 ba\u011fl\u0131 ke\u00e7irdiyi m\u0259tbuat konfrans\u0131nda deyib. Onun s\u00f6zl\u0259rin\u0259 g\u00f6r\u0259, haz\u0131rda stasionar v\u0259 t\u0259cili yard\u0131m xidm\u0259tl\u0259ri \u00fczr\u0259 b\u00fct\u00fcn d\u0259rmanlarla t\u0259chizat t\u0259min edilir: &#8220;Ambulator yard\u0131m \u00fczr\u0259 is\u0259 ilk ild\u0259 d\u0259rman t\u0259minat\u0131 n\u0259z\u0259rd\u0259 tutulmay\u0131b. Amma daha sonra d\u0259rman t\u0259minat\u0131n\u0131n da xidm\u0259tl\u0259r z\u0259rfin\u0259 \u0259lav\u0259 edilm\u0259si planla\u015fd\u0131r\u0131l\u0131r&#8221;.<\/p>\n","protected":false},"author":2,"featured_media":286074,"comment_status":"closed","ping_status":"closed","sticky":false,"template":"","format":"standard","meta":{"om_disable_all_campaigns":false,"_monsterinsights_skip_tracking":false,"_monsterinsights_sitenote_active":false,"_monsterinsights_sitenote_note":"","_monsterinsights_sitenote_category":0},"categories":[26],"tags":[],"aioseo_notices":[],"gutentor_comment":0,"rttpg_featured_image_url":{"full":["https:\/\/arantv.az\/wp-content\/uploads\/2021\/02\/derman_0158.jpg",800,600,false],"landscape":["https:\/\/arantv.az\/wp-content\/uploads\/2021\/02\/derman_0158.jpg",800,600,false],"portraits":["https:\/\/arantv.az\/wp-content\/uploads\/2021\/02\/derman_0158.jpg",800,600,false],"thumbnail":["https:\/\/arantv.az\/wp-content\/uploads\/2021\/02\/derman_0158-150x150.jpg",150,150,true],"medium":["https:\/\/arantv.az\/wp-content\/uploads\/2021\/02\/derman_0158-300x225.jpg",300,225,true],"large":["https:\/\/arantv.az\/wp-content\/uploads\/2021\/02\/derman_0158.jpg",640,480,false],"1536x1536":["https:\/\/arantv.az\/wp-content\/uploads\/2021\/02\/derman_0158.jpg",800,600,false],"2048x2048":["https:\/\/arantv.az\/wp-content\/uploads\/2021\/02\/derman_0158.jpg",800,600,false],"post-thumbnail":["https:\/\/arantv.az\/wp-content\/uploads\/2021\/02\/derman_0158-240x172.jpg",240,172,true],"advps-thumb-one":["https:\/\/arantv.az\/wp-content\/uploads\/2021\/02\/derman_0158.jpg",800,600,false]},"rttpg_author":{"display_name":"V\u00fcsal Rafiqo\u011flu","author_link":"https:\/\/arantv.az\/?author=2"},"rttpg_comment":0,"rttpg_category":"<a href=\"https:\/\/arantv.az\/?cat=26\" rel=\"category\">Sosial<\/a>","rttpg_excerpt":"\u0130cbari tibbi s\u0131\u011fortan\u0131n \u0259hat\u0259 olundu\u011fu \u0259razil\u0259rd\u0259 ilk ild\u0259 ambulator xidm\u0259t \u00fc\u00e7\u00fcn d\u0259rman t\u0259chizat\u0131 n\u0259z\u0259rd\u0259 tutulmay\u0131b. ARANTV.AZ\u00a0\u00a0Trend-\u0259 istinad\u0259n bildirir ki,\u00a0bunu \u0130cbari Tibbi S\u0131\u011forta \u00fczr\u0259 D\u00f6vl\u0259t Agentliyinin s\u0259dri Zaur \u018fliyev 2020-ci ilin yekunlar\u0131 il\u0259 ba\u011fl\u0131 ke\u00e7irdiyi m\u0259tbuat konfrans\u0131nda deyib. Onun s\u00f6zl\u0259rin\u0259 g\u00f6r\u0259, haz\u0131rda stasionar v\u0259 t\u0259cili yard\u0131m xidm\u0259tl\u0259ri \u00fczr\u0259 b\u00fct\u00fcn d\u0259rmanlarla t\u0259chizat t\u0259min edilir: &#8220;Ambulator yard\u0131m \u00fczr\u0259&hellip;","_links":{"self":[{"href":"https:\/\/arantv.az\/index.php?rest_route=\/wp\/v2\/posts\/286073"}],"collection":[{"href":"https:\/\/arantv.az\/index.php?rest_route=\/wp\/v2\/posts"}],"about":[{"href":"https:\/\/arantv.az\/index.php?rest_route=\/wp\/v2\/types\/post"}],"author":[{"embeddable":true,"href":"https:\/\/arantv.az\/index.php?rest_route=\/wp\/v2\/users\/2"}],"replies":[{"embeddable":true,"href":"https:\/\/arantv.az\/index.php?rest_route=%2Fwp%2Fv2%2Fcomments&post=286073"}],"version-history":[{"count":0,"href":"https:\/\/arantv.az\/index.php?rest_route=\/wp\/v2\/posts\/286073\/revisions"}],"wp:featuredmedia":[{"embeddable":true,"href":"https:\/\/arantv.az\/index.php?rest_route=\/wp\/v2\/media\/286074"}],"wp:attachment":[{"href":"https:\/\/arantv.az\/index.php?rest_route=%2Fwp%2Fv2%2Fmedia&parent=286073"}],"wp:term":[{"taxonomy":"category","embeddable":true,"href":"https:\/\/arantv.az\/index.php?rest_route=%2Fwp%2Fv2%2Fcategories&post=286073"},{"taxonomy":"post_tag","embeddable":true,"href":"https:\/\/arantv.az\/index.php?rest_route=%2Fwp%2Fv2%2Ftags&post=286073"}],"curies":[{"name":"wp","href":"https:\/\/api.w.org\/{rel}","templated":true}]}}