{"id":28609,"date":"2018-12-20T15:43:11","date_gmt":"2018-12-20T12:43:11","guid":{"rendered":"http:\/\/arantv.az\/?p=28609"},"modified":"2018-12-20T15:43:11","modified_gmt":"2018-12-20T12:43:11","slug":"bp-az%c9%99rbaycan-sirk%c9%99tl%c9%99rinin-regionlardaki-layih%c9%99l%c9%99rd%c9%99-istirakinda-maraqlidir","status":"publish","type":"post","link":"https:\/\/arantv.az\/?p=28609","title":{"rendered":"BP Az\u0259rbaycan \u015firk\u0259tl\u0259rinin regionlardak\u0131 layih\u0259l\u0259rd\u0259 i\u015ftirak\u0131nda maraql\u0131d\u0131r"},"content":{"rendered":"<blockquote><p><em><strong>BP v\u0259 t\u0259r\u0259fda\u015flar\u0131 Az\u0259rbaycan \u015firk\u0259tl\u0259rinin regionlardak\u0131 layih\u0259l\u0259rd\u0259 i\u015ftirak\u0131n\u0131n geni\u015fl\u0259nm\u0259sind\u0259 maraql\u0131d\u0131r.<\/strong><\/em><\/p><\/blockquote>\n<p><strong>ARANTV.AZ<\/strong> trend-\u0259 istinad\u0259n x\u0259b\u0259r verir ki, bunu &#8220;BP Azerbaijan&#8221;\u0131n vitse-prezidenti B\u0259xtiyar Aslanb\u0259yli BP il\u0259 Ki\u00e7ik v\u0259 Orta Biznesin \u0130nki\u015faf\u0131 Agentliyi aras\u0131nda Anla\u015fma Memorandumunun imzalanmas\u0131 m\u0259rasimind\u0259 deyib.<\/p>\n<p>Memorandum \u00f6lk\u0259d\u0259 ki\u00e7ik v\u0259 orta sahibkarl\u0131\u011f\u0131n inki\u015faf\u0131na d\u0259st\u0259yi n\u0259z\u0259rd\u0259 tutur.<\/p>\n<p>B.Aslanb\u0259yli qeyd edib ki, BP Az\u0259rbaycanda 26 illik f\u0259aliyy\u0259ti d\u00f6vr\u00fcnd\u0259 t\u0259r\u0259fda\u015flarla birg\u0259 \u00f6lk\u0259nin enerji sektoruna t\u00f6hf\u0259 verib.<\/p>\n<div id=\"AdributorNativeVideo0\" class=\"AdributorNativeVideo\"><\/div>\n<p>O h\u0259m\u00e7inin \u00f6lk\u0259d\u0259 2007-ci ild\u0259n realla\u015fd\u0131r\u0131lan sahibkarl\u0131\u011f\u0131n inki\u015faf\u0131 proqram\u0131na toxunub. Onun s\u00f6zl\u0259rin\u0259 g\u00f6r\u0259, proqram\u0131n m\u0259qs\u0259di \u00f6lk\u0259d\u0259 sahibkarl\u0131\u011f\u0131n inki\u015faf\u0131na t\u0259kan verm\u0259kdir. Proqramdan 2 min\u0259d\u0259k ki\u00e7ik v\u0259 orta sahibkarl\u0131q obyekti yararlan\u0131b.<\/p>\n<p>Ki\u00e7ik v\u0259 Orta Biznesin \u0130nki\u015faf\u0131 Agentliyi bar\u0259d\u0259 dan\u0131\u015fan B.Aslanb\u0259yli vur\u011fulay\u0131b ki, qurum az m\u00fcdd\u0259td\u0259 f\u0259aliyy\u0259t g\u00f6st\u0259rm\u0259sin\u0259 baxmayaraq, kifay\u0259t q\u0259d\u0259r b\u00f6y\u00fck u\u011furlara nail olub.<\/p>\n","protected":false},"excerpt":{"rendered":"<p>BP v\u0259 t\u0259r\u0259fda\u015flar\u0131 Az\u0259rbaycan \u015firk\u0259tl\u0259rinin regionlardak\u0131 layih\u0259l\u0259rd\u0259 i\u015ftirak\u0131n\u0131n geni\u015fl\u0259nm\u0259sind\u0259 maraql\u0131d\u0131r. ARANTV.AZ trend-\u0259 istinad\u0259n x\u0259b\u0259r verir ki, bunu &#8220;BP Azerbaijan&#8221;\u0131n vitse-prezidenti B\u0259xtiyar Aslanb\u0259yli BP il\u0259 Ki\u00e7ik v\u0259 Orta Biznesin \u0130nki\u015faf\u0131 Agentliyi aras\u0131nda Anla\u015fma Memorandumunun imzalanmas\u0131 m\u0259rasimind\u0259 deyib. Memorandum \u00f6lk\u0259d\u0259 ki\u00e7ik v\u0259 orta sahibkarl\u0131\u011f\u0131n inki\u015faf\u0131na d\u0259st\u0259yi n\u0259z\u0259rd\u0259 tutur. B.Aslanb\u0259yli qeyd edib ki, BP Az\u0259rbaycanda 26 illik f\u0259aliyy\u0259ti d\u00f6vr\u00fcnd\u0259 t\u0259r\u0259fda\u015flarla birg\u0259 \u00f6lk\u0259nin enerji sektoruna t\u00f6hf\u0259 verib. O h\u0259m\u00e7inin \u00f6lk\u0259d\u0259 2007-ci ild\u0259n realla\u015fd\u0131r\u0131lan sahibkarl\u0131\u011f\u0131n inki\u015faf\u0131 proqram\u0131na toxunub. Onun s\u00f6zl\u0259rin\u0259 g\u00f6r\u0259, proqram\u0131n m\u0259qs\u0259di \u00f6lk\u0259d\u0259 sahibkarl\u0131\u011f\u0131n inki\u015faf\u0131na t\u0259kan verm\u0259kdir. Proqramdan 2 min\u0259d\u0259k ki\u00e7ik v\u0259 orta sahibkarl\u0131q&hellip;<\/p>\n","protected":false},"author":2,"featured_media":28610,"comment_status":"closed","ping_status":"closed","sticky":false,"template":"","format":"standard","meta":{"om_disable_all_campaigns":false,"_monsterinsights_skip_tracking":false,"_monsterinsights_sitenote_active":false,"_monsterinsights_sitenote_note":"","_monsterinsights_sitenote_category":0},"categories":[1],"tags":[],"aioseo_notices":[],"gutentor_comment":0,"rttpg_featured_image_url":{"full":["https:\/\/arantv.az\/wp-content\/uploads\/2018\/12\/714286.jpg",600,450,false],"landscape":["https:\/\/arantv.az\/wp-content\/uploads\/2018\/12\/714286.jpg",600,450,false],"portraits":["https:\/\/arantv.az\/wp-content\/uploads\/2018\/12\/714286.jpg",600,450,false],"thumbnail":["https:\/\/arantv.az\/wp-content\/uploads\/2018\/12\/714286-150x150.jpg",150,150,true],"medium":["https:\/\/arantv.az\/wp-content\/uploads\/2018\/12\/714286-300x225.jpg",300,225,true],"large":["https:\/\/arantv.az\/wp-content\/uploads\/2018\/12\/714286.jpg",600,450,false],"1536x1536":["https:\/\/arantv.az\/wp-content\/uploads\/2018\/12\/714286.jpg",600,450,false],"2048x2048":["https:\/\/arantv.az\/wp-content\/uploads\/2018\/12\/714286.jpg",600,450,false],"post-thumbnail":["https:\/\/arantv.az\/wp-content\/uploads\/2018\/12\/714286-240x172.jpg",240,172,true],"advps-thumb-one":["https:\/\/arantv.az\/wp-content\/uploads\/2018\/12\/714286.jpg",600,450,false]},"rttpg_author":{"display_name":"V\u00fcsal Rafiqo\u011flu","author_link":"https:\/\/arantv.az\/?author=2"},"rttpg_comment":0,"rttpg_category":"<a href=\"https:\/\/arantv.az\/?cat=1\" rel=\"category\">C\u0259miyy\u0259t<\/a>","rttpg_excerpt":"BP v\u0259 t\u0259r\u0259fda\u015flar\u0131 Az\u0259rbaycan \u015firk\u0259tl\u0259rinin regionlardak\u0131 layih\u0259l\u0259rd\u0259 i\u015ftirak\u0131n\u0131n geni\u015fl\u0259nm\u0259sind\u0259 maraql\u0131d\u0131r. ARANTV.AZ trend-\u0259 istinad\u0259n x\u0259b\u0259r verir ki, bunu &#8220;BP Azerbaijan&#8221;\u0131n vitse-prezidenti B\u0259xtiyar Aslanb\u0259yli BP il\u0259 Ki\u00e7ik v\u0259 Orta Biznesin \u0130nki\u015faf\u0131 Agentliyi aras\u0131nda Anla\u015fma Memorandumunun imzalanmas\u0131 m\u0259rasimind\u0259 deyib. Memorandum \u00f6lk\u0259d\u0259 ki\u00e7ik v\u0259 orta sahibkarl\u0131\u011f\u0131n inki\u015faf\u0131na d\u0259st\u0259yi n\u0259z\u0259rd\u0259 tutur. B.Aslanb\u0259yli qeyd edib ki, BP Az\u0259rbaycanda 26 illik f\u0259aliyy\u0259ti&hellip;","_links":{"self":[{"href":"https:\/\/arantv.az\/index.php?rest_route=\/wp\/v2\/posts\/28609"}],"collection":[{"href":"https:\/\/arantv.az\/index.php?rest_route=\/wp\/v2\/posts"}],"about":[{"href":"https:\/\/arantv.az\/index.php?rest_route=\/wp\/v2\/types\/post"}],"author":[{"embeddable":true,"href":"https:\/\/arantv.az\/index.php?rest_route=\/wp\/v2\/users\/2"}],"replies":[{"embeddable":true,"href":"https:\/\/arantv.az\/index.php?rest_route=%2Fwp%2Fv2%2Fcomments&post=28609"}],"version-history":[{"count":0,"href":"https:\/\/arantv.az\/index.php?rest_route=\/wp\/v2\/posts\/28609\/revisions"}],"wp:featuredmedia":[{"embeddable":true,"href":"https:\/\/arantv.az\/index.php?rest_route=\/wp\/v2\/media\/28610"}],"wp:attachment":[{"href":"https:\/\/arantv.az\/index.php?rest_route=%2Fwp%2Fv2%2Fmedia&parent=28609"}],"wp:term":[{"taxonomy":"category","embeddable":true,"href":"https:\/\/arantv.az\/index.php?rest_route=%2Fwp%2Fv2%2Fcategories&post=28609"},{"taxonomy":"post_tag","embeddable":true,"href":"https:\/\/arantv.az\/index.php?rest_route=%2Fwp%2Fv2%2Ftags&post=28609"}],"curies":[{"name":"wp","href":"https:\/\/api.w.org\/{rel}","templated":true}]}}