{"id":286097,"date":"2021-02-04T11:26:39","date_gmt":"2021-02-04T08:26:39","guid":{"rendered":"http:\/\/arantv.az\/?p=286097"},"modified":"2021-02-04T11:26:39","modified_gmt":"2021-02-04T08:26:39","slug":"m%c9%99murlarin-susada-torpaq-z%c9%99bt-etm%c9%99k-niyy%c9%99tl%c9%99ri-xos-hal-deyil-deputat-s%c9%99rhi","status":"publish","type":"post","link":"https:\/\/arantv.az\/?p=286097","title":{"rendered":"M\u0259murlar\u0131n \u015eu\u015fada torpaq z\u0259bt etm\u0259k niyy\u0259tl\u0259ri xo\u015f hal deyil \u2013 Deputat \u015e\u018fRH\u0130"},"content":{"rendered":"<p>Milli M\u0259clisin H\u00fcquq siyas\u0259ti v\u0259 d\u00f6vl\u0259t quruculu\u011fu komit\u0259sinin \u00fczv\u00fc V\u00fcqar \u0130sk\u0259nd\u0259rov Prezident \u0130lham \u018fliyevin b\u0259zi m\u0259murlar\u0131n \u015eu\u015fada torpaqlar\u0131 z\u0259bt etm\u0259k bar\u0259d\u0259 \u00e7\u0131x\u0131\u015f\u0131n\u0131 \u015f\u0259rh edib.<\/p>\n<p>Prezident \u0130lham \u018fliyev fevral\u0131n 1-d\u0259 Ab\u015feron Rayon M\u0259rk\u0259zi X\u0259st\u0259xanas\u0131n\u0131n yeni in\u015fa edil\u0259n binas\u0131n\u0131n a\u00e7\u0131l\u0131\u015f\u0131nda Az\u0259rbaycan Televiziyas\u0131na m\u00fcsahib\u0259sind\u0259 bir \u00e7ox m\u0259murun \u015eu\u015fada \u00f6zl\u0259rin\u0259 iqam\u0259tgah tikm\u0259k ist\u0259m\u0259k planlar\u0131ndan dan\u0131\u015f\u0131b.<\/p>\n<p>Siyah\u0131da M\u0259rk\u0259zi Bank\u0131n s\u0259dri Elman R\u00fcst\u0259mov, \u201cAz\u0259ravtoyol\u201d s\u0259dri Saleh M\u0259mm\u0259dov, AZAL r\u0259hb\u0259ri Cahangir \u018fsg\u0259rov, F\u00f6vq\u0259lad\u0259 Hallar naziri K\u0259mal\u0259ddin Heyd\u0259rov v\u0259 D\u00f6vl\u0259t S\u0259rh\u0259d Xidm\u0259tinin r\u0259isi El\u00e7in Quliyev var.<\/p>\n<p>Mill\u0259t v\u0259kili V.\u0130sk\u0259nd\u0259rov Oxu.Az-a a\u00e7\u0131qlamas\u0131nda deyib ki, Prezident \u0130lham \u018fliyev d\u00f6vl\u0259t m\u0259murlar\u0131n\u0131n adlar\u0131n\u0131 \u00e7\u0259km\u0259kl\u0259 naraz\u0131l\u0131\u011f\u0131n\u0131 xalqla b\u00f6l\u00fc\u015f\u00fcb.<\/p>\n<p>\u201cC\u0259nab prezident laz\u0131m bildi ki, \u0259hali d\u0259 b\u0259zi m\u0259murlar\u0131n ambisiyalar\u0131ndan x\u0259b\u0259rdar olsun. Bu, \u00f6lk\u0259 idar\u0259etm\u0259sind\u0259 \u00e7ox \u00f6n\u0259mli m\u0259s\u0259l\u0259dir. Buna g\u00f6r\u0259 d\u0259 \u0259halinin m\u00fctl\u0259q \u0259ks\u0259riyy\u0259ti se\u00e7kil\u0259rd\u0259 v\u0259 m\u00fcxt\u0259lif r\u0259y sor\u011fular\u0131nda c\u0259nab Prezident \u0130lham \u018fliyevi d\u0259st\u0259kl\u0259yir\u201d,-dey\u0259 V.\u0130sk\u0259nd\u0259rov \u0259lav\u0259 edib.<\/p>\n<p>Onun s\u00f6zl\u0259rin\u0259 g\u00f6r\u0259, m\u0259murlar\u0131n \u015eu\u015fada torpaq z\u0259bt etm\u0259k niyy\u0259tl\u0259ri xo\u015f hal deyil.<\/p>\n<p>\u201cH\u0259r bir qurumun ona h\u0259val\u0259 edilmi\u015f sah\u0259si v\u0259 m\u0259suliyy\u0259ti var. M\u0259murlar\u0131n \u00f6lk\u0259 s\u0259viyy\u0259sind\u0259 g\u00f6r\u00fcl\u0259n i\u015fl\u0259rd\u0259 d\u00f6vl\u0259t ba\u015f\u00e7\u0131s\u0131 il\u0259 m\u0259sl\u0259h\u0259tl\u0259\u015fm\u0259l\u0259ri vacibdir \u2013 bu, subardinasiya qaydalar\u0131d\u0131r. D\u00f6vl\u0259t ba\u015f\u00e7\u0131s\u0131 m\u00fcsahib\u0259d\u0259 dedi ki, raz\u0131la\u015fd\u0131r\u0131lmadan i\u015f\u011faldan azad olunmu\u015f \u0259razil\u0259rd\u0259 n\u00fcmay\u0259nd\u0259likl\u0259rin a\u00e7\u0131laca\u011f\u0131 bar\u0259d\u0259 b\u0259yanatlar \u00f6zba\u015f\u0131nal\u0131qd\u0131r v\u0259 yolverilm\u0259zdir\u201d.<\/p>\n<p>Deputat m\u0259murlar\u0131n ambisiyalar\u0131na son qoymaq \u00fc\u00e7\u00fcn b\u0259zi t\u0259klifl\u0259r d\u0259 s\u0259sl\u0259ndirib.<\/p>\n<p>Onun fikrinc\u0259, \u0259sas m\u0259s\u0259l\u0259l\u0259rin k\u00f6k\u00fcnd\u0259 dayanan vacib m\u0259qam var ki, bu da ictimai n\u0259zar\u0259t mexanizminin inki\u015faf etm\u0259sidir.<\/p>\n<p>\u201cBu m\u0259s\u0259l\u0259d\u0259 g\u0259lin boynumuza alaq ki, ist\u0259diyimiz s\u0259viyy\u0259y\u0259 g\u0259lib \u00e7atmam\u0131\u015f\u0131q\u201d, &#8211; dey\u0259n deputat onu da vur\u011fulay\u0131b ki, g\u0259ncl\u0259r t\u0259\u015fkilatlar\u0131, f\u0259allar ictimai n\u0259zar\u0259t sah\u0259sind\u0259 aktivliyi art\u0131rmal\u0131d\u0131rlar.<\/p>\n<p>\u201c\u0130ctimai n\u0259zar\u0259t dedikd\u0259 daha \u00e7ox inki\u015faf etmi\u015f \u00f6lk\u0259l\u0259rin t\u0259cr\u00fcb\u0259sin\u0259 n\u0259z\u0259r sal\u0131r\u0131q. Probleml\u0259ri h\u0259ll etm\u0259k \u00fc\u00e7\u00fcn prezident\u0259 d\u0259st\u0259k verm\u0259yimiz \u00e7ox vacibdir. H\u0259r birimiz \u00f6z \u0259m\u0259limizl\u0259 \u00e7al\u0131\u015fmal\u0131y\u0131q ki, \u00f6lk\u0259mizin g\u0259l\u0259c\u0259yi \u00fc\u00e7\u00fcn t\u00f6hf\u0259l\u0259rimizi ver\u0259 bil\u0259k. Az\u0259rbaycanda ictimai n\u0259zar\u0259tin yeni formada inki\u015faf etdirilm\u0259si \u00fc\u00e7\u00fcn h\u0259r birimizin \u00fcz\u0259rin\u0259 m\u0259suliyy\u0259t d\u00fc\u015f\u00fcr\u201d.<\/p>\n<p>V.\u0130sk\u0259nd\u0259rov bildirib ki, h\u0259r v\u0259t\u0259nda\u015f daha diqq\u0259tli olmal\u0131d\u0131r.<\/p>\n<p>\u201cAz\u0259rbaycanda yeni quruculuq i\u015fl\u0259ri h\u0259yata ke\u00e7irir. D\u00fcnya d\u0259yi\u015f\u0259n, inki\u015faf ed\u0259n Az\u0259rbaycan\u0131 g\u00f6r\u00fcr. H\u0259m d\u0259 ona \u00e7al\u0131\u015fmal\u0131y\u0131q ki, d\u00fcnya i\u015f\u011faldan azad edilmi\u015f \u0259razil\u0259rin nec\u0259 s\u00fcr\u0259tl\u0259 inki\u015faf etdirilm\u0259sini g\u00f6rs\u00fcn. G\u0259ncl\u0259rimiz, savadl\u0131 insanlar\u0131m\u0131z innovativ ideyalar ir\u0259li s\u00fcrm\u0259li, bunun \u00fc\u00e7\u00fcn t\u0259\u015f\u0259bb\u00fcsl\u0259r g\u00f6st\u0259rm\u0259lidirl\u0259r\u201d, &#8211; dey\u0259 V.\u0130sk\u0259nd\u0259rov yekunla\u015fd\u0131r\u0131b.<\/p>\n","protected":false},"excerpt":{"rendered":"<p>Milli M\u0259clisin H\u00fcquq siyas\u0259ti v\u0259 d\u00f6vl\u0259t quruculu\u011fu komit\u0259sinin \u00fczv\u00fc V\u00fcqar \u0130sk\u0259nd\u0259rov Prezident \u0130lham \u018fliyevin b\u0259zi m\u0259murlar\u0131n \u015eu\u015fada torpaqlar\u0131 z\u0259bt etm\u0259k bar\u0259d\u0259 \u00e7\u0131x\u0131\u015f\u0131n\u0131 \u015f\u0259rh edib. Prezident \u0130lham \u018fliyev fevral\u0131n 1-d\u0259 Ab\u015feron Rayon M\u0259rk\u0259zi X\u0259st\u0259xanas\u0131n\u0131n yeni in\u015fa edil\u0259n binas\u0131n\u0131n a\u00e7\u0131l\u0131\u015f\u0131nda Az\u0259rbaycan Televiziyas\u0131na m\u00fcsahib\u0259sind\u0259 bir \u00e7ox m\u0259murun \u015eu\u015fada \u00f6zl\u0259rin\u0259 iqam\u0259tgah tikm\u0259k ist\u0259m\u0259k planlar\u0131ndan dan\u0131\u015f\u0131b. Siyah\u0131da M\u0259rk\u0259zi Bank\u0131n s\u0259dri Elman R\u00fcst\u0259mov, \u201cAz\u0259ravtoyol\u201d s\u0259dri Saleh M\u0259mm\u0259dov, AZAL r\u0259hb\u0259ri Cahangir \u018fsg\u0259rov, F\u00f6vq\u0259lad\u0259 Hallar naziri K\u0259mal\u0259ddin Heyd\u0259rov v\u0259 D\u00f6vl\u0259t S\u0259rh\u0259d Xidm\u0259tinin r\u0259isi El\u00e7in Quliyev var. Mill\u0259t v\u0259kili V.\u0130sk\u0259nd\u0259rov Oxu.Az-a a\u00e7\u0131qlamas\u0131nda deyib ki, Prezident \u0130lham \u018fliyev d\u00f6vl\u0259t m\u0259murlar\u0131n\u0131n&hellip;<\/p>\n","protected":false},"author":2,"featured_media":286098,"comment_status":"closed","ping_status":"closed","sticky":false,"template":"","format":"standard","meta":{"om_disable_all_campaigns":false,"_monsterinsights_skip_tracking":false,"_monsterinsights_sitenote_active":false,"_monsterinsights_sitenote_note":"","_monsterinsights_sitenote_category":0},"categories":[4],"tags":[],"aioseo_notices":[],"gutentor_comment":0,"rttpg_featured_image_url":{"full":["https:\/\/arantv.az\/wp-content\/uploads\/2021\/02\/vugar_iskandarov_deputat_100420.jpg",620,413,false],"landscape":["https:\/\/arantv.az\/wp-content\/uploads\/2021\/02\/vugar_iskandarov_deputat_100420.jpg",620,413,false],"portraits":["https:\/\/arantv.az\/wp-content\/uploads\/2021\/02\/vugar_iskandarov_deputat_100420.jpg",620,413,false],"thumbnail":["https:\/\/arantv.az\/wp-content\/uploads\/2021\/02\/vugar_iskandarov_deputat_100420-150x150.jpg",150,150,true],"medium":["https:\/\/arantv.az\/wp-content\/uploads\/2021\/02\/vugar_iskandarov_deputat_100420-300x200.jpg",300,200,true],"large":["https:\/\/arantv.az\/wp-content\/uploads\/2021\/02\/vugar_iskandarov_deputat_100420.jpg",620,413,false],"1536x1536":["https:\/\/arantv.az\/wp-content\/uploads\/2021\/02\/vugar_iskandarov_deputat_100420.jpg",620,413,false],"2048x2048":["https:\/\/arantv.az\/wp-content\/uploads\/2021\/02\/vugar_iskandarov_deputat_100420.jpg",620,413,false],"post-thumbnail":["https:\/\/arantv.az\/wp-content\/uploads\/2021\/02\/vugar_iskandarov_deputat_100420-240x172.jpg",240,172,true],"advps-thumb-one":["https:\/\/arantv.az\/wp-content\/uploads\/2021\/02\/vugar_iskandarov_deputat_100420.jpg",620,413,false]},"rttpg_author":{"display_name":"V\u00fcsal Rafiqo\u011flu","author_link":"https:\/\/arantv.az\/?author=2"},"rttpg_comment":0,"rttpg_category":"<a href=\"https:\/\/arantv.az\/?cat=4\" rel=\"category\">Siyas\u0259t<\/a>","rttpg_excerpt":"Milli M\u0259clisin H\u00fcquq siyas\u0259ti v\u0259 d\u00f6vl\u0259t quruculu\u011fu komit\u0259sinin \u00fczv\u00fc V\u00fcqar \u0130sk\u0259nd\u0259rov Prezident \u0130lham \u018fliyevin b\u0259zi m\u0259murlar\u0131n \u015eu\u015fada torpaqlar\u0131 z\u0259bt etm\u0259k bar\u0259d\u0259 \u00e7\u0131x\u0131\u015f\u0131n\u0131 \u015f\u0259rh edib. Prezident \u0130lham \u018fliyev fevral\u0131n 1-d\u0259 Ab\u015feron Rayon M\u0259rk\u0259zi X\u0259st\u0259xanas\u0131n\u0131n yeni in\u015fa edil\u0259n binas\u0131n\u0131n a\u00e7\u0131l\u0131\u015f\u0131nda Az\u0259rbaycan Televiziyas\u0131na m\u00fcsahib\u0259sind\u0259 bir \u00e7ox m\u0259murun \u015eu\u015fada \u00f6zl\u0259rin\u0259 iqam\u0259tgah tikm\u0259k ist\u0259m\u0259k planlar\u0131ndan dan\u0131\u015f\u0131b. Siyah\u0131da M\u0259rk\u0259zi Bank\u0131n s\u0259dri&hellip;","_links":{"self":[{"href":"https:\/\/arantv.az\/index.php?rest_route=\/wp\/v2\/posts\/286097"}],"collection":[{"href":"https:\/\/arantv.az\/index.php?rest_route=\/wp\/v2\/posts"}],"about":[{"href":"https:\/\/arantv.az\/index.php?rest_route=\/wp\/v2\/types\/post"}],"author":[{"embeddable":true,"href":"https:\/\/arantv.az\/index.php?rest_route=\/wp\/v2\/users\/2"}],"replies":[{"embeddable":true,"href":"https:\/\/arantv.az\/index.php?rest_route=%2Fwp%2Fv2%2Fcomments&post=286097"}],"version-history":[{"count":0,"href":"https:\/\/arantv.az\/index.php?rest_route=\/wp\/v2\/posts\/286097\/revisions"}],"wp:featuredmedia":[{"embeddable":true,"href":"https:\/\/arantv.az\/index.php?rest_route=\/wp\/v2\/media\/286098"}],"wp:attachment":[{"href":"https:\/\/arantv.az\/index.php?rest_route=%2Fwp%2Fv2%2Fmedia&parent=286097"}],"wp:term":[{"taxonomy":"category","embeddable":true,"href":"https:\/\/arantv.az\/index.php?rest_route=%2Fwp%2Fv2%2Fcategories&post=286097"},{"taxonomy":"post_tag","embeddable":true,"href":"https:\/\/arantv.az\/index.php?rest_route=%2Fwp%2Fv2%2Ftags&post=286097"}],"curies":[{"name":"wp","href":"https:\/\/api.w.org\/{rel}","templated":true}]}}