{"id":286113,"date":"2021-02-04T11:35:22","date_gmt":"2021-02-04T08:35:22","guid":{"rendered":"http:\/\/arantv.az\/?p=286113"},"modified":"2021-02-04T11:35:22","modified_gmt":"2021-02-04T08:35:22","slug":"usaq-g%c9%99ncl%c9%99r-inkisaf-m%c9%99rk%c9%99zl%c9%99rinin-d%c9%99-f%c9%99aliyy%c9%99ti-b%c9%99rpa-edilir-r%c9%99smi","status":"publish","type":"post","link":"https:\/\/arantv.az\/?p=286113","title":{"rendered":"U\u015faq g\u0259ncl\u0259r inki\u015faf m\u0259rk\u0259zl\u0259rinin d\u0259 f\u0259aliyy\u0259ti b\u0259rpa edilir &#8211; R\u018fSM\u0130"},"content":{"rendered":"<p>\u201cT\u0259hsil Nazirliyinin tabeliyind\u0259 olan u\u015faq g\u0259ncl\u0259r inki\u015faf m\u0259rk\u0259zl\u0259rinin d\u0259 f\u0259aliyy\u0259ti 8 fevral tarixind\u0259n etibar\u0259n b\u0259rpa edil\u0259c\u0259k\u201d.<\/p>\n<p><strong>ARANTV.AZ<\/strong>-\u0131n m\u0259lumat\u0131na g\u00f6r\u0259, bu bar\u0259d\u0259 bu g\u00fcn ke\u00e7iril\u0259n brifinqd\u0259 T\u0259hsil Nazirliyinin \u00dcmumi v\u0259 m\u0259kt\u0259b\u0259q\u0259d\u0259r t\u0259hsil \u015f\u00f6b\u0259sinin m\u00fcdiri V\u0259fa Yaqublu m\u0259lumat verib.<\/p>\n<div id=\"AdviadNativeVideo0\" class=\"AdviadNativeVideo\"><\/div>\n<p>O bildirib ki, s\u00f6hb\u0259t \u00f6z\u00fcn\u00fcn inzibati binas\u0131 olan inki\u015faf m\u0259rk\u0259zl\u0259rind\u0259n gedir:<\/p>\n<p>\u201c\u018fg\u0259r h\u0259min m\u0259rk\u0259zl\u0259rd\u0259 fiziki m\u0259saf\u0259nin qorunmas\u0131na imkan varsa, orada m\u0259\u015f\u011f\u0259l\u0259l\u0259rin ke\u00e7irilm\u0259si prosesin\u0259 ba\u015flan\u0131lacaq\u201d.<\/p>\n","protected":false},"excerpt":{"rendered":"<p>\u201cT\u0259hsil Nazirliyinin tabeliyind\u0259 olan u\u015faq g\u0259ncl\u0259r inki\u015faf m\u0259rk\u0259zl\u0259rinin d\u0259 f\u0259aliyy\u0259ti 8 fevral tarixind\u0259n etibar\u0259n b\u0259rpa edil\u0259c\u0259k\u201d. ARANTV.AZ-\u0131n m\u0259lumat\u0131na g\u00f6r\u0259, bu bar\u0259d\u0259 bu g\u00fcn ke\u00e7iril\u0259n brifinqd\u0259 T\u0259hsil Nazirliyinin \u00dcmumi v\u0259 m\u0259kt\u0259b\u0259q\u0259d\u0259r t\u0259hsil \u015f\u00f6b\u0259sinin m\u00fcdiri V\u0259fa Yaqublu m\u0259lumat verib. O bildirib ki, s\u00f6hb\u0259t \u00f6z\u00fcn\u00fcn inzibati binas\u0131 olan inki\u015faf m\u0259rk\u0259zl\u0259rind\u0259n gedir: \u201c\u018fg\u0259r h\u0259min m\u0259rk\u0259zl\u0259rd\u0259 fiziki m\u0259saf\u0259nin qorunmas\u0131na imkan varsa, orada m\u0259\u015f\u011f\u0259l\u0259l\u0259rin ke\u00e7irilm\u0259si prosesin\u0259 ba\u015flan\u0131lacaq\u201d.<\/p>\n","protected":false},"author":2,"featured_media":285943,"comment_status":"closed","ping_status":"closed","sticky":false,"template":"","format":"standard","meta":{"om_disable_all_campaigns":false,"_monsterinsights_skip_tracking":false,"_monsterinsights_sitenote_active":false,"_monsterinsights_sitenote_note":"","_monsterinsights_sitenote_category":0},"categories":[23],"tags":[],"aioseo_notices":[],"gutentor_comment":0,"rttpg_featured_image_url":{"full":["https:\/\/arantv.az\/wp-content\/uploads\/2021\/02\/118476831_10163810953440315_6696588869876274724_o.jpg",620,419,false],"landscape":["https:\/\/arantv.az\/wp-content\/uploads\/2021\/02\/118476831_10163810953440315_6696588869876274724_o.jpg",620,419,false],"portraits":["https:\/\/arantv.az\/wp-content\/uploads\/2021\/02\/118476831_10163810953440315_6696588869876274724_o.jpg",620,419,false],"thumbnail":["https:\/\/arantv.az\/wp-content\/uploads\/2021\/02\/118476831_10163810953440315_6696588869876274724_o-150x150.jpg",150,150,true],"medium":["https:\/\/arantv.az\/wp-content\/uploads\/2021\/02\/118476831_10163810953440315_6696588869876274724_o-300x203.jpg",300,203,true],"large":["https:\/\/arantv.az\/wp-content\/uploads\/2021\/02\/118476831_10163810953440315_6696588869876274724_o.jpg",620,419,false],"1536x1536":["https:\/\/arantv.az\/wp-content\/uploads\/2021\/02\/118476831_10163810953440315_6696588869876274724_o.jpg",620,419,false],"2048x2048":["https:\/\/arantv.az\/wp-content\/uploads\/2021\/02\/118476831_10163810953440315_6696588869876274724_o.jpg",620,419,false],"post-thumbnail":["https:\/\/arantv.az\/wp-content\/uploads\/2021\/02\/118476831_10163810953440315_6696588869876274724_o-240x172.jpg",240,172,true],"advps-thumb-one":["https:\/\/arantv.az\/wp-content\/uploads\/2021\/02\/118476831_10163810953440315_6696588869876274724_o.jpg",620,419,false]},"rttpg_author":{"display_name":"V\u00fcsal Rafiqo\u011flu","author_link":"https:\/\/arantv.az\/?author=2"},"rttpg_comment":0,"rttpg_category":"<a href=\"https:\/\/arantv.az\/?cat=23\" rel=\"category\">T\u0259hsil<\/a>","rttpg_excerpt":"\u201cT\u0259hsil Nazirliyinin tabeliyind\u0259 olan u\u015faq g\u0259ncl\u0259r inki\u015faf m\u0259rk\u0259zl\u0259rinin d\u0259 f\u0259aliyy\u0259ti 8 fevral tarixind\u0259n etibar\u0259n b\u0259rpa edil\u0259c\u0259k\u201d. ARANTV.AZ-\u0131n m\u0259lumat\u0131na g\u00f6r\u0259, bu bar\u0259d\u0259 bu g\u00fcn ke\u00e7iril\u0259n brifinqd\u0259 T\u0259hsil Nazirliyinin \u00dcmumi v\u0259 m\u0259kt\u0259b\u0259q\u0259d\u0259r t\u0259hsil \u015f\u00f6b\u0259sinin m\u00fcdiri V\u0259fa Yaqublu m\u0259lumat verib. O bildirib ki, s\u00f6hb\u0259t \u00f6z\u00fcn\u00fcn inzibati binas\u0131 olan inki\u015faf m\u0259rk\u0259zl\u0259rind\u0259n gedir: \u201c\u018fg\u0259r h\u0259min m\u0259rk\u0259zl\u0259rd\u0259 fiziki m\u0259saf\u0259nin qorunmas\u0131na imkan&hellip;","_links":{"self":[{"href":"https:\/\/arantv.az\/index.php?rest_route=\/wp\/v2\/posts\/286113"}],"collection":[{"href":"https:\/\/arantv.az\/index.php?rest_route=\/wp\/v2\/posts"}],"about":[{"href":"https:\/\/arantv.az\/index.php?rest_route=\/wp\/v2\/types\/post"}],"author":[{"embeddable":true,"href":"https:\/\/arantv.az\/index.php?rest_route=\/wp\/v2\/users\/2"}],"replies":[{"embeddable":true,"href":"https:\/\/arantv.az\/index.php?rest_route=%2Fwp%2Fv2%2Fcomments&post=286113"}],"version-history":[{"count":0,"href":"https:\/\/arantv.az\/index.php?rest_route=\/wp\/v2\/posts\/286113\/revisions"}],"wp:featuredmedia":[{"embeddable":true,"href":"https:\/\/arantv.az\/index.php?rest_route=\/wp\/v2\/media\/285943"}],"wp:attachment":[{"href":"https:\/\/arantv.az\/index.php?rest_route=%2Fwp%2Fv2%2Fmedia&parent=286113"}],"wp:term":[{"taxonomy":"category","embeddable":true,"href":"https:\/\/arantv.az\/index.php?rest_route=%2Fwp%2Fv2%2Fcategories&post=286113"},{"taxonomy":"post_tag","embeddable":true,"href":"https:\/\/arantv.az\/index.php?rest_route=%2Fwp%2Fv2%2Ftags&post=286113"}],"curies":[{"name":"wp","href":"https:\/\/api.w.org\/{rel}","templated":true}]}}