{"id":28612,"date":"2018-12-20T15:43:59","date_gmt":"2018-12-20T12:43:59","guid":{"rendered":"http:\/\/arantv.az\/?p=28612"},"modified":"2018-12-20T15:43:59","modified_gmt":"2018-12-20T12:43:59","slug":"deputat-prezident-ilham-%c9%99liyevin-son-s%c9%99r%c9%99ncami-bir-daha-gost%c9%99rir-ki-dovl%c9%99t-siyas%c9%99tinin-m%c9%99rk%c9%99zind%c9%99-olk%c9%99-v%c9%99t%c9%99ndasinin-rifahi-dayanir","status":"publish","type":"post","link":"https:\/\/arantv.az\/?p=28612","title":{"rendered":"Deputat: &#8220;Prezident \u0130lham \u018fliyevin son s\u0259r\u0259ncam\u0131 bir daha g\u00f6st\u0259rir ki, d\u00f6vl\u0259t siyas\u0259tinin m\u0259rk\u0259zind\u0259 \u00f6lk\u0259 v\u0259t\u0259nda\u015f\u0131n\u0131n rifah\u0131 dayan\u0131r&#8221;"},"content":{"rendered":"<blockquote><p><em><strong>Prezident \u0130lham \u018fliyevin azt\u0259minatl\u0131 ail\u0259l\u0259r\u0259 bird\u0259f\u0259lik yard\u0131m verilm\u0259si haqq\u0131nda s\u0259r\u0259ncam\u0131 bir daha g\u00f6st\u0259rir ki, Az\u0259rbaycanda d\u00f6vl\u0259t siyas\u0259tinin m\u0259rk\u0259zind\u0259 \u00f6lk\u0259 v\u0259t\u0259nda\u015f\u0131n\u0131n rifah\u0131 dayan\u0131r.<\/strong><\/em><\/p><\/blockquote>\n<p><strong>ARANTV.AZ\u00a0<\/strong> x\u0259b\u0259r verir ki, bunu trend-\u0259 Milli M\u0259clisin deputat\u0131, &#8220;Yeni Az\u0259rbaycan&#8221; q\u0259zetinin ba\u015f redaktoru Hikm\u0259t Babao\u011flu deyib.<\/p>\n<p>Mill\u0259t v\u0259kili bildirib ki, Az\u0259rbaycan Prezidentinin s\u0259r\u0259ncam\u0131 h\u0259r \u015feyd\u0259n \u0259vv\u0259l d\u00f6vl\u0259t ba\u015f\u00e7\u0131s\u0131n\u0131n v\u0259t\u0259nda\u015flar\u0131n rifah\u0131n\u0131 v\u0259 layiqli h\u0259yat\u0131n\u0131n t\u0259min olunmas\u0131n\u0131 daim diqq\u0259t m\u0259rk\u0259zind\u0259 saxlamas\u0131n\u0131n bariz g\u00f6st\u0259ricisi kimi qiym\u0259tl\u0259ndirilm\u0259lidir:<\/p>\n<p>&#8220;Azt\u0259minatl\u0131 v\u0259 sosial qay\u011f\u0131ya ehtiyac\u0131 olan insanlar \u0259n m\u00fcxt\u0259lif formalarda h\u0259r zaman d\u00f6vl\u0259tin diqq\u0259tini hiss edirl\u0259r. Bu sosial kateqoriyaya aid olan v\u0259t\u0259nda\u015flar\u0131m\u0131z m\u0259nzil-m\u0259i\u015f\u0259t probleml\u0259rinin h\u0259llind\u0259n tutmu\u015f m\u00fcalic\u0259l\u0259rin\u0259 q\u0259d\u0259r, m\u00fcvafiq daimi m\u00fcavin\u0259tl\u0259rd\u0259n tutmu\u015f bird\u0259f\u0259lik yard\u0131mlara q\u0259d\u0259r h\u0259mi\u015f\u0259 d\u00f6vl\u0259t t\u0259r\u0259find\u0259n d\u0259st\u0259k al\u0131rlar. Son s\u0259r\u0259ncama \u0259sas\u0259n \u00fcnvanl\u0131 d\u00f6vl\u0259t sosial yard\u0131m\u0131 alan ail\u0259l\u0259rin h\u0259r birin\u0259 D\u00fcnya Az\u0259rbaycanl\u0131lar\u0131n\u0131n H\u0259mr\u0259yliyi G\u00fcn\u00fc v\u0259 Yeni il bayram\u0131 m\u00fcnasib\u0259til\u0259 100 manat m\u0259bl\u0259\u011find\u0259 bird\u0259f\u0259lik yard\u0131m \u00f6d\u0259nilm\u0259si n\u0259z\u0259rd\u0259 tutulur. Yard\u0131m\u0131n \u00fcmumi miqdar\u0131 5 milyon manat t\u0259\u015fkil edir ki, bu da az m\u0259bl\u0259\u011f deyil. \u018flb\u0259tt\u0259, d\u00f6vl\u0259tin azt\u0259minatl\u0131 ail\u0259l\u0259r\u0259 qay\u011f\u0131s\u0131 t\u0259kc\u0259 bununla bitmir. M\u00fcxt\u0259lif proqramlar v\u0259 layih\u0259l\u0259r \u00e7\u0259r\u00e7iv\u0259sind\u0259 onlar\u0131n m\u0259\u015f\u011fullu\u011funun t\u0259min edilm\u0259si, g\u00fcz\u0259\u015ftli kreditl\u0259rin ayr\u0131lmas\u0131 il\u0259 x\u0131rda sahibkarlara \u00e7evrilm\u0259l\u0259ri, \u0259m\u0259k bazar\u0131nda f\u0259al \u0259m\u0259k resursu kimi qiym\u0259tl\u0259ndirilm\u0259l\u0259ri \u00fc\u00e7\u00fcn b\u00f6y\u00fck i\u015fl\u0259r h\u0259yata ke\u00e7irilir. Bu proqramlar \u00e7\u0259r\u00e7iv\u0259sind\u0259 t\u0259kc\u0259 2018-ci ild\u0259 7 min bel\u0259 ail\u0259 \u00f6z\u00fcn\u00fcm\u0259\u015f\u011fulluq proqram\u0131na c\u0259lb edilib&#8221;.<\/p>\n<p>H.Babao\u011flu vur\u011fulay\u0131b ki, t\u0259kc\u0259 son iki il \u0259rzind\u0259 &#8220;Ail\u0259 Biznesin\u0259 Asan D\u0259st\u0259k&#8221; &#8211; &#8220;ABAD&#8221;, &#8220;Dayan\u0131ql\u0131 v\u0259 Operativ Sosial T\u0259minat Agentliyi&#8221; publik h\u00fcquqi \u015f\u0259xs kimi yeni qurumlar yarad\u0131l\u0131b: &#8220;H\u0259yata ke\u00e7iril\u0259n geni\u015f layih\u0259l\u0259r \u00e7\u0259r\u00e7iv\u0259sind\u0259 azt\u0259minatl\u0131 ail\u0259l\u0259rin probleml\u0259rinin h\u0259llin\u0259 d\u0259st\u0259k verilir. B\u00fct\u00fcn bunlar bir daha Az\u0259rbaycanda d\u00f6vl\u0259t siyas\u0259tinin m\u0259rk\u0259zind\u0259 \u00f6lk\u0259 v\u0259t\u0259nda\u015f\u0131n\u0131n rifah\u0131n\u0131n dayand\u0131\u011f\u0131n\u0131 g\u00f6st\u0259rir&#8221;.<\/p>\n<p>Qeyd ed\u0259k ki, Prezident \u0130lham \u018fliyevin Azt\u0259minatl\u0131 ail\u0259l\u0259r\u0259 bird\u0259f\u0259lik yard\u0131m verilm\u0259si haqq\u0131nda 2018-ci il 19 dekabr tarixli s\u0259r\u0259ncam\u0131 il\u0259 dekabr\u0131n 28-n\u0259 \u00fcnvanl\u0131 d\u00f6vl\u0259t sosial yard\u0131m\u0131 alan ail\u0259l\u0259rin h\u0259r birin\u0259 D\u00fcnya Az\u0259rbaycanl\u0131lar\u0131n\u0131n H\u0259mr\u0259yliyi G\u00fcn\u00fc v\u0259 Yeni il bayram\u0131 m\u00fcnasib\u0259til\u0259 100 manat m\u0259bl\u0259\u011find\u0259 bird\u0259f\u0259lik yard\u0131m \u00f6d\u0259nil\u0259c\u0259k. Bird\u0259f\u0259lik yard\u0131m\u0131n maliyy\u0259l\u0259\u015fdirilm\u0259si m\u0259qs\u0259dil\u0259 2018-ci il d\u00f6vl\u0259t b\u00fcdc\u0259sind\u0259 \u00fcnvanl\u0131 d\u00f6vl\u0259t sosial yard\u0131m\u0131 v\u0259 sosial m\u00fcavin\u0259tl\u0259r \u00fc\u00e7\u00fcn n\u0259z\u0259rd\u0259 tutulmu\u015f v\u0259saitin x\u0259rcl\u0259nm\u0259mi\u015f qal\u0131q hiss\u0259sind\u0259n 5 milyon manat ayr\u0131l\u0131b.<\/p>\n","protected":false},"excerpt":{"rendered":"<p>Prezident \u0130lham \u018fliyevin azt\u0259minatl\u0131 ail\u0259l\u0259r\u0259 bird\u0259f\u0259lik yard\u0131m verilm\u0259si haqq\u0131nda s\u0259r\u0259ncam\u0131 bir daha g\u00f6st\u0259rir ki, Az\u0259rbaycanda d\u00f6vl\u0259t siyas\u0259tinin m\u0259rk\u0259zind\u0259 \u00f6lk\u0259 v\u0259t\u0259nda\u015f\u0131n\u0131n rifah\u0131 dayan\u0131r. ARANTV.AZ\u00a0 x\u0259b\u0259r verir ki, bunu trend-\u0259 Milli M\u0259clisin deputat\u0131, &#8220;Yeni Az\u0259rbaycan&#8221; q\u0259zetinin ba\u015f redaktoru Hikm\u0259t Babao\u011flu deyib. Mill\u0259t v\u0259kili bildirib ki, Az\u0259rbaycan Prezidentinin s\u0259r\u0259ncam\u0131 h\u0259r \u015feyd\u0259n \u0259vv\u0259l d\u00f6vl\u0259t ba\u015f\u00e7\u0131s\u0131n\u0131n v\u0259t\u0259nda\u015flar\u0131n rifah\u0131n\u0131 v\u0259 layiqli h\u0259yat\u0131n\u0131n t\u0259min olunmas\u0131n\u0131 daim diqq\u0259t m\u0259rk\u0259zind\u0259 saxlamas\u0131n\u0131n bariz g\u00f6st\u0259ricisi kimi qiym\u0259tl\u0259ndirilm\u0259lidir: &#8220;Azt\u0259minatl\u0131 v\u0259 sosial qay\u011f\u0131ya ehtiyac\u0131 olan insanlar \u0259n m\u00fcxt\u0259lif formalarda h\u0259r zaman d\u00f6vl\u0259tin diqq\u0259tini hiss edirl\u0259r. Bu sosial kateqoriyaya aid olan v\u0259t\u0259nda\u015flar\u0131m\u0131z m\u0259nzil-m\u0259i\u015f\u0259t probleml\u0259rinin&hellip;<\/p>\n","protected":false},"author":2,"featured_media":28613,"comment_status":"closed","ping_status":"closed","sticky":false,"template":"","format":"standard","meta":{"om_disable_all_campaigns":false,"_monsterinsights_skip_tracking":false,"_monsterinsights_sitenote_active":false,"_monsterinsights_sitenote_note":"","_monsterinsights_sitenote_category":0},"categories":[4],"tags":[],"aioseo_notices":[],"gutentor_comment":0,"rttpg_featured_image_url":{"full":["https:\/\/arantv.az\/wp-content\/uploads\/2018\/12\/714279.jpg",321,259,false],"landscape":["https:\/\/arantv.az\/wp-content\/uploads\/2018\/12\/714279.jpg",321,259,false],"portraits":["https:\/\/arantv.az\/wp-content\/uploads\/2018\/12\/714279.jpg",321,259,false],"thumbnail":["https:\/\/arantv.az\/wp-content\/uploads\/2018\/12\/714279-150x150.jpg",150,150,true],"medium":["https:\/\/arantv.az\/wp-content\/uploads\/2018\/12\/714279-300x242.jpg",300,242,true],"large":["https:\/\/arantv.az\/wp-content\/uploads\/2018\/12\/714279.jpg",321,259,false],"1536x1536":["https:\/\/arantv.az\/wp-content\/uploads\/2018\/12\/714279.jpg",321,259,false],"2048x2048":["https:\/\/arantv.az\/wp-content\/uploads\/2018\/12\/714279.jpg",321,259,false],"post-thumbnail":["https:\/\/arantv.az\/wp-content\/uploads\/2018\/12\/714279-240x172.jpg",240,172,true],"advps-thumb-one":["https:\/\/arantv.az\/wp-content\/uploads\/2018\/12\/714279.jpg",321,259,false]},"rttpg_author":{"display_name":"V\u00fcsal Rafiqo\u011flu","author_link":"https:\/\/arantv.az\/?author=2"},"rttpg_comment":0,"rttpg_category":"<a href=\"https:\/\/arantv.az\/?cat=4\" rel=\"category\">Siyas\u0259t<\/a>","rttpg_excerpt":"Prezident \u0130lham \u018fliyevin azt\u0259minatl\u0131 ail\u0259l\u0259r\u0259 bird\u0259f\u0259lik yard\u0131m verilm\u0259si haqq\u0131nda s\u0259r\u0259ncam\u0131 bir daha g\u00f6st\u0259rir ki, Az\u0259rbaycanda d\u00f6vl\u0259t siyas\u0259tinin m\u0259rk\u0259zind\u0259 \u00f6lk\u0259 v\u0259t\u0259nda\u015f\u0131n\u0131n rifah\u0131 dayan\u0131r. ARANTV.AZ\u00a0 x\u0259b\u0259r verir ki, bunu trend-\u0259 Milli M\u0259clisin deputat\u0131, &#8220;Yeni Az\u0259rbaycan&#8221; q\u0259zetinin ba\u015f redaktoru Hikm\u0259t Babao\u011flu deyib. Mill\u0259t v\u0259kili bildirib ki, Az\u0259rbaycan Prezidentinin s\u0259r\u0259ncam\u0131 h\u0259r \u015feyd\u0259n \u0259vv\u0259l d\u00f6vl\u0259t ba\u015f\u00e7\u0131s\u0131n\u0131n v\u0259t\u0259nda\u015flar\u0131n rifah\u0131n\u0131 v\u0259 layiqli&hellip;","_links":{"self":[{"href":"https:\/\/arantv.az\/index.php?rest_route=\/wp\/v2\/posts\/28612"}],"collection":[{"href":"https:\/\/arantv.az\/index.php?rest_route=\/wp\/v2\/posts"}],"about":[{"href":"https:\/\/arantv.az\/index.php?rest_route=\/wp\/v2\/types\/post"}],"author":[{"embeddable":true,"href":"https:\/\/arantv.az\/index.php?rest_route=\/wp\/v2\/users\/2"}],"replies":[{"embeddable":true,"href":"https:\/\/arantv.az\/index.php?rest_route=%2Fwp%2Fv2%2Fcomments&post=28612"}],"version-history":[{"count":0,"href":"https:\/\/arantv.az\/index.php?rest_route=\/wp\/v2\/posts\/28612\/revisions"}],"wp:featuredmedia":[{"embeddable":true,"href":"https:\/\/arantv.az\/index.php?rest_route=\/wp\/v2\/media\/28613"}],"wp:attachment":[{"href":"https:\/\/arantv.az\/index.php?rest_route=%2Fwp%2Fv2%2Fmedia&parent=28612"}],"wp:term":[{"taxonomy":"category","embeddable":true,"href":"https:\/\/arantv.az\/index.php?rest_route=%2Fwp%2Fv2%2Fcategories&post=28612"},{"taxonomy":"post_tag","embeddable":true,"href":"https:\/\/arantv.az\/index.php?rest_route=%2Fwp%2Fv2%2Ftags&post=28612"}],"curies":[{"name":"wp","href":"https:\/\/api.w.org\/{rel}","templated":true}]}}