{"id":286162,"date":"2021-02-04T13:16:34","date_gmt":"2021-02-04T10:16:34","guid":{"rendered":"http:\/\/arantv.az\/?p=286162"},"modified":"2021-02-04T13:16:34","modified_gmt":"2021-02-04T10:16:34","slug":"prezidentin-yuks%c9%99k-v%c9%99zif%c9%99y%c9%99-t%c9%99yin-etdiyi-s%c9%99xs-kimdir-dosye","status":"publish","type":"post","link":"https:\/\/arantv.az\/?p=286162","title":{"rendered":"Prezidentin y\u00fcks\u0259k v\u0259zif\u0259y\u0259 t\u0259yin etdiyi \u015f\u0259xs kimdir? &#8211; DOSYE"},"content":{"rendered":"<p>V\u00fcqar \u018fh\u0259d o\u011flu S\u00fcleymanov Az\u0259rbaycan Respublikas\u0131n\u0131n Minat\u0259mizl\u0259m\u0259 Agentliyinin \u0130dar\u0259 Hey\u0259tinin s\u0259dri t\u0259yin edilib.<\/p>\n<p>Bununla ba\u011fl\u0131 Prezident \u0130lham \u018fliyev s\u0259r\u0259ncam imzalay\u0131b.<\/p>\n<p>V.S\u00fcleymanov bu t\u0259yinata q\u0259d\u0259r Ekologiya v\u0259 T\u0259bii S\u0259rv\u0259tl\u0259r Nazirliyinin Aparat r\u0259hb\u0259ri v\u0259zif\u0259sind\u0259 \u00e7al\u0131\u015f\u0131rd\u0131.<\/p>\n<div id=\"AdviadNativeVideo0\" class=\"AdviadNativeVideo\"><\/div>\n<p>Qeyd ed\u0259k ki, V.S\u00fcleymanov 7 may 1965-ci ild\u0259 anadan olub. M.V.Lomonosov ad\u0131na Moskva D\u00f6vl\u0259t Universitetinin tarix fak\u00fclt\u0259si v\u0259 Az\u0259rbaycan D\u00f6vl\u0259t \u0130qtisad Universitetinin xarici iqtisadi \u0259laq\u0259l\u0259r sah\u0259sind\u0259 iqtisad\u00e7\u0131 ixtisas\u0131n\u0131 bitirib. 1988-ci ild\u0259n 1994-c\u00fc il\u0259d\u0259k Bak\u0131 D\u00f6vl\u0259t Universitetind\u0259 elmi-pedaqoji f\u0259aliyy\u0259tl\u0259 m\u0259\u015f\u011ful olub.<\/p>\n<p>1994-2002-ci ill\u0259rd\u0259 \u00f6z\u0259l t\u0259\u015fkilatlarda \u00e7al\u0131\u015f\u0131b.<\/p>\n<p>2002-2005-ci ill\u0259rd\u0259 Az\u0259rbaycan Respublikas\u0131 \u018frazil\u0259rinin Minalardan T\u0259mizl\u0259nm\u0259si \u00fczr\u0259 Milli Agentlikd\u0259 (ANAMA) Partlamam\u0131\u015f h\u0259rbi sursat \u0259m\u0259liyyatlar\u0131 \u00fczr\u0259 m\u00fct\u0259x\u0259ssis; 2005-2018-ci ill\u0259rd\u0259 \u00f6z\u0259l t\u0259\u015fkilatlarda \u00e7al\u0131\u015f\u0131b.<\/p>\n<p>2018-2020-ci ill\u0259rd\u0259 Ekologiya v\u0259 T\u0259bii S\u0259rv\u0259tl\u0259r Nazirliyind\u0259 ba\u015f m\u0259sl\u0259h\u0259t\u00e7i, \u015f\u00f6b\u0259 m\u00fcdiri v\u0259zif\u0259sind\u0259 i\u015fl\u0259yib.<\/p>\n<p>21.04.2020-ci il tarixd\u0259n bu g\u00fcn\u0259d\u0259k Ekologiya v\u0259 T\u0259bii S\u0259rv\u0259tl\u0259r Nazirliyinin Aparat r\u0259hb\u0259ri v\u0259zif\u0259sind\u0259 i\u015fl\u0259yirdi.<\/p>\n<p>Ail\u0259lidir, 3 \u00f6vlad\u0131 var.<\/p>\n<p>Report<\/p>\n","protected":false},"excerpt":{"rendered":"<p>V\u00fcqar \u018fh\u0259d o\u011flu S\u00fcleymanov Az\u0259rbaycan Respublikas\u0131n\u0131n Minat\u0259mizl\u0259m\u0259 Agentliyinin \u0130dar\u0259 Hey\u0259tinin s\u0259dri t\u0259yin edilib. Bununla ba\u011fl\u0131 Prezident \u0130lham \u018fliyev s\u0259r\u0259ncam imzalay\u0131b. V.S\u00fcleymanov bu t\u0259yinata q\u0259d\u0259r Ekologiya v\u0259 T\u0259bii S\u0259rv\u0259tl\u0259r Nazirliyinin Aparat r\u0259hb\u0259ri v\u0259zif\u0259sind\u0259 \u00e7al\u0131\u015f\u0131rd\u0131. Qeyd ed\u0259k ki, V.S\u00fcleymanov 7 may 1965-ci ild\u0259 anadan olub. M.V.Lomonosov ad\u0131na Moskva D\u00f6vl\u0259t Universitetinin tarix fak\u00fclt\u0259si v\u0259 Az\u0259rbaycan D\u00f6vl\u0259t \u0130qtisad Universitetinin xarici iqtisadi \u0259laq\u0259l\u0259r sah\u0259sind\u0259 iqtisad\u00e7\u0131 ixtisas\u0131n\u0131 bitirib. 1988-ci ild\u0259n 1994-c\u00fc il\u0259d\u0259k Bak\u0131 D\u00f6vl\u0259t Universitetind\u0259 elmi-pedaqoji f\u0259aliyy\u0259tl\u0259 m\u0259\u015f\u011ful olub. 1994-2002-ci ill\u0259rd\u0259 \u00f6z\u0259l t\u0259\u015fkilatlarda \u00e7al\u0131\u015f\u0131b. 2002-2005-ci ill\u0259rd\u0259 Az\u0259rbaycan Respublikas\u0131 \u018frazil\u0259rinin Minalardan T\u0259mizl\u0259nm\u0259si \u00fczr\u0259 Milli Agentlikd\u0259 (ANAMA) Partlamam\u0131\u015f&hellip;<\/p>\n","protected":false},"author":2,"featured_media":286163,"comment_status":"closed","ping_status":"closed","sticky":false,"template":"","format":"standard","meta":{"om_disable_all_campaigns":false,"_monsterinsights_skip_tracking":false,"_monsterinsights_sitenote_active":false,"_monsterinsights_sitenote_note":"","_monsterinsights_sitenote_category":0},"categories":[26],"tags":[],"aioseo_notices":[],"gutentor_comment":0,"rttpg_featured_image_url":{"full":["https:\/\/arantv.az\/wp-content\/uploads\/2021\/02\/928922f7-b602-4bf2-850a-93519e68b1a4.jpg",620,335,false],"landscape":["https:\/\/arantv.az\/wp-content\/uploads\/2021\/02\/928922f7-b602-4bf2-850a-93519e68b1a4.jpg",620,335,false],"portraits":["https:\/\/arantv.az\/wp-content\/uploads\/2021\/02\/928922f7-b602-4bf2-850a-93519e68b1a4.jpg",620,335,false],"thumbnail":["https:\/\/arantv.az\/wp-content\/uploads\/2021\/02\/928922f7-b602-4bf2-850a-93519e68b1a4-150x150.jpg",150,150,true],"medium":["https:\/\/arantv.az\/wp-content\/uploads\/2021\/02\/928922f7-b602-4bf2-850a-93519e68b1a4-300x162.jpg",300,162,true],"large":["https:\/\/arantv.az\/wp-content\/uploads\/2021\/02\/928922f7-b602-4bf2-850a-93519e68b1a4.jpg",620,335,false],"1536x1536":["https:\/\/arantv.az\/wp-content\/uploads\/2021\/02\/928922f7-b602-4bf2-850a-93519e68b1a4.jpg",620,335,false],"2048x2048":["https:\/\/arantv.az\/wp-content\/uploads\/2021\/02\/928922f7-b602-4bf2-850a-93519e68b1a4.jpg",620,335,false],"post-thumbnail":["https:\/\/arantv.az\/wp-content\/uploads\/2021\/02\/928922f7-b602-4bf2-850a-93519e68b1a4-240x172.jpg",240,172,true],"advps-thumb-one":["https:\/\/arantv.az\/wp-content\/uploads\/2021\/02\/928922f7-b602-4bf2-850a-93519e68b1a4.jpg",620,335,false]},"rttpg_author":{"display_name":"V\u00fcsal Rafiqo\u011flu","author_link":"https:\/\/arantv.az\/?author=2"},"rttpg_comment":0,"rttpg_category":"<a href=\"https:\/\/arantv.az\/?cat=26\" rel=\"category\">Sosial<\/a>","rttpg_excerpt":"V\u00fcqar \u018fh\u0259d o\u011flu S\u00fcleymanov Az\u0259rbaycan Respublikas\u0131n\u0131n Minat\u0259mizl\u0259m\u0259 Agentliyinin \u0130dar\u0259 Hey\u0259tinin s\u0259dri t\u0259yin edilib. Bununla ba\u011fl\u0131 Prezident \u0130lham \u018fliyev s\u0259r\u0259ncam imzalay\u0131b. V.S\u00fcleymanov bu t\u0259yinata q\u0259d\u0259r Ekologiya v\u0259 T\u0259bii S\u0259rv\u0259tl\u0259r Nazirliyinin Aparat r\u0259hb\u0259ri v\u0259zif\u0259sind\u0259 \u00e7al\u0131\u015f\u0131rd\u0131. Qeyd ed\u0259k ki, V.S\u00fcleymanov 7 may 1965-ci ild\u0259 anadan olub. M.V.Lomonosov ad\u0131na Moskva D\u00f6vl\u0259t Universitetinin tarix fak\u00fclt\u0259si v\u0259 Az\u0259rbaycan D\u00f6vl\u0259t \u0130qtisad Universitetinin&hellip;","_links":{"self":[{"href":"https:\/\/arantv.az\/index.php?rest_route=\/wp\/v2\/posts\/286162"}],"collection":[{"href":"https:\/\/arantv.az\/index.php?rest_route=\/wp\/v2\/posts"}],"about":[{"href":"https:\/\/arantv.az\/index.php?rest_route=\/wp\/v2\/types\/post"}],"author":[{"embeddable":true,"href":"https:\/\/arantv.az\/index.php?rest_route=\/wp\/v2\/users\/2"}],"replies":[{"embeddable":true,"href":"https:\/\/arantv.az\/index.php?rest_route=%2Fwp%2Fv2%2Fcomments&post=286162"}],"version-history":[{"count":0,"href":"https:\/\/arantv.az\/index.php?rest_route=\/wp\/v2\/posts\/286162\/revisions"}],"wp:featuredmedia":[{"embeddable":true,"href":"https:\/\/arantv.az\/index.php?rest_route=\/wp\/v2\/media\/286163"}],"wp:attachment":[{"href":"https:\/\/arantv.az\/index.php?rest_route=%2Fwp%2Fv2%2Fmedia&parent=286162"}],"wp:term":[{"taxonomy":"category","embeddable":true,"href":"https:\/\/arantv.az\/index.php?rest_route=%2Fwp%2Fv2%2Fcategories&post=286162"},{"taxonomy":"post_tag","embeddable":true,"href":"https:\/\/arantv.az\/index.php?rest_route=%2Fwp%2Fv2%2Ftags&post=286162"}],"curies":[{"name":"wp","href":"https:\/\/api.w.org\/{rel}","templated":true}]}}