{"id":28618,"date":"2018-12-20T15:46:12","date_gmt":"2018-12-20T12:46:12","guid":{"rendered":"http:\/\/arantv.az\/?p=28618"},"modified":"2018-12-20T15:46:12","modified_gmt":"2018-12-20T12:46:12","slug":"dagliq-qarabag-bolg%c9%99sinin-az%c9%99rbaycanli-icmasi-ictmai-birliyinin-novb%c9%99ti-qurultayi-kecirilib","status":"publish","type":"post","link":"https:\/\/arantv.az\/?p=28618","title":{"rendered":"\u201dDa\u011fl\u0131q Qaraba\u011f b\u00f6lg\u0259sinin az\u0259rbaycanl\u0131 icmas\u0131\u201d \u0130ctmai Birliyinin n\u00f6vb\u0259ti qurultay\u0131 ke\u00e7irilib"},"content":{"rendered":"<p><strong>ARANTV.AZ<\/strong> x\u0259b\u0259r verir ki, \u201cDa\u011fl\u0131q Qaraba\u011f b\u00f6lg\u0259sinin az\u0259rbaycanl\u0131 icmas\u0131\u201d \u0130ctimai Birliyinin n\u00f6vb\u0259ti qurultay\u0131 ke\u00e7irilib. Toplant\u0131da qurumun \u00f6t\u0259n d\u00f6vrd\u0259ki f\u0259aliyy\u0259ti v\u0259 qar\u015f\u0131da duran v\u0259zif\u0259l\u0259rl\u0259 ba\u011fl\u0131 m\u00fczakir\u0259l\u0259r apar\u0131l\u0131b. H\u0259m\u00e7inin \u0130cman\u0131n yeni s\u0259dri v\u0259 idar\u0259 hey\u0259ti se\u00e7ilib.<\/p>\n<p>\u201cDa\u011fl\u0131q Qaraba\u011f b\u00f6lg\u0259sinin az\u0259rbaycanl\u0131 icmasi\u201d \u0130ctimai Birliyinin qurultay\u0131nda s\u0259dr Bayram S\u0259f\u0259rov qurumun \u00f6t\u0259n d\u00f6vrd\u0259ki f\u0259aliyy\u0259ti bar\u0259d\u0259 dan\u0131\u015fd\u0131. Bildirdi ki, \u0130ctmai Birlik Da\u011fl\u0131q Qaraba\u011f problemi il\u0259 ba\u011fl\u0131 h\u0259qiq\u0259tl\u0259rin d\u00fcnya ictimaiyy\u0259tin\u0259 \u00e7atd\u0131r\u0131lmas\u0131, Erm\u0259nistan\u0131n i\u015f\u011fal\u00e7\u0131l\u0131q siyas\u0259ti v\u0259 erm\u0259ni separatizminin beyn\u0259lxalq al\u0259md\u0259 if\u015fas\u0131 istiqam\u0259tind\u0259 s\u0259yl\u0259rini davam etdirir. M\u00fcnaqi\u015f\u0259nin tarixi k\u00f6kl\u0259ri v\u0259 onun h\u0259lli il\u0259 ba\u011fl\u0131 Prezident \u0130lham \u018fliyevin y\u00fcr\u00fctd\u00fcy\u00fc siyas\u0259t, h\u0259yata ke\u00e7iril\u0259n geni\u015fmiqyasl\u0131 t\u0259dbirl\u0259r bar\u0259d\u0259 maarifl\u0259ndirm\u0259 i\u015fl\u0259ri apar\u0131l\u0131b. Erm\u0259nistan\u0131n t\u0259cav\u00fcz\u00fc n\u0259tic\u0259sind\u0259 Da\u011fl\u0131q Qaraba\u011fdan m\u0259cburi k\u00f6\u00e7k\u00fcn d\u00fc\u015f\u0259n v\u0259t\u0259nda\u015flar\u0131n h\u00fcquq v\u0259 m\u0259nafel\u0259rinin qorunmas\u0131, \u0130cma \u00fczvl\u0259rinin pozulmu\u015f h\u00fcquqlar\u0131 bar\u0259d\u0259 m\u00fcxt\u0259lif \u00f6lk\u0259l\u0259r v\u0259 beyn\u0259lxalq t\u0259\u015fkilatlarla \u0259m\u0259kda\u015fl\u0131q edilib. M\u00fcnt\u0259z\u0259m olaraq Xocal\u0131 soyq\u0131r\u0131m\u0131, Qarada\u011fl\u0131 faci\u0259si, \u015eu\u015fan\u0131n v\u0259 Az\u0259rbaycan\u0131n dig\u0259r \u0259razil\u0259rinin i\u015f\u011fal\u0131 il\u0259 \u0259laq\u0259dar xarici \u00f6lk\u0259l\u0259rin parlamentl\u0259rin\u0259, beyn\u0259lxalq t\u0259\u015fkilatlara, d\u00fcnya ictimaiyy\u0259tin\u0259 m\u00fcraci\u0259tl\u0259r edilir. Birliyin \u018flaq\u0259l\u0259ndirm\u0259 \u015euras\u0131n\u0131n s\u0259dri El\u00e7in \u018fhm\u0259dov, Az\u0259rbaycan Dill\u0259r Universitetinin rektoru Kamal Abdullayev, mill\u0259t v\u0259kill\u0259ri Flora Qas\u0131mova v\u0259 Elman M\u0259mm\u0259dov \u0130cman\u0131n\u00a0Da\u011fl\u0131q Qaraba\u011f probleminin h\u0259lli istiqam\u0259tind\u0259 h\u0259yata ke\u00e7iril\u0259n\u00a0 d\u00f6vl\u0259t siyas\u0259tin\u0259\u00a0 verdiyi\u00a0 d\u0259st\u0259kd\u0259n dan\u0131\u015fd\u0131lar. Qeyd olundu ki, Prezident \u0130lham \u018fliyevin ard\u0131c\u0131l v\u0259 prinsipial m\u00f6vqeyi say\u0259sind\u0259 bu m\u00fcnaqi\u015f\u0259 yaln\u0131z Az\u0259rbaycan\u0131n \u0259razi b\u00fct\u00f6vl\u00fcy\u00fc \u00e7\u0259r\u00e7iv\u0259sind\u0259 h\u0259ll olunacaq. Qurultayda t\u0259\u015fkilati m\u0259s\u0259l\u0259l\u0259r\u0259 d\u0259 bax\u0131ld\u0131. Tural G\u0259nc\u0259liyev \u201cDa\u011fl\u0131q Qaraba\u011f b\u00f6lg\u0259sinin az\u0259rbaycanl\u0131 icmas\u0131\u201d \u0130ctimai Birliyinin s\u0259dri se\u00e7ildi. Sonda qurultay i\u015ftirak\u00e7\u0131lar\u0131 ad\u0131ndan d\u00fcnya ictimaiyy\u0259tin\u0259 \u00fcnvanlanan b\u0259yanat\u00a0 q\u0259bul olundu.<\/p>\n","protected":false},"excerpt":{"rendered":"<p>ARANTV.AZ x\u0259b\u0259r verir ki, \u201cDa\u011fl\u0131q Qaraba\u011f b\u00f6lg\u0259sinin az\u0259rbaycanl\u0131 icmas\u0131\u201d \u0130ctimai Birliyinin n\u00f6vb\u0259ti qurultay\u0131 ke\u00e7irilib. Toplant\u0131da qurumun \u00f6t\u0259n d\u00f6vrd\u0259ki f\u0259aliyy\u0259ti v\u0259 qar\u015f\u0131da duran v\u0259zif\u0259l\u0259rl\u0259 ba\u011fl\u0131 m\u00fczakir\u0259l\u0259r apar\u0131l\u0131b. H\u0259m\u00e7inin \u0130cman\u0131n yeni s\u0259dri v\u0259 idar\u0259 hey\u0259ti se\u00e7ilib. \u201cDa\u011fl\u0131q Qaraba\u011f b\u00f6lg\u0259sinin az\u0259rbaycanl\u0131 icmasi\u201d \u0130ctimai Birliyinin qurultay\u0131nda s\u0259dr Bayram S\u0259f\u0259rov qurumun \u00f6t\u0259n d\u00f6vrd\u0259ki f\u0259aliyy\u0259ti bar\u0259d\u0259 dan\u0131\u015fd\u0131. Bildirdi ki, \u0130ctmai Birlik Da\u011fl\u0131q Qaraba\u011f problemi il\u0259 ba\u011fl\u0131 h\u0259qiq\u0259tl\u0259rin d\u00fcnya ictimaiyy\u0259tin\u0259 \u00e7atd\u0131r\u0131lmas\u0131, Erm\u0259nistan\u0131n i\u015f\u011fal\u00e7\u0131l\u0131q siyas\u0259ti v\u0259 erm\u0259ni separatizminin beyn\u0259lxalq al\u0259md\u0259 if\u015fas\u0131 istiqam\u0259tind\u0259 s\u0259yl\u0259rini davam etdirir. M\u00fcnaqi\u015f\u0259nin tarixi k\u00f6kl\u0259ri v\u0259 onun h\u0259lli il\u0259 ba\u011fl\u0131 Prezident \u0130lham \u018fliyevin y\u00fcr\u00fctd\u00fcy\u00fc siyas\u0259t,&hellip;<\/p>\n","protected":false},"author":2,"featured_media":28619,"comment_status":"closed","ping_status":"closed","sticky":false,"template":"","format":"standard","meta":{"om_disable_all_campaigns":false,"_monsterinsights_skip_tracking":false,"_monsterinsights_sitenote_active":false,"_monsterinsights_sitenote_note":"","_monsterinsights_sitenote_category":0},"categories":[1],"tags":[],"aioseo_notices":[],"gutentor_comment":0,"rttpg_featured_image_url":{"full":["https:\/\/arantv.az\/wp-content\/uploads\/2018\/12\/69oa87cp7q8d3jpd9hg3saju76qara.jpg",1023,575,false],"landscape":["https:\/\/arantv.az\/wp-content\/uploads\/2018\/12\/69oa87cp7q8d3jpd9hg3saju76qara.jpg",1023,575,false],"portraits":["https:\/\/arantv.az\/wp-content\/uploads\/2018\/12\/69oa87cp7q8d3jpd9hg3saju76qara.jpg",1023,575,false],"thumbnail":["https:\/\/arantv.az\/wp-content\/uploads\/2018\/12\/69oa87cp7q8d3jpd9hg3saju76qara-150x150.jpg",150,150,true],"medium":["https:\/\/arantv.az\/wp-content\/uploads\/2018\/12\/69oa87cp7q8d3jpd9hg3saju76qara-300x169.jpg",300,169,true],"large":["https:\/\/arantv.az\/wp-content\/uploads\/2018\/12\/69oa87cp7q8d3jpd9hg3saju76qara.jpg",640,360,false],"1536x1536":["https:\/\/arantv.az\/wp-content\/uploads\/2018\/12\/69oa87cp7q8d3jpd9hg3saju76qara.jpg",1023,575,false],"2048x2048":["https:\/\/arantv.az\/wp-content\/uploads\/2018\/12\/69oa87cp7q8d3jpd9hg3saju76qara.jpg",1023,575,false],"post-thumbnail":["https:\/\/arantv.az\/wp-content\/uploads\/2018\/12\/69oa87cp7q8d3jpd9hg3saju76qara-240x172.jpg",240,172,true],"advps-thumb-one":["https:\/\/arantv.az\/wp-content\/uploads\/2018\/12\/69oa87cp7q8d3jpd9hg3saju76qara.jpg",1023,575,false]},"rttpg_author":{"display_name":"V\u00fcsal Rafiqo\u011flu","author_link":"https:\/\/arantv.az\/?author=2"},"rttpg_comment":0,"rttpg_category":"<a href=\"https:\/\/arantv.az\/?cat=1\" rel=\"category\">C\u0259miyy\u0259t<\/a>","rttpg_excerpt":"ARANTV.AZ x\u0259b\u0259r verir ki, \u201cDa\u011fl\u0131q Qaraba\u011f b\u00f6lg\u0259sinin az\u0259rbaycanl\u0131 icmas\u0131\u201d \u0130ctimai Birliyinin n\u00f6vb\u0259ti qurultay\u0131 ke\u00e7irilib. Toplant\u0131da qurumun \u00f6t\u0259n d\u00f6vrd\u0259ki f\u0259aliyy\u0259ti v\u0259 qar\u015f\u0131da duran v\u0259zif\u0259l\u0259rl\u0259 ba\u011fl\u0131 m\u00fczakir\u0259l\u0259r apar\u0131l\u0131b. H\u0259m\u00e7inin \u0130cman\u0131n yeni s\u0259dri v\u0259 idar\u0259 hey\u0259ti se\u00e7ilib. \u201cDa\u011fl\u0131q Qaraba\u011f b\u00f6lg\u0259sinin az\u0259rbaycanl\u0131 icmasi\u201d \u0130ctimai Birliyinin qurultay\u0131nda s\u0259dr Bayram S\u0259f\u0259rov qurumun \u00f6t\u0259n d\u00f6vrd\u0259ki f\u0259aliyy\u0259ti bar\u0259d\u0259 dan\u0131\u015fd\u0131. Bildirdi ki, \u0130ctmai Birlik&hellip;","_links":{"self":[{"href":"https:\/\/arantv.az\/index.php?rest_route=\/wp\/v2\/posts\/28618"}],"collection":[{"href":"https:\/\/arantv.az\/index.php?rest_route=\/wp\/v2\/posts"}],"about":[{"href":"https:\/\/arantv.az\/index.php?rest_route=\/wp\/v2\/types\/post"}],"author":[{"embeddable":true,"href":"https:\/\/arantv.az\/index.php?rest_route=\/wp\/v2\/users\/2"}],"replies":[{"embeddable":true,"href":"https:\/\/arantv.az\/index.php?rest_route=%2Fwp%2Fv2%2Fcomments&post=28618"}],"version-history":[{"count":0,"href":"https:\/\/arantv.az\/index.php?rest_route=\/wp\/v2\/posts\/28618\/revisions"}],"wp:featuredmedia":[{"embeddable":true,"href":"https:\/\/arantv.az\/index.php?rest_route=\/wp\/v2\/media\/28619"}],"wp:attachment":[{"href":"https:\/\/arantv.az\/index.php?rest_route=%2Fwp%2Fv2%2Fmedia&parent=28618"}],"wp:term":[{"taxonomy":"category","embeddable":true,"href":"https:\/\/arantv.az\/index.php?rest_route=%2Fwp%2Fv2%2Fcategories&post=28618"},{"taxonomy":"post_tag","embeddable":true,"href":"https:\/\/arantv.az\/index.php?rest_route=%2Fwp%2Fv2%2Ftags&post=28618"}],"curies":[{"name":"wp","href":"https:\/\/api.w.org\/{rel}","templated":true}]}}