{"id":286186,"date":"2021-02-04T13:20:53","date_gmt":"2021-02-04T10:20:53","guid":{"rendered":"http:\/\/arantv.az\/?p=286186"},"modified":"2021-02-04T13:20:53","modified_gmt":"2021-02-04T10:20:53","slug":"m%c9%99kt%c9%99b%c9%99-gond%c9%99rilm%c9%99y%c9%99n-sagirdl%c9%99r%c9%99-onlayn-d%c9%99rs-keciril%c9%99c%c9%99k","status":"publish","type":"post","link":"https:\/\/arantv.az\/?p=286186","title":{"rendered":"M\u0259kt\u0259b\u0259 g\u00f6nd\u0259rilm\u0259y\u0259n \u015fagirdl\u0259r\u0259 onlayn d\u0259rs ke\u00e7iril\u0259c\u0259k?"},"content":{"rendered":"<p>\u201cValideynl\u0259rin \u00f6vladlar\u0131n\u0131 m\u0259kt\u0259bd\u0259 \u0259yani t\u0259hsil\u0259 c\u0259lb olunub-olunmamas\u0131 il\u0259 ba\u011fl\u0131 h\u00fcquqlar\u0131 V-IX sinifd\u0259 t\u0259hsil alanlara da \u015famil olunacaq. Bunun \u00fc\u00e7\u00fcn x\u00fcsusi karantin rejimi q\u00fcvv\u0259d\u0259 oldu\u011fu m\u00fcdd\u0259td\u0259 valideyn \u0259yani d\u0259rsd\u0259n imtina il\u0259 ba\u011fl\u0131 iltizam formas\u0131 yazmal\u0131d\u0131r. Ancaq \u0259yani \u015f\u0259kild\u0259 ke\u00e7iril\u0259n d\u0259rsl\u0259r h\u0259min \u015fagirdl\u0259r\u0259 t\u0259dris olunmayacaq\u201d.<\/p>\n<div id=\"AdviadNativeVideo0\" class=\"AdviadNativeVideo\"><\/div>\n<p>Bu fikirl\u0259ri \u201cReport\u201da a\u00e7\u0131qlamas\u0131nda T\u0259hsil Nazirliyinin \u00dcmumi t\u0259hsilin t\u0259\u015fkili v\u0259 idar\u0259olunmas\u0131 \u015f\u00f6b\u0259sinin m\u00fcdiri R\u0259\u015fad Ta\u011f\u0131yev deyib.<\/p>\n<p>\u201cT\u0259dris planlar\u0131nda m\u00fcvafiq saatlar var v\u0259 h\u0259min saatlara g\u00f6r\u0259 m\u00fc\u0259lliml\u0259r\u0259 \u0259m\u0259k haqq\u0131 \u00f6d\u0259nilir. T\u0259bii ki, valideynl\u0259r \u015fagirdi m\u0259kt\u0259b\u0259 g\u00f6nd\u0259rm\u0259kd\u0259n imtina edirs\u0259, onlara ayr\u0131ca h\u0259min f\u0259nl\u0259rin onlayn qaydada t\u0259drisi n\u0259z\u0259rd\u0259 tutulmur\u201d, &#8211; nazirlik r\u0259smisi bildirib.<\/p>\n","protected":false},"excerpt":{"rendered":"<p>\u201cValideynl\u0259rin \u00f6vladlar\u0131n\u0131 m\u0259kt\u0259bd\u0259 \u0259yani t\u0259hsil\u0259 c\u0259lb olunub-olunmamas\u0131 il\u0259 ba\u011fl\u0131 h\u00fcquqlar\u0131 V-IX sinifd\u0259 t\u0259hsil alanlara da \u015famil olunacaq. Bunun \u00fc\u00e7\u00fcn x\u00fcsusi karantin rejimi q\u00fcvv\u0259d\u0259 oldu\u011fu m\u00fcdd\u0259td\u0259 valideyn \u0259yani d\u0259rsd\u0259n imtina il\u0259 ba\u011fl\u0131 iltizam formas\u0131 yazmal\u0131d\u0131r. Ancaq \u0259yani \u015f\u0259kild\u0259 ke\u00e7iril\u0259n d\u0259rsl\u0259r h\u0259min \u015fagirdl\u0259r\u0259 t\u0259dris olunmayacaq\u201d. Bu fikirl\u0259ri \u201cReport\u201da a\u00e7\u0131qlamas\u0131nda T\u0259hsil Nazirliyinin \u00dcmumi t\u0259hsilin t\u0259\u015fkili v\u0259 idar\u0259olunmas\u0131 \u015f\u00f6b\u0259sinin m\u00fcdiri R\u0259\u015fad Ta\u011f\u0131yev deyib. \u201cT\u0259dris planlar\u0131nda m\u00fcvafiq saatlar var v\u0259 h\u0259min saatlara g\u00f6r\u0259 m\u00fc\u0259lliml\u0259r\u0259 \u0259m\u0259k haqq\u0131 \u00f6d\u0259nilir. T\u0259bii ki, valideynl\u0259r \u015fagirdi m\u0259kt\u0259b\u0259 g\u00f6nd\u0259rm\u0259kd\u0259n imtina edirs\u0259, onlara ayr\u0131ca h\u0259min f\u0259nl\u0259rin onlayn qaydada t\u0259drisi n\u0259z\u0259rd\u0259 tutulmur\u201d, &#8211;&hellip;<\/p>\n","protected":false},"author":2,"featured_media":286187,"comment_status":"closed","ping_status":"closed","sticky":false,"template":"","format":"standard","meta":{"om_disable_all_campaigns":false,"_monsterinsights_skip_tracking":false,"_monsterinsights_sitenote_active":false,"_monsterinsights_sitenote_note":"","_monsterinsights_sitenote_category":0},"categories":[26],"tags":[],"aioseo_notices":[],"gutentor_comment":0,"rttpg_featured_image_url":{"full":["https:\/\/arantv.az\/wp-content\/uploads\/2021\/02\/3214596.jpg",620,413,false],"landscape":["https:\/\/arantv.az\/wp-content\/uploads\/2021\/02\/3214596.jpg",620,413,false],"portraits":["https:\/\/arantv.az\/wp-content\/uploads\/2021\/02\/3214596.jpg",620,413,false],"thumbnail":["https:\/\/arantv.az\/wp-content\/uploads\/2021\/02\/3214596-150x150.jpg",150,150,true],"medium":["https:\/\/arantv.az\/wp-content\/uploads\/2021\/02\/3214596-300x200.jpg",300,200,true],"large":["https:\/\/arantv.az\/wp-content\/uploads\/2021\/02\/3214596.jpg",620,413,false],"1536x1536":["https:\/\/arantv.az\/wp-content\/uploads\/2021\/02\/3214596.jpg",620,413,false],"2048x2048":["https:\/\/arantv.az\/wp-content\/uploads\/2021\/02\/3214596.jpg",620,413,false],"post-thumbnail":["https:\/\/arantv.az\/wp-content\/uploads\/2021\/02\/3214596-240x172.jpg",240,172,true],"advps-thumb-one":["https:\/\/arantv.az\/wp-content\/uploads\/2021\/02\/3214596.jpg",620,413,false]},"rttpg_author":{"display_name":"V\u00fcsal Rafiqo\u011flu","author_link":"https:\/\/arantv.az\/?author=2"},"rttpg_comment":0,"rttpg_category":"<a href=\"https:\/\/arantv.az\/?cat=26\" rel=\"category\">Sosial<\/a>","rttpg_excerpt":"\u201cValideynl\u0259rin \u00f6vladlar\u0131n\u0131 m\u0259kt\u0259bd\u0259 \u0259yani t\u0259hsil\u0259 c\u0259lb olunub-olunmamas\u0131 il\u0259 ba\u011fl\u0131 h\u00fcquqlar\u0131 V-IX sinifd\u0259 t\u0259hsil alanlara da \u015famil olunacaq. Bunun \u00fc\u00e7\u00fcn x\u00fcsusi karantin rejimi q\u00fcvv\u0259d\u0259 oldu\u011fu m\u00fcdd\u0259td\u0259 valideyn \u0259yani d\u0259rsd\u0259n imtina il\u0259 ba\u011fl\u0131 iltizam formas\u0131 yazmal\u0131d\u0131r. Ancaq \u0259yani \u015f\u0259kild\u0259 ke\u00e7iril\u0259n d\u0259rsl\u0259r h\u0259min \u015fagirdl\u0259r\u0259 t\u0259dris olunmayacaq\u201d. Bu fikirl\u0259ri \u201cReport\u201da a\u00e7\u0131qlamas\u0131nda T\u0259hsil Nazirliyinin \u00dcmumi t\u0259hsilin t\u0259\u015fkili v\u0259 idar\u0259olunmas\u0131 \u015f\u00f6b\u0259sinin&hellip;","_links":{"self":[{"href":"https:\/\/arantv.az\/index.php?rest_route=\/wp\/v2\/posts\/286186"}],"collection":[{"href":"https:\/\/arantv.az\/index.php?rest_route=\/wp\/v2\/posts"}],"about":[{"href":"https:\/\/arantv.az\/index.php?rest_route=\/wp\/v2\/types\/post"}],"author":[{"embeddable":true,"href":"https:\/\/arantv.az\/index.php?rest_route=\/wp\/v2\/users\/2"}],"replies":[{"embeddable":true,"href":"https:\/\/arantv.az\/index.php?rest_route=%2Fwp%2Fv2%2Fcomments&post=286186"}],"version-history":[{"count":0,"href":"https:\/\/arantv.az\/index.php?rest_route=\/wp\/v2\/posts\/286186\/revisions"}],"wp:featuredmedia":[{"embeddable":true,"href":"https:\/\/arantv.az\/index.php?rest_route=\/wp\/v2\/media\/286187"}],"wp:attachment":[{"href":"https:\/\/arantv.az\/index.php?rest_route=%2Fwp%2Fv2%2Fmedia&parent=286186"}],"wp:term":[{"taxonomy":"category","embeddable":true,"href":"https:\/\/arantv.az\/index.php?rest_route=%2Fwp%2Fv2%2Fcategories&post=286186"},{"taxonomy":"post_tag","embeddable":true,"href":"https:\/\/arantv.az\/index.php?rest_route=%2Fwp%2Fv2%2Ftags&post=286186"}],"curies":[{"name":"wp","href":"https:\/\/api.w.org\/{rel}","templated":true}]}}