{"id":286198,"date":"2021-02-04T13:23:03","date_gmt":"2021-02-04T10:23:03","guid":{"rendered":"http:\/\/arantv.az\/?p=286198"},"modified":"2021-02-04T13:23:03","modified_gmt":"2021-02-04T10:23:03","slug":"prezident-az%c9%99rbaycan-xalqina-muraci%c9%99t-etdi","status":"publish","type":"post","link":"https:\/\/arantv.az\/?p=286198","title":{"rendered":"Prezident Az\u0259rbaycan xalq\u0131na m\u00fcraci\u0259t etdi"},"content":{"rendered":"<p>Azad edilmi\u015f torpaqlarda son g\u00fcnl\u0259rd\u0259 v\u0259 m\u00fcharib\u0259d\u0259n sonra \u0259fsuslar olsun ki, b\u0259db\u0259xt hadis\u0259l\u0259r ba\u015f verir. M\u0259n Az\u0259rbaycan v\u0259t\u0259nda\u015flar\u0131na m\u00fcraci\u0259t etm\u0259k ist\u0259yir\u0259m, onlardan xahi\u015f edir\u0259m ki, azad olunmu\u015f torpaqlara icaz\u0259siz, qanunsuz getm\u0259sinl\u0259r.<\/p>\n<div id=\"AdviadNativeVideo0\" class=\"AdviadNativeVideo\"><\/div>\n<p>Bu s\u00f6zl\u0259ri Prezident \u0130lham \u018fliyev V\u00fcqar S\u00fcleymanovu Az\u0259rbaycan Respublikas\u0131n\u0131n Minat\u0259mizl\u0259m\u0259 Agentliyinin \u0130dar\u0259 Hey\u0259tinin s\u0259dri v\u0259zif\u0259sin\u0259 t\u0259yin olunmas\u0131 il\u0259 \u0259laq\u0259dar videoformatda q\u0259bul ed\u0259n zaman deyib:<\/p>\n<p>\u201cM\u0259n insanlar\u0131n bu add\u0131mlar\u0131n\u0131 bir t\u0259r\u0259fd\u0259n ba\u015fa d\u00fc\u015f\u00fcr\u0259m, onlar uzun ill\u0259r v\u0259t\u0259n h\u0259sr\u0259ti il\u0259 ya\u015fam\u0131\u015flar, h\u0259r bir ke\u00e7mi\u015f m\u0259cburi k\u00f6\u00e7k\u00fcn tezlikl\u0259 \u00f6z do\u011fma torpa\u011f\u0131na, do\u011fma k\u0259ndin\u0259 qay\u0131tmaq ist\u0259yir, ancaq xahi\u015f edir\u0259m ki, g\u00f6zl\u0259sinl\u0259r. Bir q\u0259d\u0259r g\u00f6zl\u0259sinl\u0259r ki, minalardan t\u0259mizl\u0259m\u0259 i\u015fl\u0259ri ba\u015fa \u00e7ats\u0131n. \u00c7\u00fcnki bu, b\u00f6y\u00fck t\u0259hl\u00fck\u0259dir, h\u0259m piyadalara, h\u0259m avtomobill\u0259r\u0259 b\u00f6y\u00fck t\u0259hl\u00fck\u0259dir. M\u00fcharib\u0259d\u0259n sonra bir ne\u00e7\u0259 bel\u0259 b\u0259db\u0259xt hadis\u0259 ba\u015f verib, insanlar h\u0259lak olub, yaralan\u0131b. Eyni zamanda, postlarda dayanan \u0259m\u0259kda\u015flar da n\u0259zar\u0259t i\u015fl\u0259rini daha ciddi t\u0259\u015fkil etm\u0259lidirl\u0259r ki, azad edilmi\u015f torpaqlara qanunsuz, icaz\u0259siz gedi\u015f\u0259 son qoyulsun\u201d.<\/p>\n","protected":false},"excerpt":{"rendered":"<p>Azad edilmi\u015f torpaqlarda son g\u00fcnl\u0259rd\u0259 v\u0259 m\u00fcharib\u0259d\u0259n sonra \u0259fsuslar olsun ki, b\u0259db\u0259xt hadis\u0259l\u0259r ba\u015f verir. M\u0259n Az\u0259rbaycan v\u0259t\u0259nda\u015flar\u0131na m\u00fcraci\u0259t etm\u0259k ist\u0259yir\u0259m, onlardan xahi\u015f edir\u0259m ki, azad olunmu\u015f torpaqlara icaz\u0259siz, qanunsuz getm\u0259sinl\u0259r. Bu s\u00f6zl\u0259ri Prezident \u0130lham \u018fliyev V\u00fcqar S\u00fcleymanovu Az\u0259rbaycan Respublikas\u0131n\u0131n Minat\u0259mizl\u0259m\u0259 Agentliyinin \u0130dar\u0259 Hey\u0259tinin s\u0259dri v\u0259zif\u0259sin\u0259 t\u0259yin olunmas\u0131 il\u0259 \u0259laq\u0259dar videoformatda q\u0259bul ed\u0259n zaman deyib: \u201cM\u0259n insanlar\u0131n bu add\u0131mlar\u0131n\u0131 bir t\u0259r\u0259fd\u0259n ba\u015fa d\u00fc\u015f\u00fcr\u0259m, onlar uzun ill\u0259r v\u0259t\u0259n h\u0259sr\u0259ti il\u0259 ya\u015fam\u0131\u015flar, h\u0259r bir ke\u00e7mi\u015f m\u0259cburi k\u00f6\u00e7k\u00fcn tezlikl\u0259 \u00f6z do\u011fma torpa\u011f\u0131na, do\u011fma k\u0259ndin\u0259 qay\u0131tmaq ist\u0259yir, ancaq xahi\u015f edir\u0259m ki, g\u00f6zl\u0259sinl\u0259r. Bir q\u0259d\u0259r&hellip;<\/p>\n","protected":false},"author":2,"featured_media":286199,"comment_status":"closed","ping_status":"closed","sticky":false,"template":"","format":"standard","meta":{"om_disable_all_campaigns":false,"_monsterinsights_skip_tracking":false,"_monsterinsights_sitenote_active":false,"_monsterinsights_sitenote_note":"","_monsterinsights_sitenote_category":0},"categories":[4],"tags":[],"aioseo_notices":[],"gutentor_comment":0,"rttpg_featured_image_url":{"full":["https:\/\/arantv.az\/wp-content\/uploads\/2021\/02\/1604977037942_DE92ZEiQ.jpg",620,389,false],"landscape":["https:\/\/arantv.az\/wp-content\/uploads\/2021\/02\/1604977037942_DE92ZEiQ.jpg",620,389,false],"portraits":["https:\/\/arantv.az\/wp-content\/uploads\/2021\/02\/1604977037942_DE92ZEiQ.jpg",620,389,false],"thumbnail":["https:\/\/arantv.az\/wp-content\/uploads\/2021\/02\/1604977037942_DE92ZEiQ-150x150.jpg",150,150,true],"medium":["https:\/\/arantv.az\/wp-content\/uploads\/2021\/02\/1604977037942_DE92ZEiQ-300x188.jpg",300,188,true],"large":["https:\/\/arantv.az\/wp-content\/uploads\/2021\/02\/1604977037942_DE92ZEiQ.jpg",620,389,false],"1536x1536":["https:\/\/arantv.az\/wp-content\/uploads\/2021\/02\/1604977037942_DE92ZEiQ.jpg",620,389,false],"2048x2048":["https:\/\/arantv.az\/wp-content\/uploads\/2021\/02\/1604977037942_DE92ZEiQ.jpg",620,389,false],"post-thumbnail":["https:\/\/arantv.az\/wp-content\/uploads\/2021\/02\/1604977037942_DE92ZEiQ-240x172.jpg",240,172,true],"advps-thumb-one":["https:\/\/arantv.az\/wp-content\/uploads\/2021\/02\/1604977037942_DE92ZEiQ.jpg",620,389,false]},"rttpg_author":{"display_name":"V\u00fcsal Rafiqo\u011flu","author_link":"https:\/\/arantv.az\/?author=2"},"rttpg_comment":0,"rttpg_category":"<a href=\"https:\/\/arantv.az\/?cat=4\" rel=\"category\">Siyas\u0259t<\/a>","rttpg_excerpt":"Azad edilmi\u015f torpaqlarda son g\u00fcnl\u0259rd\u0259 v\u0259 m\u00fcharib\u0259d\u0259n sonra \u0259fsuslar olsun ki, b\u0259db\u0259xt hadis\u0259l\u0259r ba\u015f verir. M\u0259n Az\u0259rbaycan v\u0259t\u0259nda\u015flar\u0131na m\u00fcraci\u0259t etm\u0259k ist\u0259yir\u0259m, onlardan xahi\u015f edir\u0259m ki, azad olunmu\u015f torpaqlara icaz\u0259siz, qanunsuz getm\u0259sinl\u0259r. Bu s\u00f6zl\u0259ri Prezident \u0130lham \u018fliyev V\u00fcqar S\u00fcleymanovu Az\u0259rbaycan Respublikas\u0131n\u0131n Minat\u0259mizl\u0259m\u0259 Agentliyinin \u0130dar\u0259 Hey\u0259tinin s\u0259dri v\u0259zif\u0259sin\u0259 t\u0259yin olunmas\u0131 il\u0259 \u0259laq\u0259dar videoformatda q\u0259bul ed\u0259n zaman deyib:&hellip;","_links":{"self":[{"href":"https:\/\/arantv.az\/index.php?rest_route=\/wp\/v2\/posts\/286198"}],"collection":[{"href":"https:\/\/arantv.az\/index.php?rest_route=\/wp\/v2\/posts"}],"about":[{"href":"https:\/\/arantv.az\/index.php?rest_route=\/wp\/v2\/types\/post"}],"author":[{"embeddable":true,"href":"https:\/\/arantv.az\/index.php?rest_route=\/wp\/v2\/users\/2"}],"replies":[{"embeddable":true,"href":"https:\/\/arantv.az\/index.php?rest_route=%2Fwp%2Fv2%2Fcomments&post=286198"}],"version-history":[{"count":0,"href":"https:\/\/arantv.az\/index.php?rest_route=\/wp\/v2\/posts\/286198\/revisions"}],"wp:featuredmedia":[{"embeddable":true,"href":"https:\/\/arantv.az\/index.php?rest_route=\/wp\/v2\/media\/286199"}],"wp:attachment":[{"href":"https:\/\/arantv.az\/index.php?rest_route=%2Fwp%2Fv2%2Fmedia&parent=286198"}],"wp:term":[{"taxonomy":"category","embeddable":true,"href":"https:\/\/arantv.az\/index.php?rest_route=%2Fwp%2Fv2%2Fcategories&post=286198"},{"taxonomy":"post_tag","embeddable":true,"href":"https:\/\/arantv.az\/index.php?rest_route=%2Fwp%2Fv2%2Ftags&post=286198"}],"curies":[{"name":"wp","href":"https:\/\/api.w.org\/{rel}","templated":true}]}}