{"id":286202,"date":"2021-02-04T13:23:48","date_gmt":"2021-02-04T10:23:48","guid":{"rendered":"http:\/\/arantv.az\/?p=286202"},"modified":"2021-02-04T13:23:48","modified_gmt":"2021-02-04T10:23:48","slug":"cl-da-vurdugu-qolla-futbol-tariximiz%c9%99-dus%c9%99n-oyuncu-uc-h%c9%99ft%c9%99-meydanlardan-k%c9%99narda-qalacaq-foto","status":"publish","type":"post","link":"https:\/\/arantv.az\/?p=286202","title":{"rendered":"\u00c7L-da vurdu\u011fu qolla futbol tariximiz\u0259 d\u00fc\u015f\u0259n oyun\u00e7u \u00fc\u00e7 h\u0259ft\u0259 meydanlardan k\u0259narda qalacaq &#8211; FOTO"},"content":{"rendered":"<p>\u201cQaraba\u011f\u201d\u0131n ke\u00e7mi\u015f futbol\u00e7usu, haz\u0131rda karyeras\u0131n\u0131 T\u00fcrkiy\u0259nin \u201cKayserispor\u201d klubunda davam etdir\u0259n Pedro Enrike z\u0259d\u0259 s\u0259b\u0259bi il\u0259 \u00fc\u00e7 h\u0259ft\u0259 meydana \u00e7\u0131xa bilm\u0259y\u0259c\u0259k.<\/p>\n<p>Bu bar\u0259d\u0259 \u201cH\u00fcrriyet\u201d yaz\u0131b.<\/p>\n<div id=\"AdviadNativeVideo0\" class=\"AdviadNativeVideo\"><\/div>\n<p>P.Enrike \u00f6t\u0259n g\u00fcn komandas\u0131n\u0131n \u201cAlanyaspor\u201dla qar\u015f\u0131la\u015fd\u0131\u011f\u0131 oyunun 42-ci d\u0259qiq\u0259sind\u0259 z\u0259d\u0259l\u0259n\u0259r\u0259k meydan\u0131 t\u0259rk edib. Sol aya\u011f\u0131n\u0131n bil\u0259k nahiy\u0259sind\u0259n z\u0259d\u0259l\u0259n\u0259n braziliyal\u0131 \u00fc\u00e7 h\u0259ft\u0259 m\u00fcdd\u0259tin\u0259 s\u0131radan \u00e7\u0131x\u0131b.<\/p>\n<p>Qeyd ed\u0259k ki, Pedro Enrike Az\u0259rbaycan\u0131n klub futbolu tarixind\u0259 \u00c7empionlar Liqas\u0131n\u0131n qrup m\u0259rh\u0259l\u0259si \u00e7\u0259r\u00e7iv\u0259sind\u0259 vurulan ilk qolun m\u00fc\u0259llifi olub. Bak\u0131da \u201cRoma\u201dya 1:2 hesab\u0131 il\u0259 uduzan \u201cQaraba\u011f\u201d\u0131n hey\u0259tind\u0259 Pedro Enrike 28-ci d\u0259qiq\u0259d\u0259 f\u0259rql\u0259nib.<\/p>\n<div class=\"gallery\">\n<div class=\"gallery-i\"><img src=\"https:\/\/cdn.oxu.az\/uploads\/W1siZiIsIjIwMjEvMDIvMDQvMTMvNDAvNDUvYzAzNGNkOTAtMzg1Ni00ZGE5LWJmNWYtYzVmMDI4NWIyYzc0L2RrdjlveHJ4b2FjdHVzaS5qcGciXSxbInAiLCJlbmNvZGUiLCJqcGciLCItcXVhbGl0eSA4MCJdLFsicCIsInRodW1iIiwiNTkweDU5MFx1MDAzZSJdXQ?sha=9f50d4551aa0a37b\" alt=\"\" \/><\/div>\n<\/div>\n","protected":false},"excerpt":{"rendered":"<p>\u201cQaraba\u011f\u201d\u0131n ke\u00e7mi\u015f futbol\u00e7usu, haz\u0131rda karyeras\u0131n\u0131 T\u00fcrkiy\u0259nin \u201cKayserispor\u201d klubunda davam etdir\u0259n Pedro Enrike z\u0259d\u0259 s\u0259b\u0259bi il\u0259 \u00fc\u00e7 h\u0259ft\u0259 meydana \u00e7\u0131xa bilm\u0259y\u0259c\u0259k. Bu bar\u0259d\u0259 \u201cH\u00fcrriyet\u201d yaz\u0131b. P.Enrike \u00f6t\u0259n g\u00fcn komandas\u0131n\u0131n \u201cAlanyaspor\u201dla qar\u015f\u0131la\u015fd\u0131\u011f\u0131 oyunun 42-ci d\u0259qiq\u0259sind\u0259 z\u0259d\u0259l\u0259n\u0259r\u0259k meydan\u0131 t\u0259rk edib. Sol aya\u011f\u0131n\u0131n bil\u0259k nahiy\u0259sind\u0259n z\u0259d\u0259l\u0259n\u0259n braziliyal\u0131 \u00fc\u00e7 h\u0259ft\u0259 m\u00fcdd\u0259tin\u0259 s\u0131radan \u00e7\u0131x\u0131b. Qeyd ed\u0259k ki, Pedro Enrike Az\u0259rbaycan\u0131n klub futbolu tarixind\u0259 \u00c7empionlar Liqas\u0131n\u0131n qrup m\u0259rh\u0259l\u0259si \u00e7\u0259r\u00e7iv\u0259sind\u0259 vurulan ilk qolun m\u00fc\u0259llifi olub. Bak\u0131da \u201cRoma\u201dya 1:2 hesab\u0131 il\u0259 uduzan \u201cQaraba\u011f\u201d\u0131n hey\u0259tind\u0259 Pedro Enrike 28-ci d\u0259qiq\u0259d\u0259 f\u0259rql\u0259nib.<\/p>\n","protected":false},"author":2,"featured_media":286203,"comment_status":"closed","ping_status":"closed","sticky":false,"template":"","format":"standard","meta":{"om_disable_all_campaigns":false,"_monsterinsights_skip_tracking":false,"_monsterinsights_sitenote_active":false,"_monsterinsights_sitenote_note":"","_monsterinsights_sitenote_category":0},"categories":[6],"tags":[],"aioseo_notices":[],"gutentor_comment":0,"rttpg_featured_image_url":{"full":["https:\/\/arantv.az\/wp-content\/uploads\/2021\/02\/601ba7d14e3fe004acb71339.jpg",620,349,false],"landscape":["https:\/\/arantv.az\/wp-content\/uploads\/2021\/02\/601ba7d14e3fe004acb71339.jpg",620,349,false],"portraits":["https:\/\/arantv.az\/wp-content\/uploads\/2021\/02\/601ba7d14e3fe004acb71339.jpg",620,349,false],"thumbnail":["https:\/\/arantv.az\/wp-content\/uploads\/2021\/02\/601ba7d14e3fe004acb71339-150x150.jpg",150,150,true],"medium":["https:\/\/arantv.az\/wp-content\/uploads\/2021\/02\/601ba7d14e3fe004acb71339-300x169.jpg",300,169,true],"large":["https:\/\/arantv.az\/wp-content\/uploads\/2021\/02\/601ba7d14e3fe004acb71339.jpg",620,349,false],"1536x1536":["https:\/\/arantv.az\/wp-content\/uploads\/2021\/02\/601ba7d14e3fe004acb71339.jpg",620,349,false],"2048x2048":["https:\/\/arantv.az\/wp-content\/uploads\/2021\/02\/601ba7d14e3fe004acb71339.jpg",620,349,false],"post-thumbnail":["https:\/\/arantv.az\/wp-content\/uploads\/2021\/02\/601ba7d14e3fe004acb71339-240x172.jpg",240,172,true],"advps-thumb-one":["https:\/\/arantv.az\/wp-content\/uploads\/2021\/02\/601ba7d14e3fe004acb71339.jpg",620,349,false]},"rttpg_author":{"display_name":"V\u00fcsal Rafiqo\u011flu","author_link":"https:\/\/arantv.az\/?author=2"},"rttpg_comment":0,"rttpg_category":"<a href=\"https:\/\/arantv.az\/?cat=6\" rel=\"category\">\u0130dman<\/a>","rttpg_excerpt":"\u201cQaraba\u011f\u201d\u0131n ke\u00e7mi\u015f futbol\u00e7usu, haz\u0131rda karyeras\u0131n\u0131 T\u00fcrkiy\u0259nin \u201cKayserispor\u201d klubunda davam etdir\u0259n Pedro Enrike z\u0259d\u0259 s\u0259b\u0259bi il\u0259 \u00fc\u00e7 h\u0259ft\u0259 meydana \u00e7\u0131xa bilm\u0259y\u0259c\u0259k. Bu bar\u0259d\u0259 \u201cH\u00fcrriyet\u201d yaz\u0131b. P.Enrike \u00f6t\u0259n g\u00fcn komandas\u0131n\u0131n \u201cAlanyaspor\u201dla qar\u015f\u0131la\u015fd\u0131\u011f\u0131 oyunun 42-ci d\u0259qiq\u0259sind\u0259 z\u0259d\u0259l\u0259n\u0259r\u0259k meydan\u0131 t\u0259rk edib. Sol aya\u011f\u0131n\u0131n bil\u0259k nahiy\u0259sind\u0259n z\u0259d\u0259l\u0259n\u0259n braziliyal\u0131 \u00fc\u00e7 h\u0259ft\u0259 m\u00fcdd\u0259tin\u0259 s\u0131radan \u00e7\u0131x\u0131b. Qeyd ed\u0259k ki, Pedro Enrike Az\u0259rbaycan\u0131n klub&hellip;","_links":{"self":[{"href":"https:\/\/arantv.az\/index.php?rest_route=\/wp\/v2\/posts\/286202"}],"collection":[{"href":"https:\/\/arantv.az\/index.php?rest_route=\/wp\/v2\/posts"}],"about":[{"href":"https:\/\/arantv.az\/index.php?rest_route=\/wp\/v2\/types\/post"}],"author":[{"embeddable":true,"href":"https:\/\/arantv.az\/index.php?rest_route=\/wp\/v2\/users\/2"}],"replies":[{"embeddable":true,"href":"https:\/\/arantv.az\/index.php?rest_route=%2Fwp%2Fv2%2Fcomments&post=286202"}],"version-history":[{"count":0,"href":"https:\/\/arantv.az\/index.php?rest_route=\/wp\/v2\/posts\/286202\/revisions"}],"wp:featuredmedia":[{"embeddable":true,"href":"https:\/\/arantv.az\/index.php?rest_route=\/wp\/v2\/media\/286203"}],"wp:attachment":[{"href":"https:\/\/arantv.az\/index.php?rest_route=%2Fwp%2Fv2%2Fmedia&parent=286202"}],"wp:term":[{"taxonomy":"category","embeddable":true,"href":"https:\/\/arantv.az\/index.php?rest_route=%2Fwp%2Fv2%2Fcategories&post=286202"},{"taxonomy":"post_tag","embeddable":true,"href":"https:\/\/arantv.az\/index.php?rest_route=%2Fwp%2Fv2%2Ftags&post=286202"}],"curies":[{"name":"wp","href":"https:\/\/api.w.org\/{rel}","templated":true}]}}