{"id":286206,"date":"2021-02-04T13:24:42","date_gmt":"2021-02-04T10:24:42","guid":{"rendered":"http:\/\/arantv.az\/?p=286206"},"modified":"2021-02-04T13:24:42","modified_gmt":"2021-02-04T10:24:42","slug":"ilham-%c9%99liyev-vuqar-suleymanova-tapsiriqlar-verdi","status":"publish","type":"post","link":"https:\/\/arantv.az\/?p=286206","title":{"rendered":"\u0130lham \u018fliyev V\u00fcqar S\u00fcleymanova tap\u015f\u0131r\u0131qlar verdi"},"content":{"rendered":"<p>Azad edilmi\u015f torpaqlarda minat\u0259mizl\u0259m\u0259 i\u015fl\u0259ri birinci d\u0259r\u0259c\u0259li v\u0259zif\u0259dir. Bu v\u0259zif\u0259 icra olunmadan h\u0259r hans\u0131 bir inki\u015fafdan s\u00f6hb\u0259t ged\u0259 bilm\u0259z. H\u0259tta haz\u0131rda yollar\u0131n, d\u0259mir yolunun \u00e7\u0259kili\u015fi il\u0259 ba\u011fl\u0131 i\u015fl\u0259ri d\u0259 biz ancaq istehkam\u00e7\u0131lar o \u0259razil\u0259ri minalardan t\u0259mizl\u0259y\u0259nd\u0259n sonra g\u00f6r\u0259 bilirik. Odur ki, orada ist\u0259nil\u0259n f\u0259all\u0131q, ist\u0259nil\u0259n inki\u015faf minalardan t\u0259mizl\u0259m\u0259 i\u015find\u0259n as\u0131l\u0131d\u0131r. Ona g\u00f6r\u0259, biz h\u0259m s\u00fcr\u0259ti art\u0131rmal\u0131y\u0131q, eyni zamanda, minalardan t\u0259mizl\u0259m\u0259 i\u015fi el\u0259 apar\u0131lmal\u0131d\u0131r ki, yen\u0259 d\u0259 deyir\u0259m, o i\u015fl\u0259r ba\u015fa \u00e7atandan sonra h\u0259r hans\u0131 bir t\u0259hl\u00fck\u0259 olmas\u0131n.<\/p>\n<p>Bu s\u00f6zl\u0259ri Prezident \u0130lham \u018fliyev V\u00fcqar S\u00fcleymanovu Az\u0259rbaycan Respublikas\u0131n\u0131n Minat\u0259mizl\u0259m\u0259 Agentliyinin \u0130dar\u0259 Hey\u0259tinin s\u0259dri v\u0259zif\u0259sin\u0259 t\u0259yin olunmas\u0131 il\u0259 \u0259laq\u0259dar videoformatda q\u0259bul ed\u0259n zaman deyib:<\/p>\n<div id=\"AdviadNativeVideo0\" class=\"AdviadNativeVideo\"><\/div>\n<p>\u201cAgentliyin qar\u015f\u0131s\u0131nda b\u00f6y\u00fck v\u0259zif\u0259l\u0259r durur. \u0130lk n\u00f6vb\u0259d\u0259, i\u015fin d\u00fczg\u00fcn t\u0259\u015fkil edilm\u0259si m\u0259s\u0259l\u0259sin\u0259 diqq\u0259t yetirm\u0259lisiniz. T\u0259\u015fkilatlanma i\u015fi d\u00fczg\u00fcn h\u0259ll edilm\u0259lidir. Yarad\u0131lan yeni agentlik d\u00f6vl\u0259t agentliyidir. \u018flb\u0259tt\u0259 ki, ilk n\u00f6vb\u0259d\u0259, pe\u015f\u0259kar kadrlar se\u00e7ilib agentliyin i\u015fin\u0259 c\u0259lb edilm\u0259lidir. T\u0259bii ki, ke\u00e7mi\u015f ANAMA qurumunun kadrlar\u0131ndan istifad\u0259 edilm\u0259lidir, eyni zamanda, agentliyin say t\u0259rkibi d\u0259 m\u00fc\u0259yy\u0259n olunmal\u0131d\u0131r. \u00c7\u00fcnki azad edilmi\u015f torpaqlarda i\u015fl\u0259ri s\u00fcr\u0259tl\u0259, keyfiyy\u0259tl\u0259 qurmaq v\u0259 aparmaq \u00fc\u00e7\u00fcn \u0259lb\u0259tt\u0259 ki, agentliyin daha da b\u00f6y\u00fck i\u015f\u00e7i q\u00fcvv\u0259si olmal\u0131d\u0131r.<\/p>\n<p>Yeni texnikan\u0131n al\u0131nmas\u0131, \u0259lb\u0259tt\u0259 ki, n\u00f6vb\u0259d\u0259 duran \u0259sas v\u0259zif\u0259l\u0259rd\u0259n biridir. Son ill\u0259rd\u0259 bu sah\u0259d\u0259 texnoloji inki\u015faf \u00f6z\u00fcn\u00fc qabar\u0131q \u015f\u0259kild\u0259 b\u00fcruz\u0259 verir. \u0130ndi el\u0259 ma\u015f\u0131nlar, mexanizml\u0259r, texnika var ki, i\u015fi h\u0259m s\u00fcr\u0259tl\u0259ndirir, h\u0259m d\u0259 keyfiyy\u0259tl\u0259 aparma\u011fa imkan verir. Ona g\u00f6r\u0259, bax\u0131n, d\u00fcnyan\u0131n apar\u0131c\u0131 istehsal\u00e7\u0131lar\u0131 olan \u015firk\u0259tl\u0259rin \u0259n m\u00fcasir texnikas\u0131 \u00f6lk\u0259miz\u0259 g\u0259tirilm\u0259lidir. \u00c7\u00fcnki i\u015fin keyfiyy\u0259ti v\u0259 s\u00fcr\u0259ti bundan as\u0131l\u0131 olacaq. Bizim ke\u00e7mi\u015f k\u00f6\u00e7k\u00fcnl\u0259rimiz 30 il v\u0259t\u0259n h\u0259sr\u0259ti il\u0259 ya\u015fay\u0131blar. Ona g\u00f6r\u0259 minat\u0259mizl\u0259m\u0259 i\u015fl\u0259ri el\u0259 apar\u0131lmal\u0131d\u0131r ki, biz q\u0131sa m\u00fcdd\u0259t \u0259rzind\u0259 b\u0259rpa i\u015fl\u0259rin\u0259 start ver\u0259 bil\u0259k v\u0259 bel\u0259likl\u0259, v\u0259t\u0259nda\u015flar in\u015faat i\u015fl\u0259ri ba\u015fa \u00e7atandan sonra \u00f6z torpaqlar\u0131na qay\u0131da bilsinl\u0259r\u201d.<\/p>\n","protected":false},"excerpt":{"rendered":"<p>Azad edilmi\u015f torpaqlarda minat\u0259mizl\u0259m\u0259 i\u015fl\u0259ri birinci d\u0259r\u0259c\u0259li v\u0259zif\u0259dir. Bu v\u0259zif\u0259 icra olunmadan h\u0259r hans\u0131 bir inki\u015fafdan s\u00f6hb\u0259t ged\u0259 bilm\u0259z. H\u0259tta haz\u0131rda yollar\u0131n, d\u0259mir yolunun \u00e7\u0259kili\u015fi il\u0259 ba\u011fl\u0131 i\u015fl\u0259ri d\u0259 biz ancaq istehkam\u00e7\u0131lar o \u0259razil\u0259ri minalardan t\u0259mizl\u0259y\u0259nd\u0259n sonra g\u00f6r\u0259 bilirik. Odur ki, orada ist\u0259nil\u0259n f\u0259all\u0131q, ist\u0259nil\u0259n inki\u015faf minalardan t\u0259mizl\u0259m\u0259 i\u015find\u0259n as\u0131l\u0131d\u0131r. Ona g\u00f6r\u0259, biz h\u0259m s\u00fcr\u0259ti art\u0131rmal\u0131y\u0131q, eyni zamanda, minalardan t\u0259mizl\u0259m\u0259 i\u015fi el\u0259 apar\u0131lmal\u0131d\u0131r ki, yen\u0259 d\u0259 deyir\u0259m, o i\u015fl\u0259r ba\u015fa \u00e7atandan sonra h\u0259r hans\u0131 bir t\u0259hl\u00fck\u0259 olmas\u0131n. Bu s\u00f6zl\u0259ri Prezident \u0130lham \u018fliyev V\u00fcqar S\u00fcleymanovu Az\u0259rbaycan Respublikas\u0131n\u0131n Minat\u0259mizl\u0259m\u0259 Agentliyinin \u0130dar\u0259 Hey\u0259tinin&hellip;<\/p>\n","protected":false},"author":2,"featured_media":286207,"comment_status":"closed","ping_status":"closed","sticky":false,"template":"","format":"standard","meta":{"om_disable_all_campaigns":false,"_monsterinsights_skip_tracking":false,"_monsterinsights_sitenote_active":false,"_monsterinsights_sitenote_note":"","_monsterinsights_sitenote_category":0},"categories":[4],"tags":[],"aioseo_notices":[],"gutentor_comment":0,"rttpg_featured_image_url":{"full":["https:\/\/arantv.az\/wp-content\/uploads\/2021\/02\/16124324531844547402_1000x669.jpg",620,341,false],"landscape":["https:\/\/arantv.az\/wp-content\/uploads\/2021\/02\/16124324531844547402_1000x669.jpg",620,341,false],"portraits":["https:\/\/arantv.az\/wp-content\/uploads\/2021\/02\/16124324531844547402_1000x669.jpg",620,341,false],"thumbnail":["https:\/\/arantv.az\/wp-content\/uploads\/2021\/02\/16124324531844547402_1000x669-150x150.jpg",150,150,true],"medium":["https:\/\/arantv.az\/wp-content\/uploads\/2021\/02\/16124324531844547402_1000x669-300x165.jpg",300,165,true],"large":["https:\/\/arantv.az\/wp-content\/uploads\/2021\/02\/16124324531844547402_1000x669.jpg",620,341,false],"1536x1536":["https:\/\/arantv.az\/wp-content\/uploads\/2021\/02\/16124324531844547402_1000x669.jpg",620,341,false],"2048x2048":["https:\/\/arantv.az\/wp-content\/uploads\/2021\/02\/16124324531844547402_1000x669.jpg",620,341,false],"post-thumbnail":["https:\/\/arantv.az\/wp-content\/uploads\/2021\/02\/16124324531844547402_1000x669-240x172.jpg",240,172,true],"advps-thumb-one":["https:\/\/arantv.az\/wp-content\/uploads\/2021\/02\/16124324531844547402_1000x669.jpg",620,341,false]},"rttpg_author":{"display_name":"V\u00fcsal Rafiqo\u011flu","author_link":"https:\/\/arantv.az\/?author=2"},"rttpg_comment":0,"rttpg_category":"<a href=\"https:\/\/arantv.az\/?cat=4\" rel=\"category\">Siyas\u0259t<\/a>","rttpg_excerpt":"Azad edilmi\u015f torpaqlarda minat\u0259mizl\u0259m\u0259 i\u015fl\u0259ri birinci d\u0259r\u0259c\u0259li v\u0259zif\u0259dir. Bu v\u0259zif\u0259 icra olunmadan h\u0259r hans\u0131 bir inki\u015fafdan s\u00f6hb\u0259t ged\u0259 bilm\u0259z. H\u0259tta haz\u0131rda yollar\u0131n, d\u0259mir yolunun \u00e7\u0259kili\u015fi il\u0259 ba\u011fl\u0131 i\u015fl\u0259ri d\u0259 biz ancaq istehkam\u00e7\u0131lar o \u0259razil\u0259ri minalardan t\u0259mizl\u0259y\u0259nd\u0259n sonra g\u00f6r\u0259 bilirik. Odur ki, orada ist\u0259nil\u0259n f\u0259all\u0131q, ist\u0259nil\u0259n inki\u015faf minalardan t\u0259mizl\u0259m\u0259 i\u015find\u0259n as\u0131l\u0131d\u0131r. Ona g\u00f6r\u0259, biz h\u0259m s\u00fcr\u0259ti&hellip;","_links":{"self":[{"href":"https:\/\/arantv.az\/index.php?rest_route=\/wp\/v2\/posts\/286206"}],"collection":[{"href":"https:\/\/arantv.az\/index.php?rest_route=\/wp\/v2\/posts"}],"about":[{"href":"https:\/\/arantv.az\/index.php?rest_route=\/wp\/v2\/types\/post"}],"author":[{"embeddable":true,"href":"https:\/\/arantv.az\/index.php?rest_route=\/wp\/v2\/users\/2"}],"replies":[{"embeddable":true,"href":"https:\/\/arantv.az\/index.php?rest_route=%2Fwp%2Fv2%2Fcomments&post=286206"}],"version-history":[{"count":0,"href":"https:\/\/arantv.az\/index.php?rest_route=\/wp\/v2\/posts\/286206\/revisions"}],"wp:featuredmedia":[{"embeddable":true,"href":"https:\/\/arantv.az\/index.php?rest_route=\/wp\/v2\/media\/286207"}],"wp:attachment":[{"href":"https:\/\/arantv.az\/index.php?rest_route=%2Fwp%2Fv2%2Fmedia&parent=286206"}],"wp:term":[{"taxonomy":"category","embeddable":true,"href":"https:\/\/arantv.az\/index.php?rest_route=%2Fwp%2Fv2%2Fcategories&post=286206"},{"taxonomy":"post_tag","embeddable":true,"href":"https:\/\/arantv.az\/index.php?rest_route=%2Fwp%2Fv2%2Ftags&post=286206"}],"curies":[{"name":"wp","href":"https:\/\/api.w.org\/{rel}","templated":true}]}}