{"id":286214,"date":"2021-02-04T13:26:23","date_gmt":"2021-02-04T10:26:23","guid":{"rendered":"http:\/\/arantv.az\/?p=286214"},"modified":"2021-02-04T13:26:23","modified_gmt":"2021-02-04T10:26:23","slug":"prezident-peyk-goruntul%c9%99ri-minalarla-daha-cox-cirkl%c9%99nmis-yerl%c9%99ri-t%c9%99sbit-edir","status":"publish","type":"post","link":"https:\/\/arantv.az\/?p=286214","title":{"rendered":"Prezident: \u201cPeyk g\u00f6r\u00fcnt\u00fcl\u0259ri minalarla daha \u00e7ox \u00e7irkl\u0259nmi\u015f yerl\u0259ri t\u0259sbit edir\u201d"},"content":{"rendered":"<p>Azad edilmi\u015f torpaqlarda minalardan ba\u015fqa, partlamam\u0131\u015f sursatlar da kifay\u0259t q\u0259d\u0259r \u00e7oxdur, bu da t\u0259biidir. \u00c7\u00fcnki m\u00fcharib\u0259 d\u00f6vr\u00fcnd\u0259 ged\u0259n d\u00f6y\u00fc\u015fl\u0259r t\u0259bii ki, azad edilmi\u015f torpaqlarda partlamam\u0131\u015f sursatlar\u0131n \u00e7oxlu\u011funa s\u0259b\u0259b olmu\u015fdur. Odur ki, \u0259razil\u0259ri bu sursatlardan t\u0259mizl\u0259m\u0259k d\u0259 b\u00f6y\u00fck z\u0259hm\u0259t t\u0259l\u0259b ed\u0259n m\u0259s\u0259l\u0259dir. Siz bu sah\u0259d\u0259 t\u0259cr\u00fcb\u0259li beyn\u0259lxalq m\u00fct\u0259x\u0259ssisl\u0259ri c\u0259lb ed\u0259r\u0259k i\u015f\u00e7il\u0259r \u00fc\u00e7\u00fcn h\u0259m \u00f6lk\u0259 daxilind\u0259 t\u0259lim kurslar\u0131 ke\u00e7irm\u0259lisiniz, h\u0259m d\u0259 xaricd\u0259 q\u0131sam\u00fcdd\u0259tli kurslar t\u0259\u015fkil olunmal\u0131d\u0131r ki, bizim m\u00fct\u0259x\u0259ssisl\u0259r, istehkam\u00e7\u0131lar \u00f6zl\u0259ri-\u00f6zl\u0259rini qoruya bilsinl\u0259r, eyni zamanda, burada \u0259n qabaqc\u0131l t\u0259cr\u00fcb\u0259 t\u0259tbiq edilsin.<\/p>\n<div id=\"AdviadNativeVideo0\" class=\"AdviadNativeVideo\"><\/div>\n<p>Bu s\u00f6zl\u0259ri Prezident \u0130lham \u018fliyev V\u00fcqar S\u00fcleymanovu Az\u0259rbaycan Respublikas\u0131n\u0131n Minat\u0259mizl\u0259m\u0259 Agentliyinin \u0130dar\u0259 Hey\u0259tinin s\u0259dri v\u0259zif\u0259sin\u0259 t\u0259yin olunmas\u0131 il\u0259 \u0259laq\u0259dar videoformatda q\u0259bul ed\u0259n zaman deyib:<\/p>\n<p>\u201cPeyk g\u00f6r\u00fcnt\u00fcl\u0259rind\u0259n s\u0259m\u0259r\u0259li istifad\u0259 etm\u0259liyik. Peyk g\u00f6r\u00fcnt\u00fcl\u0259ri biz\u0259 \u0259lav\u0259 imkanlar yarad\u0131r, h\u0259m m\u00fcharib\u0259 d\u00f6vr\u00fcnd\u0259, h\u0259m d\u0259 m\u00fcharib\u0259d\u0259n sonra t\u0259bii ki, b\u0259rpa i\u015fl\u0259rind\u0259. Biz erm\u0259nil\u0259r t\u0259r\u0259find\u0259n q\u0131r\u0131lm\u0131\u015f me\u015f\u0259l\u0259rin h\u0259cmini m\u0259hz peykl\u0259rd\u0259n m\u00fc\u0259yy\u0259n ed\u0259 bilmi\u015fik v\u0259 indi yerl\u0259rd\u0259 bunu t\u0259sdiq edirik. Me\u015f\u0259l\u0259rimizin 54 min hektar\u0131 Erm\u0259nistan r\u0259hb\u0259rliyi t\u0259r\u0259find\u0259n q\u0131r\u0131l\u0131b, talan edilib v\u0259 sat\u0131l\u0131b. Peyk g\u00f6r\u00fcnt\u00fcl\u0259ri, eyni zamanda, minalarla daha \u00e7ox \u00e7irkl\u0259nmi\u015f yerl\u0259ri d\u0259 t\u0259sbit edir. Ona g\u00f6r\u0259 bu imkanlardan da s\u0259m\u0259r\u0259li istifad\u0259 etm\u0259liyik\u201d.<\/p>\n","protected":false},"excerpt":{"rendered":"<p>Azad edilmi\u015f torpaqlarda minalardan ba\u015fqa, partlamam\u0131\u015f sursatlar da kifay\u0259t q\u0259d\u0259r \u00e7oxdur, bu da t\u0259biidir. \u00c7\u00fcnki m\u00fcharib\u0259 d\u00f6vr\u00fcnd\u0259 ged\u0259n d\u00f6y\u00fc\u015fl\u0259r t\u0259bii ki, azad edilmi\u015f torpaqlarda partlamam\u0131\u015f sursatlar\u0131n \u00e7oxlu\u011funa s\u0259b\u0259b olmu\u015fdur. Odur ki, \u0259razil\u0259ri bu sursatlardan t\u0259mizl\u0259m\u0259k d\u0259 b\u00f6y\u00fck z\u0259hm\u0259t t\u0259l\u0259b ed\u0259n m\u0259s\u0259l\u0259dir. Siz bu sah\u0259d\u0259 t\u0259cr\u00fcb\u0259li beyn\u0259lxalq m\u00fct\u0259x\u0259ssisl\u0259ri c\u0259lb ed\u0259r\u0259k i\u015f\u00e7il\u0259r \u00fc\u00e7\u00fcn h\u0259m \u00f6lk\u0259 daxilind\u0259 t\u0259lim kurslar\u0131 ke\u00e7irm\u0259lisiniz, h\u0259m d\u0259 xaricd\u0259 q\u0131sam\u00fcdd\u0259tli kurslar t\u0259\u015fkil olunmal\u0131d\u0131r ki, bizim m\u00fct\u0259x\u0259ssisl\u0259r, istehkam\u00e7\u0131lar \u00f6zl\u0259ri-\u00f6zl\u0259rini qoruya bilsinl\u0259r, eyni zamanda, burada \u0259n qabaqc\u0131l t\u0259cr\u00fcb\u0259 t\u0259tbiq edilsin. Bu s\u00f6zl\u0259ri Prezident \u0130lham \u018fliyev V\u00fcqar S\u00fcleymanovu Az\u0259rbaycan Respublikas\u0131n\u0131n Minat\u0259mizl\u0259m\u0259 Agentliyinin&hellip;<\/p>\n","protected":false},"author":2,"featured_media":286215,"comment_status":"closed","ping_status":"closed","sticky":false,"template":"","format":"standard","meta":{"om_disable_all_campaigns":false,"_monsterinsights_skip_tracking":false,"_monsterinsights_sitenote_active":false,"_monsterinsights_sitenote_note":"","_monsterinsights_sitenote_category":0},"categories":[4],"tags":[],"aioseo_notices":[],"gutentor_comment":0,"rttpg_featured_image_url":{"full":["https:\/\/arantv.az\/wp-content\/uploads\/2021\/02\/prezident_muraciet_261020_4.jpg",620,349,false],"landscape":["https:\/\/arantv.az\/wp-content\/uploads\/2021\/02\/prezident_muraciet_261020_4.jpg",620,349,false],"portraits":["https:\/\/arantv.az\/wp-content\/uploads\/2021\/02\/prezident_muraciet_261020_4.jpg",620,349,false],"thumbnail":["https:\/\/arantv.az\/wp-content\/uploads\/2021\/02\/prezident_muraciet_261020_4-150x150.jpg",150,150,true],"medium":["https:\/\/arantv.az\/wp-content\/uploads\/2021\/02\/prezident_muraciet_261020_4-300x169.jpg",300,169,true],"large":["https:\/\/arantv.az\/wp-content\/uploads\/2021\/02\/prezident_muraciet_261020_4.jpg",620,349,false],"1536x1536":["https:\/\/arantv.az\/wp-content\/uploads\/2021\/02\/prezident_muraciet_261020_4.jpg",620,349,false],"2048x2048":["https:\/\/arantv.az\/wp-content\/uploads\/2021\/02\/prezident_muraciet_261020_4.jpg",620,349,false],"post-thumbnail":["https:\/\/arantv.az\/wp-content\/uploads\/2021\/02\/prezident_muraciet_261020_4-240x172.jpg",240,172,true],"advps-thumb-one":["https:\/\/arantv.az\/wp-content\/uploads\/2021\/02\/prezident_muraciet_261020_4.jpg",620,349,false]},"rttpg_author":{"display_name":"V\u00fcsal Rafiqo\u011flu","author_link":"https:\/\/arantv.az\/?author=2"},"rttpg_comment":0,"rttpg_category":"<a href=\"https:\/\/arantv.az\/?cat=4\" rel=\"category\">Siyas\u0259t<\/a>","rttpg_excerpt":"Azad edilmi\u015f torpaqlarda minalardan ba\u015fqa, partlamam\u0131\u015f sursatlar da kifay\u0259t q\u0259d\u0259r \u00e7oxdur, bu da t\u0259biidir. \u00c7\u00fcnki m\u00fcharib\u0259 d\u00f6vr\u00fcnd\u0259 ged\u0259n d\u00f6y\u00fc\u015fl\u0259r t\u0259bii ki, azad edilmi\u015f torpaqlarda partlamam\u0131\u015f sursatlar\u0131n \u00e7oxlu\u011funa s\u0259b\u0259b olmu\u015fdur. Odur ki, \u0259razil\u0259ri bu sursatlardan t\u0259mizl\u0259m\u0259k d\u0259 b\u00f6y\u00fck z\u0259hm\u0259t t\u0259l\u0259b ed\u0259n m\u0259s\u0259l\u0259dir. Siz bu sah\u0259d\u0259 t\u0259cr\u00fcb\u0259li beyn\u0259lxalq m\u00fct\u0259x\u0259ssisl\u0259ri c\u0259lb ed\u0259r\u0259k i\u015f\u00e7il\u0259r \u00fc\u00e7\u00fcn h\u0259m \u00f6lk\u0259 daxilind\u0259 t\u0259lim&hellip;","_links":{"self":[{"href":"https:\/\/arantv.az\/index.php?rest_route=\/wp\/v2\/posts\/286214"}],"collection":[{"href":"https:\/\/arantv.az\/index.php?rest_route=\/wp\/v2\/posts"}],"about":[{"href":"https:\/\/arantv.az\/index.php?rest_route=\/wp\/v2\/types\/post"}],"author":[{"embeddable":true,"href":"https:\/\/arantv.az\/index.php?rest_route=\/wp\/v2\/users\/2"}],"replies":[{"embeddable":true,"href":"https:\/\/arantv.az\/index.php?rest_route=%2Fwp%2Fv2%2Fcomments&post=286214"}],"version-history":[{"count":0,"href":"https:\/\/arantv.az\/index.php?rest_route=\/wp\/v2\/posts\/286214\/revisions"}],"wp:featuredmedia":[{"embeddable":true,"href":"https:\/\/arantv.az\/index.php?rest_route=\/wp\/v2\/media\/286215"}],"wp:attachment":[{"href":"https:\/\/arantv.az\/index.php?rest_route=%2Fwp%2Fv2%2Fmedia&parent=286214"}],"wp:term":[{"taxonomy":"category","embeddable":true,"href":"https:\/\/arantv.az\/index.php?rest_route=%2Fwp%2Fv2%2Fcategories&post=286214"},{"taxonomy":"post_tag","embeddable":true,"href":"https:\/\/arantv.az\/index.php?rest_route=%2Fwp%2Fv2%2Ftags&post=286214"}],"curies":[{"name":"wp","href":"https:\/\/api.w.org\/{rel}","templated":true}]}}