{"id":286229,"date":"2021-02-04T13:31:59","date_gmt":"2021-02-04T10:31:59","guid":{"rendered":"http:\/\/arantv.az\/?p=286229"},"modified":"2021-02-04T13:31:59","modified_gmt":"2021-02-04T10:31:59","slug":"muharib%c9%99-noyabrin-10-da-dayandi-v%c9%99-biz-dekabr-ayindan-payiz-%c9%99kinin%c9%99-baslamisiq","status":"publish","type":"post","link":"https:\/\/arantv.az\/?p=286229","title":{"rendered":"M\u00fcharib\u0259 noyabr\u0131n 10-da dayand\u0131 v\u0259 biz dekabr ay\u0131ndan pay\u0131z \u0259kinin\u0259 ba\u015flam\u0131\u015f\u0131q"},"content":{"rendered":"<p><strong>\u201cBiz indi \u201ca\u011f\u0131ll\u0131 k\u0259nd\u201d konsepsiyas\u0131n\u0131 da haz\u0131rlay\u0131r\u0131q. Bu konsepsiya dem\u0259k olar ki, haz\u0131rd\u0131r, m\u0259n\u0259 m\u0259ruz\u0259 edildi, m\u0259n bunu t\u0259sdiql\u0259dim\u201d<\/strong><\/p>\n<p>&nbsp;<\/p>\n<p>&#8220;Ya\u015fay\u0131\u015f m\u0259nt\u0259q\u0259l\u0259rin\u0259 g\u0259ldikd\u0259, biz, ilk n\u00f6vb\u0259d\u0259, \u015f\u0259h\u0259rl\u0259ri b\u0259rpa etm\u0259liyik&#8221;.<\/p>\n<p><strong>ARANTV.AZ\u00a0<\/strong> x\u0259b\u0259r verir ki, bunu Prezident \u0130lham \u018fliyev V\u00fcqar S\u00fcleymanovu Minat\u0259mizl\u0259m\u0259 Agentliyinin \u0130dar\u0259 Hey\u0259tinin s\u0259dri v\u0259zif\u0259sin\u0259 t\u0259yin olunmas\u0131 il\u0259 \u0259laq\u0259dar videoformatda q\u0259bul ed\u0259rk\u0259n deyib.<\/p>\n<p>Prezident bildirib ki, ona g\u00f6r\u0259, b\u00fct\u00fcn \u015f\u0259h\u0259rl\u0259rin \u0259razil\u0259ri birinci n\u00f6vb\u0259d\u0259 minalardan t\u0259mizl\u0259nm\u0259lidir:\u00a0\u201cBununla paralel olaraq, yax\u0131n g\u0259l\u0259c\u0259kd\u0259 b\u0259zi k\u0259ndl\u0259rd\u0259 b\u0259rpa i\u015fl\u0259rin\u0259 start veril\u0259c\u0259k v\u0259 m\u0259n art\u0131q bunu bildirmi\u015f\u0259m. Biz indi \u201ca\u011f\u0131ll\u0131 k\u0259nd\u201d konsepsiyas\u0131n\u0131 da haz\u0131rlay\u0131r\u0131q. Bu konsepsiya dem\u0259k olar ki, haz\u0131rd\u0131r, m\u0259n\u0259 m\u0259ruz\u0259 edildi, m\u0259n bunu t\u0259sdiql\u0259dim. \u201cA\u011f\u0131ll\u0131 k\u0259nd\u201d birinci pilot layih\u0259si icra edil\u0259c\u0259kdir. M\u0259hz o yerl\u0259r d\u0259 d\u00fczg\u00fcn t\u0259sbit edilm\u0259lidir. \u018fkin sah\u0259l\u0259ri v\u0259 \u0259kin sah\u0259l\u0259rin\u0259 ged\u0259n yollar t\u0259mizl\u0259nm\u0259lidir. Bu da prioritetl\u0259r s\u0131ras\u0131ndad\u0131r. \u00c7\u00fcnki m\u0259nfur d\u00fc\u015fm\u0259n bizim torpa\u011f\u0131m\u0131z\u0131 da v\u0259h\u015fic\u0259sin\u0259 istismar edib\u201d.<\/p>\n<p>D\u00f6vl\u0259t ba\u015f\u00e7\u0131s\u0131 vur\u011fulay\u0131b ki, azad olunmu\u015f torpaqlarda t\u0259kc\u0259 tax\u0131l alt\u0131nda 90 min hektar sah\u0259d\u0259n m\u0259nfur d\u00fc\u015fm\u0259n qanunsuz istifad\u0259 edib v\u0259 qanunsuz varlan\u0131b:\u00a0\u201cVaxt itirm\u0259m\u0259k \u00fc\u00e7\u00fcn m\u0259nim g\u00f6st\u0259ri\u015fiml\u0259 b\u00fct\u00fcn g\u00fccl\u0259r art\u0131q s\u0259f\u0259rb\u0259r edilib v\u0259 m\u00fcharib\u0259 ba\u015fa \u00e7atandan sonra m\u0259n d\u0259rhal bu i\u015fl\u0259r\u0259 start verdim. Dey\u0259 bil\u0259r\u0259m ki, pay\u0131zl\u0131q \u0259kin d\u0259 apar\u0131l\u0131b. Bax\u0131n, m\u00fcharib\u0259 noyabr\u0131n 10-da dayand\u0131 v\u0259 biz dekabr ay\u0131ndan pay\u0131z \u0259kinin\u0259 ba\u015flam\u0131\u015f\u0131q. M\u0259n\u0259 g\u00fcnd\u0259lik m\u0259lumat verilir, 7 min hektarda art\u0131q pay\u0131z \u0259kini apar\u0131l\u0131b. Y\u0259ni, bu, yen\u0259 d\u0259 bizim g\u00fcc\u00fcm\u00fcz\u00fc g\u00f6st\u0259rir. Onu g\u00f6st\u0259rir ki, biz bir d\u0259qiq\u0259 d\u0259, bir g\u00fcn d\u0259 g\u00f6zl\u0259m\u0259k ist\u0259mirik. Biz bu torpaqlara qay\u0131tmaq ist\u0259yirik v\u0259 ke\u00e7mi\u015f k\u00f6\u00e7k\u00fcnl\u0259r, \u0259lb\u0259tt\u0259 ki, bu arzularla 30 il ya\u015fay\u0131blar. Onlar\u0131n hissl\u0259rini ba\u015fa d\u00fc\u015fm\u0259k olar. Amma, eyni zamanda, onlar\u0131n v\u0259 onlarla birlikd\u0259 olanlar\u0131n t\u0259hl\u00fck\u0259sizliyi birinci d\u0259r\u0259c\u0259li m\u0259s\u0259l\u0259dir. Bu yax\u0131nlarda \u00fc\u00e7 n\u0259f\u0259r minaya d\u00fc\u015f\u00fcb, bir n\u0259f\u0259r h\u0259lak olub. Y\u0259ni, o i\u015fin t\u0259\u015f\u0259bb\u00fcskar\u0131 var. T\u0259\u015f\u0259bb\u00fcs\u00fc ir\u0259li s\u00fcr\u0259n adam \u00f6z\u00fc d\u0259 x\u0259sar\u0259t al\u0131b, yan\u0131nda olanlar da. Ona g\u00f6r\u0259, bu, \u00e7ox ciddi m\u0259suliyy\u0259tdir. Ona g\u00f6r\u0259, indi yazl\u0131q \u0259kin \u00fc\u00e7\u00fcn sah\u0259l\u0259rin m\u00fc\u0259yy\u0259nl\u0259\u015fdirilm\u0259si prosesi d\u0259 gedir, torpaqlar m\u00fc\u0259yy\u0259n edilib v\u0259 o \u0259kin sah\u0259l\u0259rin\u0259 ged\u0259n yollar da m\u00fctl\u0259q prioritetl\u0259r s\u0131ras\u0131nda olmal\u0131d\u0131r\u201d.<\/p>\n","protected":false},"excerpt":{"rendered":"<p>\u201cBiz indi \u201ca\u011f\u0131ll\u0131 k\u0259nd\u201d konsepsiyas\u0131n\u0131 da haz\u0131rlay\u0131r\u0131q. Bu konsepsiya dem\u0259k olar ki, haz\u0131rd\u0131r, m\u0259n\u0259 m\u0259ruz\u0259 edildi, m\u0259n bunu t\u0259sdiql\u0259dim\u201d &nbsp; &#8220;Ya\u015fay\u0131\u015f m\u0259nt\u0259q\u0259l\u0259rin\u0259 g\u0259ldikd\u0259, biz, ilk n\u00f6vb\u0259d\u0259, \u015f\u0259h\u0259rl\u0259ri b\u0259rpa etm\u0259liyik&#8221;. ARANTV.AZ\u00a0 x\u0259b\u0259r verir ki, bunu Prezident \u0130lham \u018fliyev V\u00fcqar S\u00fcleymanovu Minat\u0259mizl\u0259m\u0259 Agentliyinin \u0130dar\u0259 Hey\u0259tinin s\u0259dri v\u0259zif\u0259sin\u0259 t\u0259yin olunmas\u0131 il\u0259 \u0259laq\u0259dar videoformatda q\u0259bul ed\u0259rk\u0259n deyib. Prezident bildirib ki, ona g\u00f6r\u0259, b\u00fct\u00fcn \u015f\u0259h\u0259rl\u0259rin \u0259razil\u0259ri birinci n\u00f6vb\u0259d\u0259 minalardan t\u0259mizl\u0259nm\u0259lidir:\u00a0\u201cBununla paralel olaraq, yax\u0131n g\u0259l\u0259c\u0259kd\u0259 b\u0259zi k\u0259ndl\u0259rd\u0259 b\u0259rpa i\u015fl\u0259rin\u0259 start veril\u0259c\u0259k v\u0259 m\u0259n art\u0131q bunu bildirmi\u015f\u0259m. Biz indi \u201ca\u011f\u0131ll\u0131 k\u0259nd\u201d konsepsiyas\u0131n\u0131 da haz\u0131rlay\u0131r\u0131q. Bu konsepsiya dem\u0259k&hellip;<\/p>\n","protected":false},"author":2,"featured_media":286230,"comment_status":"closed","ping_status":"closed","sticky":false,"template":"","format":"standard","meta":{"om_disable_all_campaigns":false,"_monsterinsights_skip_tracking":false,"_monsterinsights_sitenote_active":false,"_monsterinsights_sitenote_note":"","_monsterinsights_sitenote_category":0},"categories":[4],"tags":[],"aioseo_notices":[],"gutentor_comment":0,"rttpg_featured_image_url":{"full":["https:\/\/arantv.az\/wp-content\/uploads\/2021\/02\/cb57cdb716124341444699702731013932.jpg",975,540,false],"landscape":["https:\/\/arantv.az\/wp-content\/uploads\/2021\/02\/cb57cdb716124341444699702731013932.jpg",975,540,false],"portraits":["https:\/\/arantv.az\/wp-content\/uploads\/2021\/02\/cb57cdb716124341444699702731013932.jpg",975,540,false],"thumbnail":["https:\/\/arantv.az\/wp-content\/uploads\/2021\/02\/cb57cdb716124341444699702731013932-150x150.jpg",150,150,true],"medium":["https:\/\/arantv.az\/wp-content\/uploads\/2021\/02\/cb57cdb716124341444699702731013932-300x166.jpg",300,166,true],"large":["https:\/\/arantv.az\/wp-content\/uploads\/2021\/02\/cb57cdb716124341444699702731013932.jpg",640,354,false],"1536x1536":["https:\/\/arantv.az\/wp-content\/uploads\/2021\/02\/cb57cdb716124341444699702731013932.jpg",975,540,false],"2048x2048":["https:\/\/arantv.az\/wp-content\/uploads\/2021\/02\/cb57cdb716124341444699702731013932.jpg",975,540,false],"post-thumbnail":["https:\/\/arantv.az\/wp-content\/uploads\/2021\/02\/cb57cdb716124341444699702731013932-240x172.jpg",240,172,true],"advps-thumb-one":["https:\/\/arantv.az\/wp-content\/uploads\/2021\/02\/cb57cdb716124341444699702731013932.jpg",975,540,false]},"rttpg_author":{"display_name":"V\u00fcsal Rafiqo\u011flu","author_link":"https:\/\/arantv.az\/?author=2"},"rttpg_comment":0,"rttpg_category":"<a href=\"https:\/\/arantv.az\/?cat=4\" rel=\"category\">Siyas\u0259t<\/a>","rttpg_excerpt":"\u201cBiz indi \u201ca\u011f\u0131ll\u0131 k\u0259nd\u201d konsepsiyas\u0131n\u0131 da haz\u0131rlay\u0131r\u0131q. Bu konsepsiya dem\u0259k olar ki, haz\u0131rd\u0131r, m\u0259n\u0259 m\u0259ruz\u0259 edildi, m\u0259n bunu t\u0259sdiql\u0259dim\u201d &nbsp; &#8220;Ya\u015fay\u0131\u015f m\u0259nt\u0259q\u0259l\u0259rin\u0259 g\u0259ldikd\u0259, biz, ilk n\u00f6vb\u0259d\u0259, \u015f\u0259h\u0259rl\u0259ri b\u0259rpa etm\u0259liyik&#8221;. ARANTV.AZ\u00a0 x\u0259b\u0259r verir ki, bunu Prezident \u0130lham \u018fliyev V\u00fcqar S\u00fcleymanovu Minat\u0259mizl\u0259m\u0259 Agentliyinin \u0130dar\u0259 Hey\u0259tinin s\u0259dri v\u0259zif\u0259sin\u0259 t\u0259yin olunmas\u0131 il\u0259 \u0259laq\u0259dar videoformatda q\u0259bul ed\u0259rk\u0259n deyib. Prezident bildirib&hellip;","_links":{"self":[{"href":"https:\/\/arantv.az\/index.php?rest_route=\/wp\/v2\/posts\/286229"}],"collection":[{"href":"https:\/\/arantv.az\/index.php?rest_route=\/wp\/v2\/posts"}],"about":[{"href":"https:\/\/arantv.az\/index.php?rest_route=\/wp\/v2\/types\/post"}],"author":[{"embeddable":true,"href":"https:\/\/arantv.az\/index.php?rest_route=\/wp\/v2\/users\/2"}],"replies":[{"embeddable":true,"href":"https:\/\/arantv.az\/index.php?rest_route=%2Fwp%2Fv2%2Fcomments&post=286229"}],"version-history":[{"count":0,"href":"https:\/\/arantv.az\/index.php?rest_route=\/wp\/v2\/posts\/286229\/revisions"}],"wp:featuredmedia":[{"embeddable":true,"href":"https:\/\/arantv.az\/index.php?rest_route=\/wp\/v2\/media\/286230"}],"wp:attachment":[{"href":"https:\/\/arantv.az\/index.php?rest_route=%2Fwp%2Fv2%2Fmedia&parent=286229"}],"wp:term":[{"taxonomy":"category","embeddable":true,"href":"https:\/\/arantv.az\/index.php?rest_route=%2Fwp%2Fv2%2Fcategories&post=286229"},{"taxonomy":"post_tag","embeddable":true,"href":"https:\/\/arantv.az\/index.php?rest_route=%2Fwp%2Fv2%2Ftags&post=286229"}],"curies":[{"name":"wp","href":"https:\/\/api.w.org\/{rel}","templated":true}]}}