{"id":286237,"date":"2021-02-04T13:36:31","date_gmt":"2021-02-04T10:36:31","guid":{"rendered":"http:\/\/arantv.az\/?p=286237"},"modified":"2021-02-04T13:36:31","modified_gmt":"2021-02-04T10:36:31","slug":"bakida-%c9%99xlaqsiz-qadinlari-oldurm%c9%99yi-planlasdiran-kisi-il%c9%99-bagli-yeni-x%c9%99b%c9%99r","status":"publish","type":"post","link":"https:\/\/arantv.az\/?p=286237","title":{"rendered":"Bak\u0131da \u0259xlaqs\u0131z qad\u0131nlar\u0131 \u00f6ld\u00fcrm\u0259yi planla\u015fd\u0131ran ki\u015fi il\u0259 ba\u011fl\u0131 YEN\u0130 X\u018fB\u018fR"},"content":{"rendered":"<p>Bak\u0131 A\u011f\u0131r Cinay\u0259tl\u0259r M\u0259hk\u0259m\u0259sind\u0259 bir n\u0259f\u0259ri \u00f6ld\u00fcr\u00fcb, dig\u0259rin\u0259 x\u0259sar\u0259t yetirm\u0259kd\u0259 t\u0259qsirl\u0259ndiril\u0259n Hikm\u0259t F\u0259r\u0259covun cinay\u0259t i\u015fi \u00fczr\u0259 haz\u0131rl\u0131q iclas\u0131 ke\u00e7irilib.<\/p>\n<p><strong>ARANTV.AZ<\/strong> &#8220;Report&#8221;a istinad\u0259n\u00a0<a title=\"xeberler son xeberler 2021\" href=\"https:\/\/big.az\/\" target=\"_blank\" rel=\"noopener\">x\u0259b\u0259r<\/a>\u00a0verir ki, hakim Mahmud A\u011falarovun s\u0259drlik etdiyi iclasda t\u0259qsirl\u0259ndiril\u0259n \u015f\u0259xsin anket m\u0259lumatlar\u0131 d\u0259qiql\u0259\u015fdirilib.<\/p>\n<div id=\"AdviadNativeVideo0\" class=\"AdviadNativeVideo\"><\/div>\n<p>Bax\u0131\u015f iclas\u0131 fevral\u0131n 8-n\u0259 t\u0259yin edilib.<\/p>\n<p>Qeyd ed\u0259k ki, cinay\u0259t hadis\u0259l\u0259ri \u00f6t\u0259n ilin iyul ay\u0131nda ba\u015f verib.<\/p>\n<p>Bel\u0259 ki, iyulun 30-da saat 10.00 rad\u0259l\u0259rind\u0259 Hac\u0131qabul rayonu \u0259razisind\u0259n ke\u00e7\u0259n Bak\u0131-Qazax-G\u00fcrc\u00fcstan s\u0259rh\u0259di\u00a0<a title=\"masinlar masin satisi avtomobil elanlari\" href=\"https:\/\/masinlar.az\/\" target=\"_blank\" rel=\"noopener\">avtomobil<\/a>\u00a0magistral yolunun k\u0259nar\u0131nda \u00fcz\u0259rind\u0259 1 \u0259d\u0259d k\u0259silmi\u015f-de\u015filmi\u015f x\u0259sar\u0259ti olan nam\u0259lum qad\u0131n meyiti a\u015fkar olunub.<\/p>\n<p>\u0130stintaqla m\u0259rhumun 1968-ci il t\u0259v\u0259ll\u00fcdl\u00fc G\u00fclxara Qubadl\u0131 olmas\u0131 m\u00fc\u0259yy\u0259nl\u0259\u015fib.<\/p>\n<p>H\u0259m\u00e7inin, el\u0259 h\u0259min g\u00fcn paytaxt\u0131n S\u0259bail rayonu Z.\u018fliyeva k\u00fc\u00e7\u0259sind\u0259 Masall\u0131 rayon sakini, 1999-cu il t\u0259v\u0259ll\u00fcdl\u00fc \u018fli R\u0259c\u0259bzad\u0259y\u0259 ya\u015fad\u0131\u011f\u0131 m\u0259nzild\u0259 nam\u0259lum \u015f\u0259xs t\u0259r\u0259find\u0259n k\u0259sici al\u0259tl\u0259 x\u0259sar\u0259tl\u0259r yetirilm\u0259si bar\u0259d\u0259 polis\u0259 m\u0259lumat daxil olub.<\/p>\n<p>S\u0259bail Rayon Polis \u0130dar\u0259sinin 39-cu Polis B\u00f6lm\u0259si \u0259m\u0259kda\u015flar\u0131 t\u0259r\u0259find\u0259n &#8220;isti&#8221; izl\u0259rl\u0259 h\u0259yata ke\u00e7iril\u0259n \u0259m\u0259liyyat t\u0259dbirl\u0259ri n\u0259tic\u0259sind\u0259 \u018fli R\u0259c\u0259bzad\u0259y\u0259 b\u0131\u00e7aqla x\u0259sar\u0259tl\u0259r yetirm\u0259kd\u0259 \u015f\u00fcbh\u0259li bilin\u0259n Hac\u0131qabul rayonu N\u0259vai k\u0259nd sakini Hikm\u0259t F\u0259r\u0259cov saxlan\u0131l\u0131b.<\/p>\n<p>Polis B\u00f6lm\u0259sind\u0259 dindirilm\u0259 zaman\u0131 Hikm\u0259t F\u0259r\u0259cov iyulun 30-na ke\u00e7\u0259n gec\u0259 Hac\u0131qabul rayonu \u0259razisind\u0259 Bak\u0131-Qazax-G\u00fcrc\u00fcstan s\u0259rh\u0259di avtomobil magistral yolunun k\u0259nar\u0131nda G\u00fclxara Qubadl\u0131n\u0131 q\u0259tl\u0259 yetirdiyini d\u0259 etiraf edib. Hac\u0131qabul rayonunda hadis\u0259ni t\u00f6r\u0259d\u0259nd\u0259n sonra o, qad\u0131n\u0131n \u00e7antas\u0131ndak\u0131 pulu da g\u00f6t\u00fcr\u0259r\u0259k Bak\u0131 \u015f\u0259h\u0259rin\u0259 g\u0259lib. Bak\u0131 \u015f\u0259h\u0259rind\u0259 is\u0259 o, sosial \u015f\u0259b\u0259k\u0259l\u0259rd\u0259n birind\u0259 tan\u0131\u015f oldu\u011fu \u018fli R\u0259c\u0259bzad\u0259nin evin\u0259 yollan\u0131b. Hikm\u0259t F\u0259r\u0259cov \u00f6z\u00fc il\u0259 g\u0259tirdiyi b\u0131\u00e7aqla orada h\u0259min \u015f\u0259xs\u0259 d\u0259 x\u0259sar\u0259tl\u0259r yetirib.<\/p>\n<p>H.F\u0259r\u0259cov Cinay\u0259t M\u0259c\u0259ll\u0259sinin m\u00fcvafiq madd\u0259l\u0259ri il\u0259 ittiham olunur.<\/p>\n","protected":false},"excerpt":{"rendered":"<p>Bak\u0131 A\u011f\u0131r Cinay\u0259tl\u0259r M\u0259hk\u0259m\u0259sind\u0259 bir n\u0259f\u0259ri \u00f6ld\u00fcr\u00fcb, dig\u0259rin\u0259 x\u0259sar\u0259t yetirm\u0259kd\u0259 t\u0259qsirl\u0259ndiril\u0259n Hikm\u0259t F\u0259r\u0259covun cinay\u0259t i\u015fi \u00fczr\u0259 haz\u0131rl\u0131q iclas\u0131 ke\u00e7irilib. ARANTV.AZ &#8220;Report&#8221;a istinad\u0259n\u00a0x\u0259b\u0259r\u00a0verir ki, hakim Mahmud A\u011falarovun s\u0259drlik etdiyi iclasda t\u0259qsirl\u0259ndiril\u0259n \u015f\u0259xsin anket m\u0259lumatlar\u0131 d\u0259qiql\u0259\u015fdirilib. Bax\u0131\u015f iclas\u0131 fevral\u0131n 8-n\u0259 t\u0259yin edilib. Qeyd ed\u0259k ki, cinay\u0259t hadis\u0259l\u0259ri \u00f6t\u0259n ilin iyul ay\u0131nda ba\u015f verib. Bel\u0259 ki, iyulun 30-da saat 10.00 rad\u0259l\u0259rind\u0259 Hac\u0131qabul rayonu \u0259razisind\u0259n ke\u00e7\u0259n Bak\u0131-Qazax-G\u00fcrc\u00fcstan s\u0259rh\u0259di\u00a0avtomobil\u00a0magistral yolunun k\u0259nar\u0131nda \u00fcz\u0259rind\u0259 1 \u0259d\u0259d k\u0259silmi\u015f-de\u015filmi\u015f x\u0259sar\u0259ti olan nam\u0259lum qad\u0131n meyiti a\u015fkar olunub. \u0130stintaqla m\u0259rhumun 1968-ci il t\u0259v\u0259ll\u00fcdl\u00fc G\u00fclxara Qubadl\u0131 olmas\u0131 m\u00fc\u0259yy\u0259nl\u0259\u015fib. H\u0259m\u00e7inin, el\u0259 h\u0259min g\u00fcn&hellip;<\/p>\n","protected":false},"author":2,"featured_media":286238,"comment_status":"closed","ping_status":"closed","sticky":false,"template":"","format":"standard","meta":{"om_disable_all_campaigns":false,"_monsterinsights_skip_tracking":false,"_monsterinsights_sitenote_active":false,"_monsterinsights_sitenote_note":"","_monsterinsights_sitenote_category":0},"categories":[5],"tags":[],"aioseo_notices":[],"gutentor_comment":0,"rttpg_featured_image_url":{"full":["https:\/\/arantv.az\/wp-content\/uploads\/2021\/02\/kisi_11612428905.jpg",650,405,false],"landscape":["https:\/\/arantv.az\/wp-content\/uploads\/2021\/02\/kisi_11612428905.jpg",650,405,false],"portraits":["https:\/\/arantv.az\/wp-content\/uploads\/2021\/02\/kisi_11612428905.jpg",650,405,false],"thumbnail":["https:\/\/arantv.az\/wp-content\/uploads\/2021\/02\/kisi_11612428905-150x150.jpg",150,150,true],"medium":["https:\/\/arantv.az\/wp-content\/uploads\/2021\/02\/kisi_11612428905-300x187.jpg",300,187,true],"large":["https:\/\/arantv.az\/wp-content\/uploads\/2021\/02\/kisi_11612428905.jpg",640,399,false],"1536x1536":["https:\/\/arantv.az\/wp-content\/uploads\/2021\/02\/kisi_11612428905.jpg",650,405,false],"2048x2048":["https:\/\/arantv.az\/wp-content\/uploads\/2021\/02\/kisi_11612428905.jpg",650,405,false],"post-thumbnail":["https:\/\/arantv.az\/wp-content\/uploads\/2021\/02\/kisi_11612428905-240x172.jpg",240,172,true],"advps-thumb-one":["https:\/\/arantv.az\/wp-content\/uploads\/2021\/02\/kisi_11612428905.jpg",650,405,false]},"rttpg_author":{"display_name":"V\u00fcsal Rafiqo\u011flu","author_link":"https:\/\/arantv.az\/?author=2"},"rttpg_comment":0,"rttpg_category":"<a href=\"https:\/\/arantv.az\/?cat=5\" rel=\"category\">Hadis\u0259<\/a>","rttpg_excerpt":"Bak\u0131 A\u011f\u0131r Cinay\u0259tl\u0259r M\u0259hk\u0259m\u0259sind\u0259 bir n\u0259f\u0259ri \u00f6ld\u00fcr\u00fcb, dig\u0259rin\u0259 x\u0259sar\u0259t yetirm\u0259kd\u0259 t\u0259qsirl\u0259ndiril\u0259n Hikm\u0259t F\u0259r\u0259covun cinay\u0259t i\u015fi \u00fczr\u0259 haz\u0131rl\u0131q iclas\u0131 ke\u00e7irilib. ARANTV.AZ &#8220;Report&#8221;a istinad\u0259n\u00a0x\u0259b\u0259r\u00a0verir ki, hakim Mahmud A\u011falarovun s\u0259drlik etdiyi iclasda t\u0259qsirl\u0259ndiril\u0259n \u015f\u0259xsin anket m\u0259lumatlar\u0131 d\u0259qiql\u0259\u015fdirilib. Bax\u0131\u015f iclas\u0131 fevral\u0131n 8-n\u0259 t\u0259yin edilib. Qeyd ed\u0259k ki, cinay\u0259t hadis\u0259l\u0259ri \u00f6t\u0259n ilin iyul ay\u0131nda ba\u015f verib. Bel\u0259 ki, iyulun 30-da&hellip;","_links":{"self":[{"href":"https:\/\/arantv.az\/index.php?rest_route=\/wp\/v2\/posts\/286237"}],"collection":[{"href":"https:\/\/arantv.az\/index.php?rest_route=\/wp\/v2\/posts"}],"about":[{"href":"https:\/\/arantv.az\/index.php?rest_route=\/wp\/v2\/types\/post"}],"author":[{"embeddable":true,"href":"https:\/\/arantv.az\/index.php?rest_route=\/wp\/v2\/users\/2"}],"replies":[{"embeddable":true,"href":"https:\/\/arantv.az\/index.php?rest_route=%2Fwp%2Fv2%2Fcomments&post=286237"}],"version-history":[{"count":0,"href":"https:\/\/arantv.az\/index.php?rest_route=\/wp\/v2\/posts\/286237\/revisions"}],"wp:featuredmedia":[{"embeddable":true,"href":"https:\/\/arantv.az\/index.php?rest_route=\/wp\/v2\/media\/286238"}],"wp:attachment":[{"href":"https:\/\/arantv.az\/index.php?rest_route=%2Fwp%2Fv2%2Fmedia&parent=286237"}],"wp:term":[{"taxonomy":"category","embeddable":true,"href":"https:\/\/arantv.az\/index.php?rest_route=%2Fwp%2Fv2%2Fcategories&post=286237"},{"taxonomy":"post_tag","embeddable":true,"href":"https:\/\/arantv.az\/index.php?rest_route=%2Fwp%2Fv2%2Ftags&post=286237"}],"curies":[{"name":"wp","href":"https:\/\/api.w.org\/{rel}","templated":true}]}}