{"id":286241,"date":"2021-02-04T13:37:23","date_gmt":"2021-02-04T10:37:23","guid":{"rendered":"http:\/\/arantv.az\/?p=286241"},"modified":"2021-02-04T13:37:23","modified_gmt":"2021-02-04T10:37:23","slug":"az%c9%99rbaycan-yeni-t%c9%99hluk%c9%99-il%c9%99-qarsi-qarsiya-risk-yuks%c9%99kdir","status":"publish","type":"post","link":"https:\/\/arantv.az\/?p=286241","title":{"rendered":"Az\u0259rbaycan yeni t\u0259hl\u00fck\u0259 il\u0259 qar\u015f\u0131-qar\u015f\u0131ya &#8211; R\u0130SK Y\u00dcKS\u018fKD\u0130R"},"content":{"rendered":"<p>D\u00fcnyan\u0131 t\u0259\u015fvi\u015f\u0259 salan koronavirusun yeni \u015ftammlar\u0131n\u0131n \u00f6lk\u0259mizd\u0259 d\u0259 yay\u0131lma riski y\u00fcks\u0259kdir.<\/p>\n<p><strong>ARANTV.AZ<\/strong>\u00a0\u00a0<a title=\"xeberler son xeberler 2021\" href=\"https:\/\/big.az\/\" target=\"_blank\" rel=\"noopener\">x\u0259b\u0259r<\/a>\u00a0verir ki, bunu Milli.Az-a a\u00e7\u0131qlamas\u0131nda T\u018fB\u0130B-in \u0130nfeksion x\u0259st\u0259likl\u0259r \u00fczr\u0259 i\u015f\u00e7i qrupunun h\u0259kim-infeksionisti Ayg\u00fcl \u018fliyeva deyib.<\/p>\n<div id=\"AdviadNativeVideo0\" class=\"AdviadNativeVideo\"><\/div>\n<p>\u0130nfeksionist bildirib ki, koronavirusun yeni \u015ftamm\u0131n\u0131n b\u00fct\u00fcn ya\u015f qruplar\u0131nda yay\u0131lma riski y\u00fcks\u0259kdir:<\/p>\n<p>&#8220;Bir \u00e7ox \u00f6lk\u0259l\u0259rd\u0259 v\u0259 eyni zamanda qon\u015fu \u00f6lk\u0259l\u0259rd\u0259 d\u0259 mutasiyalar\u0131n n\u0259tic\u0259si olaraq yoluxma say\u0131nda artma qeyd olunur. V\u0259 yeni \u015ftammlar\u0131n b\u00fct\u00fcn ya\u015f qruplar\u0131nda, el\u0259c\u0259 d\u0259 u\u015faqlar aras\u0131nda yay\u0131lma riskinin y\u00fcks\u0259k oldu\u011fu bildirilir. Lakin u\u015faqlar daha a\u011f\u0131r ke\u00e7irir v\u0259 \u00f6l\u00fcm faizi y\u00fcks\u0259kdir dey\u0259 payla\u015f\u0131lan m\u0259lumatlar tam t\u0259sdiqini tapmayan m\u0259lumatlard\u0131r. Bu g\u00fcn\u0259 kimi u\u015faqlarda bel\u0259 bir v\u0259ziyy\u0259t ya\u015fan\u0131lmay\u0131b.<\/p>\n<p>Son bir ay \u0259rzind\u0259 x\u0259st\u0259 say\u0131nda k\u0259skin azalman\u0131 g\u00f6r\u00fcr\u00fck. Bildiyimiz kimi, art\u0131q \u00f6lk\u0259mizd\u0259 karantin qaydalar\u0131nda m\u00fc\u0259yy\u0259n yum\u015fad\u0131lma ba\u015flan\u0131l\u0131b, m\u0259kt\u0259bl\u0259r a\u00e7\u0131l\u0131b. Bu, sevindirici hal olsa da, rahat olmamal\u0131y\u0131q. Unutmamal\u0131y\u0131q ki, pandemiya h\u0259l\u0259 d\u0259 davam edir. Yeni \u015ftammlar\u0131n yoluxdurucu qabiliyy\u0259tinin y\u00fcks\u0259k olmas\u0131n\u0131 n\u0259z\u0259r\u0259 alsaq, daha a\u011f\u0131r v\u0259ziyy\u0259tl\u0259 qar\u015f\u0131la\u015fa bil\u0259rik. Bu v\u0259ziyy\u0259ti ya\u015famamaq \u00fc\u00e7\u00fcn k\u00fctl\u0259vi vaksinasiya prosesi h\u0259yata ke\u00e7iril\u0259n\u0259 q\u0259d\u0259r qorunma t\u0259dbirl\u0259rin\u0259 daha ciddi riay\u0259t edilm\u0259lidir&#8221;.<\/p>\n","protected":false},"excerpt":{"rendered":"<p>D\u00fcnyan\u0131 t\u0259\u015fvi\u015f\u0259 salan koronavirusun yeni \u015ftammlar\u0131n\u0131n \u00f6lk\u0259mizd\u0259 d\u0259 yay\u0131lma riski y\u00fcks\u0259kdir. ARANTV.AZ\u00a0\u00a0x\u0259b\u0259r\u00a0verir ki, bunu Milli.Az-a a\u00e7\u0131qlamas\u0131nda T\u018fB\u0130B-in \u0130nfeksion x\u0259st\u0259likl\u0259r \u00fczr\u0259 i\u015f\u00e7i qrupunun h\u0259kim-infeksionisti Ayg\u00fcl \u018fliyeva deyib. \u0130nfeksionist bildirib ki, koronavirusun yeni \u015ftamm\u0131n\u0131n b\u00fct\u00fcn ya\u015f qruplar\u0131nda yay\u0131lma riski y\u00fcks\u0259kdir: &#8220;Bir \u00e7ox \u00f6lk\u0259l\u0259rd\u0259 v\u0259 eyni zamanda qon\u015fu \u00f6lk\u0259l\u0259rd\u0259 d\u0259 mutasiyalar\u0131n n\u0259tic\u0259si olaraq yoluxma say\u0131nda artma qeyd olunur. V\u0259 yeni \u015ftammlar\u0131n b\u00fct\u00fcn ya\u015f qruplar\u0131nda, el\u0259c\u0259 d\u0259 u\u015faqlar aras\u0131nda yay\u0131lma riskinin y\u00fcks\u0259k oldu\u011fu bildirilir. Lakin u\u015faqlar daha a\u011f\u0131r ke\u00e7irir v\u0259 \u00f6l\u00fcm faizi y\u00fcks\u0259kdir dey\u0259 payla\u015f\u0131lan m\u0259lumatlar tam t\u0259sdiqini tapmayan m\u0259lumatlard\u0131r. Bu g\u00fcn\u0259 kimi u\u015faqlarda&hellip;<\/p>\n","protected":false},"author":2,"featured_media":286242,"comment_status":"closed","ping_status":"closed","sticky":false,"template":"","format":"standard","meta":{"om_disable_all_campaigns":false,"_monsterinsights_skip_tracking":false,"_monsterinsights_sitenote_active":false,"_monsterinsights_sitenote_note":"","_monsterinsights_sitenote_category":0},"categories":[26],"tags":[],"aioseo_notices":[],"gutentor_comment":0,"rttpg_featured_image_url":{"full":["https:\/\/arantv.az\/wp-content\/uploads\/2021\/02\/mekteb_91612428565.jpg",637,400,false],"landscape":["https:\/\/arantv.az\/wp-content\/uploads\/2021\/02\/mekteb_91612428565.jpg",637,400,false],"portraits":["https:\/\/arantv.az\/wp-content\/uploads\/2021\/02\/mekteb_91612428565.jpg",637,400,false],"thumbnail":["https:\/\/arantv.az\/wp-content\/uploads\/2021\/02\/mekteb_91612428565-150x150.jpg",150,150,true],"medium":["https:\/\/arantv.az\/wp-content\/uploads\/2021\/02\/mekteb_91612428565-300x188.jpg",300,188,true],"large":["https:\/\/arantv.az\/wp-content\/uploads\/2021\/02\/mekteb_91612428565.jpg",637,400,false],"1536x1536":["https:\/\/arantv.az\/wp-content\/uploads\/2021\/02\/mekteb_91612428565.jpg",637,400,false],"2048x2048":["https:\/\/arantv.az\/wp-content\/uploads\/2021\/02\/mekteb_91612428565.jpg",637,400,false],"post-thumbnail":["https:\/\/arantv.az\/wp-content\/uploads\/2021\/02\/mekteb_91612428565-240x172.jpg",240,172,true],"advps-thumb-one":["https:\/\/arantv.az\/wp-content\/uploads\/2021\/02\/mekteb_91612428565.jpg",637,400,false]},"rttpg_author":{"display_name":"V\u00fcsal Rafiqo\u011flu","author_link":"https:\/\/arantv.az\/?author=2"},"rttpg_comment":0,"rttpg_category":"<a href=\"https:\/\/arantv.az\/?cat=26\" rel=\"category\">Sosial<\/a>","rttpg_excerpt":"D\u00fcnyan\u0131 t\u0259\u015fvi\u015f\u0259 salan koronavirusun yeni \u015ftammlar\u0131n\u0131n \u00f6lk\u0259mizd\u0259 d\u0259 yay\u0131lma riski y\u00fcks\u0259kdir. ARANTV.AZ\u00a0\u00a0x\u0259b\u0259r\u00a0verir ki, bunu Milli.Az-a a\u00e7\u0131qlamas\u0131nda T\u018fB\u0130B-in \u0130nfeksion x\u0259st\u0259likl\u0259r \u00fczr\u0259 i\u015f\u00e7i qrupunun h\u0259kim-infeksionisti Ayg\u00fcl \u018fliyeva deyib. \u0130nfeksionist bildirib ki, koronavirusun yeni \u015ftamm\u0131n\u0131n b\u00fct\u00fcn ya\u015f qruplar\u0131nda yay\u0131lma riski y\u00fcks\u0259kdir: &#8220;Bir \u00e7ox \u00f6lk\u0259l\u0259rd\u0259 v\u0259 eyni zamanda qon\u015fu \u00f6lk\u0259l\u0259rd\u0259 d\u0259 mutasiyalar\u0131n n\u0259tic\u0259si olaraq yoluxma say\u0131nda artma qeyd olunur.&hellip;","_links":{"self":[{"href":"https:\/\/arantv.az\/index.php?rest_route=\/wp\/v2\/posts\/286241"}],"collection":[{"href":"https:\/\/arantv.az\/index.php?rest_route=\/wp\/v2\/posts"}],"about":[{"href":"https:\/\/arantv.az\/index.php?rest_route=\/wp\/v2\/types\/post"}],"author":[{"embeddable":true,"href":"https:\/\/arantv.az\/index.php?rest_route=\/wp\/v2\/users\/2"}],"replies":[{"embeddable":true,"href":"https:\/\/arantv.az\/index.php?rest_route=%2Fwp%2Fv2%2Fcomments&post=286241"}],"version-history":[{"count":0,"href":"https:\/\/arantv.az\/index.php?rest_route=\/wp\/v2\/posts\/286241\/revisions"}],"wp:featuredmedia":[{"embeddable":true,"href":"https:\/\/arantv.az\/index.php?rest_route=\/wp\/v2\/media\/286242"}],"wp:attachment":[{"href":"https:\/\/arantv.az\/index.php?rest_route=%2Fwp%2Fv2%2Fmedia&parent=286241"}],"wp:term":[{"taxonomy":"category","embeddable":true,"href":"https:\/\/arantv.az\/index.php?rest_route=%2Fwp%2Fv2%2Fcategories&post=286241"},{"taxonomy":"post_tag","embeddable":true,"href":"https:\/\/arantv.az\/index.php?rest_route=%2Fwp%2Fv2%2Ftags&post=286241"}],"curies":[{"name":"wp","href":"https:\/\/api.w.org\/{rel}","templated":true}]}}