{"id":286253,"date":"2021-02-04T13:46:02","date_gmt":"2021-02-04T10:46:02","guid":{"rendered":"http:\/\/arantv.az\/?p=286253"},"modified":"2021-02-04T13:46:02","modified_gmt":"2021-02-04T10:46:02","slug":"agentlik-butun-imkanlarini-s%c9%99f%c9%99rb%c9%99r-ed%c9%99c%c9%99k-v%c9%99-qarsimiza-qoyulmus-v%c9%99zif%c9%99l%c9%99r%c9%99-nail-olacaq-yeni-s%c9%99dr","status":"publish","type":"post","link":"https:\/\/arantv.az\/?p=286253","title":{"rendered":"Agentlik b\u00fct\u00fcn imkanlar\u0131n\u0131 s\u0259f\u0259rb\u0259r ed\u0259c\u0259k v\u0259 qar\u015f\u0131m\u0131za qoyulmu\u015f v\u0259zif\u0259l\u0259r\u0259 nail olacaq &#8211; Yeni s\u0259dr"},"content":{"rendered":"<p><strong>S\u00fcr\u0259tl\u0259 inki\u015faf ed\u0259n Az\u0259rbaycan\u0131m\u0131z bu g\u00fcn z\u0259f\u0259r \u00e7alm\u0131\u015f \u00f6lk\u0259dir. Bu, s\u00f6zs\u00fcz ki, Sizin h\u0259m Prezident, h\u0259m d\u0259 Ali Ba\u015f Komandan kimi g\u0259rgin \u0259m\u0259yinizin parlaq n\u0259tic\u0259sidir.<\/strong><\/p>\n<p><strong>ARANTV.AZ<\/strong>\u00a0\u00a0<a href=\"https:\/\/az.trend.az\/\" target=\"_blank\" rel=\"noopener\">Trend<\/a>-\u0259 istinad\u0259n bildirir ki,\u00a0bunu Minat\u0259mizl\u0259m\u0259 Agentliyinin \u0130dar\u0259 Hey\u0259tinin s\u0259dri V\u00fcqar S\u00fcleymanov Prezident \u0130lham \u018fliyevin videoformatda q\u0259bulunda olark\u0259n deyib.<\/p>\n<p>V.S\u00fcleymanov bildirib ki, bu g\u00fcn \u00f6lk\u0259miz \u0259sas\u0131 Ulu \u00d6nd\u0259rimiz t\u0259r\u0259find\u0259n qoyulan inki\u015faf strategiyas\u0131n\u0131 u\u011furla davam etdir\u0259r\u0259k yeni h\u0259d\u0259fl\u0259r\u0259 do\u011fru ir\u0259lil\u0259yir:<\/p>\n<p>&#8220;Qaraba\u011fa b\u00f6y\u00fck qay\u0131d\u0131\u015f bu h\u0259d\u0259fl\u0259rd\u0259n biridir. Bu h\u0259d\u0259fl\u0259r\u0259 nail olmaq \u00fc\u00e7\u00fcn, Siz qeyd etdiyiniz kimi, mina t\u0259hl\u00fck\u0259l\u0259rind\u0259n qurtulmaq birinci d\u0259r\u0259c\u0259li v\u0259zif\u0259l\u0259r\u0259 aiddir.<\/p>\n<p>H\u00f6rm\u0259tli c\u0259nab Prezident, Sizi \u0259min etm\u0259k ist\u0259yir\u0259m ki, agentlik b\u00fct\u00fcn imkanlar\u0131n\u0131 s\u0259f\u0259rb\u0259r ed\u0259c\u0259k v\u0259 qar\u015f\u0131m\u0131za qoyulmu\u015f v\u0259zif\u0259l\u0259r\u0259, h\u0259d\u0259fl\u0259r\u0259 nail olacaqd\u0131r.<\/p>\n<p>Azad edilmi\u015f \u0259razil\u0259rd\u0259 minat\u0259mizl\u0259m\u0259 i\u015fl\u0259ri tap\u015f\u0131r\u0131\u011f\u0131n\u0131za \u0259sas\u0259n laz\u0131mi s\u0259viyy\u0259d\u0259, beyn\u0259lxalq standartlara uy\u011fun v\u0259 keyfiyy\u0259tl\u0259 yerin\u0259 yetiril\u0259c\u0259kdir. M\u0259n q\u00fcrur duyuram ki, bel\u0259 bir m\u0259suliyy\u0259tli i\u015fin t\u0259\u015fkilind\u0259 i\u015ftirak ed\u0259c\u0259y\u0259m v\u0259 bu etimad\u0131n\u0131za g\u00f6r\u0259 Siz\u0259 minn\u0259tdarl\u0131\u011f\u0131m\u0131 bildirir\u0259m&#8221;.<\/p>\n","protected":false},"excerpt":{"rendered":"<p>S\u00fcr\u0259tl\u0259 inki\u015faf ed\u0259n Az\u0259rbaycan\u0131m\u0131z bu g\u00fcn z\u0259f\u0259r \u00e7alm\u0131\u015f \u00f6lk\u0259dir. Bu, s\u00f6zs\u00fcz ki, Sizin h\u0259m Prezident, h\u0259m d\u0259 Ali Ba\u015f Komandan kimi g\u0259rgin \u0259m\u0259yinizin parlaq n\u0259tic\u0259sidir. ARANTV.AZ\u00a0\u00a0Trend-\u0259 istinad\u0259n bildirir ki,\u00a0bunu Minat\u0259mizl\u0259m\u0259 Agentliyinin \u0130dar\u0259 Hey\u0259tinin s\u0259dri V\u00fcqar S\u00fcleymanov Prezident \u0130lham \u018fliyevin videoformatda q\u0259bulunda olark\u0259n deyib. V.S\u00fcleymanov bildirib ki, bu g\u00fcn \u00f6lk\u0259miz \u0259sas\u0131 Ulu \u00d6nd\u0259rimiz t\u0259r\u0259find\u0259n qoyulan inki\u015faf strategiyas\u0131n\u0131 u\u011furla davam etdir\u0259r\u0259k yeni h\u0259d\u0259fl\u0259r\u0259 do\u011fru ir\u0259lil\u0259yir: &#8220;Qaraba\u011fa b\u00f6y\u00fck qay\u0131d\u0131\u015f bu h\u0259d\u0259fl\u0259rd\u0259n biridir. Bu h\u0259d\u0259fl\u0259r\u0259 nail olmaq \u00fc\u00e7\u00fcn, Siz qeyd etdiyiniz kimi, mina t\u0259hl\u00fck\u0259l\u0259rind\u0259n qurtulmaq birinci d\u0259r\u0259c\u0259li v\u0259zif\u0259l\u0259r\u0259 aiddir. H\u00f6rm\u0259tli c\u0259nab Prezident, Sizi \u0259min&hellip;<\/p>\n","protected":false},"author":2,"featured_media":286255,"comment_status":"closed","ping_status":"closed","sticky":false,"template":"","format":"standard","meta":{"om_disable_all_campaigns":false,"_monsterinsights_skip_tracking":false,"_monsterinsights_sitenote_active":false,"_monsterinsights_sitenote_note":"","_monsterinsights_sitenote_category":0},"categories":[4],"tags":[],"aioseo_notices":[],"gutentor_comment":0,"rttpg_featured_image_url":{"full":["https:\/\/arantv.az\/wp-content\/uploads\/2021\/02\/919565.jpg",800,600,false],"landscape":["https:\/\/arantv.az\/wp-content\/uploads\/2021\/02\/919565.jpg",800,600,false],"portraits":["https:\/\/arantv.az\/wp-content\/uploads\/2021\/02\/919565.jpg",800,600,false],"thumbnail":["https:\/\/arantv.az\/wp-content\/uploads\/2021\/02\/919565-150x150.jpg",150,150,true],"medium":["https:\/\/arantv.az\/wp-content\/uploads\/2021\/02\/919565-300x225.jpg",300,225,true],"large":["https:\/\/arantv.az\/wp-content\/uploads\/2021\/02\/919565.jpg",640,480,false],"1536x1536":["https:\/\/arantv.az\/wp-content\/uploads\/2021\/02\/919565.jpg",800,600,false],"2048x2048":["https:\/\/arantv.az\/wp-content\/uploads\/2021\/02\/919565.jpg",800,600,false],"post-thumbnail":["https:\/\/arantv.az\/wp-content\/uploads\/2021\/02\/919565-240x172.jpg",240,172,true],"advps-thumb-one":["https:\/\/arantv.az\/wp-content\/uploads\/2021\/02\/919565.jpg",800,600,false]},"rttpg_author":{"display_name":"V\u00fcsal Rafiqo\u011flu","author_link":"https:\/\/arantv.az\/?author=2"},"rttpg_comment":0,"rttpg_category":"<a href=\"https:\/\/arantv.az\/?cat=4\" rel=\"category\">Siyas\u0259t<\/a>","rttpg_excerpt":"S\u00fcr\u0259tl\u0259 inki\u015faf ed\u0259n Az\u0259rbaycan\u0131m\u0131z bu g\u00fcn z\u0259f\u0259r \u00e7alm\u0131\u015f \u00f6lk\u0259dir. Bu, s\u00f6zs\u00fcz ki, Sizin h\u0259m Prezident, h\u0259m d\u0259 Ali Ba\u015f Komandan kimi g\u0259rgin \u0259m\u0259yinizin parlaq n\u0259tic\u0259sidir. ARANTV.AZ\u00a0\u00a0Trend-\u0259 istinad\u0259n bildirir ki,\u00a0bunu Minat\u0259mizl\u0259m\u0259 Agentliyinin \u0130dar\u0259 Hey\u0259tinin s\u0259dri V\u00fcqar S\u00fcleymanov Prezident \u0130lham \u018fliyevin videoformatda q\u0259bulunda olark\u0259n deyib. V.S\u00fcleymanov bildirib ki, bu g\u00fcn \u00f6lk\u0259miz \u0259sas\u0131 Ulu \u00d6nd\u0259rimiz t\u0259r\u0259find\u0259n qoyulan inki\u015faf&hellip;","_links":{"self":[{"href":"https:\/\/arantv.az\/index.php?rest_route=\/wp\/v2\/posts\/286253"}],"collection":[{"href":"https:\/\/arantv.az\/index.php?rest_route=\/wp\/v2\/posts"}],"about":[{"href":"https:\/\/arantv.az\/index.php?rest_route=\/wp\/v2\/types\/post"}],"author":[{"embeddable":true,"href":"https:\/\/arantv.az\/index.php?rest_route=\/wp\/v2\/users\/2"}],"replies":[{"embeddable":true,"href":"https:\/\/arantv.az\/index.php?rest_route=%2Fwp%2Fv2%2Fcomments&post=286253"}],"version-history":[{"count":0,"href":"https:\/\/arantv.az\/index.php?rest_route=\/wp\/v2\/posts\/286253\/revisions"}],"wp:featuredmedia":[{"embeddable":true,"href":"https:\/\/arantv.az\/index.php?rest_route=\/wp\/v2\/media\/286255"}],"wp:attachment":[{"href":"https:\/\/arantv.az\/index.php?rest_route=%2Fwp%2Fv2%2Fmedia&parent=286253"}],"wp:term":[{"taxonomy":"category","embeddable":true,"href":"https:\/\/arantv.az\/index.php?rest_route=%2Fwp%2Fv2%2Fcategories&post=286253"},{"taxonomy":"post_tag","embeddable":true,"href":"https:\/\/arantv.az\/index.php?rest_route=%2Fwp%2Fv2%2Ftags&post=286253"}],"curies":[{"name":"wp","href":"https:\/\/api.w.org\/{rel}","templated":true}]}}