{"id":286258,"date":"2021-02-04T13:48:17","date_gmt":"2021-02-04T10:48:17","guid":{"rendered":"http:\/\/arantv.az\/?p=286258"},"modified":"2021-02-04T13:48:17","modified_gmt":"2021-02-04T10:48:17","slug":"ilham-%c9%99liyev-azad-edilmis-%c9%99razil%c9%99rin-minalardan-t%c9%99mizl%c9%99nm%c9%99si-isl%c9%99rin%c9%99-oz%c9%99l-sirk%c9%99tl%c9%99ri-c%c9%99lb-etm%c9%99liyik","status":"publish","type":"post","link":"https:\/\/arantv.az\/?p=286258","title":{"rendered":"\u0130lham \u018fliyev: \u201cAzad edilmi\u015f \u0259razil\u0259rin minalardan t\u0259mizl\u0259nm\u0259si i\u015fl\u0259rin\u0259 \u00f6z\u0259l \u015firk\u0259tl\u0259ri c\u0259lb etm\u0259liyik\u201d"},"content":{"rendered":"<p>Bildiyiniz kimi, Erm\u0259nistan minalanm\u0131\u015f sah\u0259l\u0259rin x\u0259rit\u0259l\u0259rini biz\u0259 verm\u0259yib, ona g\u00f6r\u0259 burada peyk t\u0259svirl\u0259ri \u00f6n\u0259mli rol oynaya bil\u0259r. Eyni zamanda, m\u0259n hesab edir\u0259m ki, biz \u00f6z\u0259l \u015firk\u0259tl\u0259ri bu i\u015fl\u0259r\u0259 c\u0259lb etm\u0259liyik. M\u0259n art\u0131q g\u00f6st\u0259ri\u015f vermi\u015f\u0259m, indi xarici \u015firk\u0259tl\u0259rl\u0259 dan\u0131\u015f\u0131qlar gedir.<\/p>\n<div id=\"AdviadNativeVideo0\" class=\"AdviadNativeVideo\"><\/div>\n<p>Bu s\u00f6zl\u0259ri Prezident \u0130lham \u018fliyev V\u00fcqar S\u00fcleymanovu Az\u0259rbaycan Respublikas\u0131n\u0131n Minat\u0259mizl\u0259m\u0259 Agentliyinin \u0130dar\u0259 Hey\u0259tinin s\u0259dri v\u0259zif\u0259sin\u0259 t\u0259yin olunmas\u0131 il\u0259 \u0259laq\u0259dar videoformatda q\u0259bul ed\u0259n zaman deyib:<\/p>\n<p>\u201cHesab edir\u0259m ki, onlar\u0131 c\u0259lb etm\u0259k i\u015fimizi y\u00fcng\u00fcll\u0259\u015fdirm\u0259k \u00fc\u00e7\u00fcn \u00f6n\u0259mli add\u0131m olacaqd\u0131r. Hesab edir\u0259m ki, bununla paralel olaraq, yerli \u015firk\u0259tl\u0259r d\u0259 yarana bil\u0259r. \u00c7\u00fcnki bizd\u0259 bu vaxta q\u0259d\u0259r bel\u0259 t\u0259cr\u00fcb\u0259 olmam\u0131\u015fd\u0131r. Ancaq i\u015fin h\u0259cmini n\u0259z\u0259r\u0259 alaraq, m\u0259n hesab edir\u0259m ki, \u00f6z\u0259l \u015firk\u0259tl\u0259r yarana bil\u0259r, Az\u0259rbaycan\u0131n biznes dair\u0259l\u0259ri burada \u00f6z s\u00f6z\u00fcn\u00fc dey\u0259 bil\u0259r v\u0259 bel\u0259likl\u0259, biz bu i\u015fl\u0259ri daha q\u0131sa m\u00fcdd\u0259t \u0259rzind\u0259 g\u00f6r\u0259 bil\u0259rik. \u018flb\u0259tt\u0259 ki, bu \u00f6z\u0259l \u015firk\u0259tl\u0259r m\u00fcvafiq texnika il\u0259 t\u0259min edilm\u0259lidir. Eyni zamanda, Minat\u0259mizl\u0259m\u0259 Agentliyi onlara sertifikatlar da verm\u0259lidir, onlar akkreditasiyadan ke\u00e7m\u0259lidir. H\u0259m\u00e7inin xarici \u015firk\u0259tl\u0259rl\u0259 birg\u0259 m\u00fc\u0259ssis\u0259l\u0259r d\u0259 yarad\u0131la bil\u0259r. Ona g\u00f6r\u0259, siz agentliyin r\u0259hb\u0259ri kimi bu i\u015fl\u0259r\u0259 d\u0259 fikir verin\u201d.<\/p>\n","protected":false},"excerpt":{"rendered":"<p>Bildiyiniz kimi, Erm\u0259nistan minalanm\u0131\u015f sah\u0259l\u0259rin x\u0259rit\u0259l\u0259rini biz\u0259 verm\u0259yib, ona g\u00f6r\u0259 burada peyk t\u0259svirl\u0259ri \u00f6n\u0259mli rol oynaya bil\u0259r. Eyni zamanda, m\u0259n hesab edir\u0259m ki, biz \u00f6z\u0259l \u015firk\u0259tl\u0259ri bu i\u015fl\u0259r\u0259 c\u0259lb etm\u0259liyik. M\u0259n art\u0131q g\u00f6st\u0259ri\u015f vermi\u015f\u0259m, indi xarici \u015firk\u0259tl\u0259rl\u0259 dan\u0131\u015f\u0131qlar gedir. Bu s\u00f6zl\u0259ri Prezident \u0130lham \u018fliyev V\u00fcqar S\u00fcleymanovu Az\u0259rbaycan Respublikas\u0131n\u0131n Minat\u0259mizl\u0259m\u0259 Agentliyinin \u0130dar\u0259 Hey\u0259tinin s\u0259dri v\u0259zif\u0259sin\u0259 t\u0259yin olunmas\u0131 il\u0259 \u0259laq\u0259dar videoformatda q\u0259bul ed\u0259n zaman deyib: \u201cHesab edir\u0259m ki, onlar\u0131 c\u0259lb etm\u0259k i\u015fimizi y\u00fcng\u00fcll\u0259\u015fdirm\u0259k \u00fc\u00e7\u00fcn \u00f6n\u0259mli add\u0131m olacaqd\u0131r. Hesab edir\u0259m ki, bununla paralel olaraq, yerli \u015firk\u0259tl\u0259r d\u0259 yarana bil\u0259r. \u00c7\u00fcnki bizd\u0259 bu vaxta&hellip;<\/p>\n","protected":false},"author":2,"featured_media":286259,"comment_status":"closed","ping_status":"closed","sticky":false,"template":"","format":"standard","meta":{"om_disable_all_campaigns":false,"_monsterinsights_skip_tracking":false,"_monsterinsights_sitenote_active":false,"_monsterinsights_sitenote_note":"","_monsterinsights_sitenote_category":0},"categories":[4],"tags":[],"aioseo_notices":[],"gutentor_comment":0,"rttpg_featured_image_url":{"full":["https:\/\/arantv.az\/wp-content\/uploads\/2021\/02\/president_iclas_150720_18.jpg",601,465,false],"landscape":["https:\/\/arantv.az\/wp-content\/uploads\/2021\/02\/president_iclas_150720_18.jpg",601,465,false],"portraits":["https:\/\/arantv.az\/wp-content\/uploads\/2021\/02\/president_iclas_150720_18.jpg",601,465,false],"thumbnail":["https:\/\/arantv.az\/wp-content\/uploads\/2021\/02\/president_iclas_150720_18-150x150.jpg",150,150,true],"medium":["https:\/\/arantv.az\/wp-content\/uploads\/2021\/02\/president_iclas_150720_18-300x232.jpg",300,232,true],"large":["https:\/\/arantv.az\/wp-content\/uploads\/2021\/02\/president_iclas_150720_18.jpg",601,465,false],"1536x1536":["https:\/\/arantv.az\/wp-content\/uploads\/2021\/02\/president_iclas_150720_18.jpg",601,465,false],"2048x2048":["https:\/\/arantv.az\/wp-content\/uploads\/2021\/02\/president_iclas_150720_18.jpg",601,465,false],"post-thumbnail":["https:\/\/arantv.az\/wp-content\/uploads\/2021\/02\/president_iclas_150720_18-240x172.jpg",240,172,true],"advps-thumb-one":["https:\/\/arantv.az\/wp-content\/uploads\/2021\/02\/president_iclas_150720_18.jpg",601,465,false]},"rttpg_author":{"display_name":"V\u00fcsal Rafiqo\u011flu","author_link":"https:\/\/arantv.az\/?author=2"},"rttpg_comment":0,"rttpg_category":"<a href=\"https:\/\/arantv.az\/?cat=4\" rel=\"category\">Siyas\u0259t<\/a>","rttpg_excerpt":"Bildiyiniz kimi, Erm\u0259nistan minalanm\u0131\u015f sah\u0259l\u0259rin x\u0259rit\u0259l\u0259rini biz\u0259 verm\u0259yib, ona g\u00f6r\u0259 burada peyk t\u0259svirl\u0259ri \u00f6n\u0259mli rol oynaya bil\u0259r. Eyni zamanda, m\u0259n hesab edir\u0259m ki, biz \u00f6z\u0259l \u015firk\u0259tl\u0259ri bu i\u015fl\u0259r\u0259 c\u0259lb etm\u0259liyik. M\u0259n art\u0131q g\u00f6st\u0259ri\u015f vermi\u015f\u0259m, indi xarici \u015firk\u0259tl\u0259rl\u0259 dan\u0131\u015f\u0131qlar gedir. Bu s\u00f6zl\u0259ri Prezident \u0130lham \u018fliyev V\u00fcqar S\u00fcleymanovu Az\u0259rbaycan Respublikas\u0131n\u0131n Minat\u0259mizl\u0259m\u0259 Agentliyinin \u0130dar\u0259 Hey\u0259tinin s\u0259dri v\u0259zif\u0259sin\u0259 t\u0259yin&hellip;","_links":{"self":[{"href":"https:\/\/arantv.az\/index.php?rest_route=\/wp\/v2\/posts\/286258"}],"collection":[{"href":"https:\/\/arantv.az\/index.php?rest_route=\/wp\/v2\/posts"}],"about":[{"href":"https:\/\/arantv.az\/index.php?rest_route=\/wp\/v2\/types\/post"}],"author":[{"embeddable":true,"href":"https:\/\/arantv.az\/index.php?rest_route=\/wp\/v2\/users\/2"}],"replies":[{"embeddable":true,"href":"https:\/\/arantv.az\/index.php?rest_route=%2Fwp%2Fv2%2Fcomments&post=286258"}],"version-history":[{"count":0,"href":"https:\/\/arantv.az\/index.php?rest_route=\/wp\/v2\/posts\/286258\/revisions"}],"wp:featuredmedia":[{"embeddable":true,"href":"https:\/\/arantv.az\/index.php?rest_route=\/wp\/v2\/media\/286259"}],"wp:attachment":[{"href":"https:\/\/arantv.az\/index.php?rest_route=%2Fwp%2Fv2%2Fmedia&parent=286258"}],"wp:term":[{"taxonomy":"category","embeddable":true,"href":"https:\/\/arantv.az\/index.php?rest_route=%2Fwp%2Fv2%2Fcategories&post=286258"},{"taxonomy":"post_tag","embeddable":true,"href":"https:\/\/arantv.az\/index.php?rest_route=%2Fwp%2Fv2%2Ftags&post=286258"}],"curies":[{"name":"wp","href":"https:\/\/api.w.org\/{rel}","templated":true}]}}