{"id":286270,"date":"2021-02-04T13:50:22","date_gmt":"2021-02-04T10:50:22","guid":{"rendered":"http:\/\/arantv.az\/?p=286270"},"modified":"2021-02-04T13:50:22","modified_gmt":"2021-02-04T10:50:22","slug":"istanbulda-20-ild%c9%99n-sonra-%c9%99hali-sayinda-azalma-olub","status":"publish","type":"post","link":"https:\/\/arantv.az\/?p=286270","title":{"rendered":"\u0130stanbulda 20 ild\u0259n sonra \u0259hali say\u0131nda azalma olub"},"content":{"rendered":"<p>T\u00fcrkiy\u0259nin \u0259n b\u00f6y\u00fck \u015f\u0259h\u0259ri hesab olunan \u0130stanbulda \u0259hali say\u0131 son 20 ild\u0259 ilk d\u0259f\u0259 azal\u0131b.<\/p>\n<p>\u201cHaber Global\u201d bu bar\u0259d\u0259 \u00f6lk\u0259nin Statistika Komit\u0259sinin m\u0259lumat\u0131na istinad\u0259n x\u0259b\u0259r yay\u0131b.<\/p>\n<div id=\"AdviadNativeVideo0\" class=\"AdviadNativeVideo\"><\/div>\n<p>Bel\u0259 ki, \u015f\u0259h\u0259r \u0259halisinin say\u0131 56 815 n\u0259f\u0259r azalaraq, 2000-ci ild\u0259n bu yana ilk d\u0259f\u0259 15 462 452 n\u0259f\u0259r\u0259 d\u00fc\u015f\u00fcb.<\/p>\n<p>Komit\u0259nin hesablamas\u0131na g\u00f6r\u0259, T\u00fcrkiy\u0259d\u0259 \u0259hali say\u0131 83 614 362 n\u0259f\u0259r\u0259 \u00e7at\u0131b. Bu, bir il \u0259vv\u0259ll\u0259 m\u00fcqayis\u0259d\u0259 459 365 n\u0259f\u0259r art\u0131m dem\u0259kdir.<\/p>\n","protected":false},"excerpt":{"rendered":"<p>T\u00fcrkiy\u0259nin \u0259n b\u00f6y\u00fck \u015f\u0259h\u0259ri hesab olunan \u0130stanbulda \u0259hali say\u0131 son 20 ild\u0259 ilk d\u0259f\u0259 azal\u0131b. \u201cHaber Global\u201d bu bar\u0259d\u0259 \u00f6lk\u0259nin Statistika Komit\u0259sinin m\u0259lumat\u0131na istinad\u0259n x\u0259b\u0259r yay\u0131b. Bel\u0259 ki, \u015f\u0259h\u0259r \u0259halisinin say\u0131 56 815 n\u0259f\u0259r azalaraq, 2000-ci ild\u0259n bu yana ilk d\u0259f\u0259 15 462 452 n\u0259f\u0259r\u0259 d\u00fc\u015f\u00fcb. Komit\u0259nin hesablamas\u0131na g\u00f6r\u0259, T\u00fcrkiy\u0259d\u0259 \u0259hali say\u0131 83 614 362 n\u0259f\u0259r\u0259 \u00e7at\u0131b. Bu, bir il \u0259vv\u0259ll\u0259 m\u00fcqayis\u0259d\u0259 459 365 n\u0259f\u0259r art\u0131m dem\u0259kdir.<\/p>\n","protected":false},"author":2,"featured_media":286271,"comment_status":"closed","ping_status":"closed","sticky":false,"template":"","format":"standard","meta":{"om_disable_all_campaigns":false,"_monsterinsights_skip_tracking":false,"_monsterinsights_sitenote_active":false,"_monsterinsights_sitenote_note":"","_monsterinsights_sitenote_category":0},"categories":[7],"tags":[],"aioseo_notices":[],"gutentor_comment":0,"rttpg_featured_image_url":{"full":["https:\/\/arantv.az\/wp-content\/uploads\/2021\/02\/GettyImages-806930620_342543702_578641511.jpg",620,373,false],"landscape":["https:\/\/arantv.az\/wp-content\/uploads\/2021\/02\/GettyImages-806930620_342543702_578641511.jpg",620,373,false],"portraits":["https:\/\/arantv.az\/wp-content\/uploads\/2021\/02\/GettyImages-806930620_342543702_578641511.jpg",620,373,false],"thumbnail":["https:\/\/arantv.az\/wp-content\/uploads\/2021\/02\/GettyImages-806930620_342543702_578641511-150x150.jpg",150,150,true],"medium":["https:\/\/arantv.az\/wp-content\/uploads\/2021\/02\/GettyImages-806930620_342543702_578641511-300x180.jpg",300,180,true],"large":["https:\/\/arantv.az\/wp-content\/uploads\/2021\/02\/GettyImages-806930620_342543702_578641511.jpg",620,373,false],"1536x1536":["https:\/\/arantv.az\/wp-content\/uploads\/2021\/02\/GettyImages-806930620_342543702_578641511.jpg",620,373,false],"2048x2048":["https:\/\/arantv.az\/wp-content\/uploads\/2021\/02\/GettyImages-806930620_342543702_578641511.jpg",620,373,false],"post-thumbnail":["https:\/\/arantv.az\/wp-content\/uploads\/2021\/02\/GettyImages-806930620_342543702_578641511-240x172.jpg",240,172,true],"advps-thumb-one":["https:\/\/arantv.az\/wp-content\/uploads\/2021\/02\/GettyImages-806930620_342543702_578641511.jpg",620,373,false]},"rttpg_author":{"display_name":"V\u00fcsal Rafiqo\u011flu","author_link":"https:\/\/arantv.az\/?author=2"},"rttpg_comment":0,"rttpg_category":"<a href=\"https:\/\/arantv.az\/?cat=7\" rel=\"category\">D\u00fcnya<\/a>","rttpg_excerpt":"T\u00fcrkiy\u0259nin \u0259n b\u00f6y\u00fck \u015f\u0259h\u0259ri hesab olunan \u0130stanbulda \u0259hali say\u0131 son 20 ild\u0259 ilk d\u0259f\u0259 azal\u0131b. \u201cHaber Global\u201d bu bar\u0259d\u0259 \u00f6lk\u0259nin Statistika Komit\u0259sinin m\u0259lumat\u0131na istinad\u0259n x\u0259b\u0259r yay\u0131b. Bel\u0259 ki, \u015f\u0259h\u0259r \u0259halisinin say\u0131 56 815 n\u0259f\u0259r azalaraq, 2000-ci ild\u0259n bu yana ilk d\u0259f\u0259 15 462 452 n\u0259f\u0259r\u0259 d\u00fc\u015f\u00fcb. Komit\u0259nin hesablamas\u0131na g\u00f6r\u0259, T\u00fcrkiy\u0259d\u0259 \u0259hali say\u0131 83 614 362&hellip;","_links":{"self":[{"href":"https:\/\/arantv.az\/index.php?rest_route=\/wp\/v2\/posts\/286270"}],"collection":[{"href":"https:\/\/arantv.az\/index.php?rest_route=\/wp\/v2\/posts"}],"about":[{"href":"https:\/\/arantv.az\/index.php?rest_route=\/wp\/v2\/types\/post"}],"author":[{"embeddable":true,"href":"https:\/\/arantv.az\/index.php?rest_route=\/wp\/v2\/users\/2"}],"replies":[{"embeddable":true,"href":"https:\/\/arantv.az\/index.php?rest_route=%2Fwp%2Fv2%2Fcomments&post=286270"}],"version-history":[{"count":0,"href":"https:\/\/arantv.az\/index.php?rest_route=\/wp\/v2\/posts\/286270\/revisions"}],"wp:featuredmedia":[{"embeddable":true,"href":"https:\/\/arantv.az\/index.php?rest_route=\/wp\/v2\/media\/286271"}],"wp:attachment":[{"href":"https:\/\/arantv.az\/index.php?rest_route=%2Fwp%2Fv2%2Fmedia&parent=286270"}],"wp:term":[{"taxonomy":"category","embeddable":true,"href":"https:\/\/arantv.az\/index.php?rest_route=%2Fwp%2Fv2%2Fcategories&post=286270"},{"taxonomy":"post_tag","embeddable":true,"href":"https:\/\/arantv.az\/index.php?rest_route=%2Fwp%2Fv2%2Ftags&post=286270"}],"curies":[{"name":"wp","href":"https:\/\/api.w.org\/{rel}","templated":true}]}}