{"id":28642,"date":"2018-12-20T16:21:22","date_gmt":"2018-12-20T13:21:22","guid":{"rendered":"http:\/\/arantv.az\/?p=28642"},"modified":"2018-12-20T16:21:22","modified_gmt":"2018-12-20T13:21:22","slug":"kolumbiya-cili-meksika-v%c9%99-perunun-diplomatik-numay%c9%99nd%c9%99likl%c9%99ri-az%c9%99rbaycanda-birg%c9%99-f%c9%99aliyy%c9%99t%c9%99-basladi","status":"publish","type":"post","link":"https:\/\/arantv.az\/?p=28642","title":{"rendered":"Kolumbiya, \u00c7ili, Meksika v\u0259 Perunun diplomatik n\u00fcmay\u0259nd\u0259likl\u0259ri Az\u0259rbaycanda birg\u0259 f\u0259aliyy\u0259t\u0259 ba\u015flad\u0131"},"content":{"rendered":"<p><strong>Kolumbiyan\u0131n Az\u0259rbaycandak\u0131 s\u0259firliyi ofisinin bir hiss\u0259sini \u00c7ilinin Az\u0259rbaycandak\u0131 m\u00fcv\u0259qq\u0259ti i\u015fl\u0259r v\u0259kili Qabriel Leopoldo Xara Maldonadonun xidm\u0259tin\u0259 verib.<\/strong><\/p>\n<p><strong>ARANTV.AZ<\/strong> x\u0259b\u0259r verir ki, bu bar\u0259d\u0259\u00a0<a href=\"http:\/\/trend.az\/\" target=\"_blank\" rel=\"noopener\">Trend<\/a>-\u0259 s\u0259firlikd\u0259n bildirilib.<\/p>\n<p>S\u0259firlik qeyd edir ki, onun g\u0259li\u015fi il\u0259 Bak\u0131da Sakit okean Alyans\u0131 bu inteqrasiya mexanizminin \u00fcmumi s\u0259firlikl\u0259ri formas\u0131nda tam t\u0259msil olunur:<\/p>\n<p>&#8220;Kolumbiya, \u00c7ili, Meksika v\u0259 Perunun diplomatik n\u00fcmay\u0259nd\u0259likl\u0259ri Az\u0259rbaycanda birg\u0259 f\u0259aliyy\u0259t g\u00f6st\u0259r\u0259c\u0259k v\u0259 yaln\u0131z ikit\u0259r\u0259fli m\u00fcnasib\u0259tl\u0259ri deyil, h\u0259m d\u0259 regionun maraqlar\u0131n\u0131 g\u00fccl\u0259ndir\u0259c\u0259kl\u0259r&#8221;.<\/p>\n","protected":false},"excerpt":{"rendered":"<p>Kolumbiyan\u0131n Az\u0259rbaycandak\u0131 s\u0259firliyi ofisinin bir hiss\u0259sini \u00c7ilinin Az\u0259rbaycandak\u0131 m\u00fcv\u0259qq\u0259ti i\u015fl\u0259r v\u0259kili Qabriel Leopoldo Xara Maldonadonun xidm\u0259tin\u0259 verib. ARANTV.AZ x\u0259b\u0259r verir ki, bu bar\u0259d\u0259\u00a0Trend-\u0259 s\u0259firlikd\u0259n bildirilib. S\u0259firlik qeyd edir ki, onun g\u0259li\u015fi il\u0259 Bak\u0131da Sakit okean Alyans\u0131 bu inteqrasiya mexanizminin \u00fcmumi s\u0259firlikl\u0259ri formas\u0131nda tam t\u0259msil olunur: &#8220;Kolumbiya, \u00c7ili, Meksika v\u0259 Perunun diplomatik n\u00fcmay\u0259nd\u0259likl\u0259ri Az\u0259rbaycanda birg\u0259 f\u0259aliyy\u0259t g\u00f6st\u0259r\u0259c\u0259k v\u0259 yaln\u0131z ikit\u0259r\u0259fli m\u00fcnasib\u0259tl\u0259ri deyil, h\u0259m d\u0259 regionun maraqlar\u0131n\u0131 g\u00fccl\u0259ndir\u0259c\u0259kl\u0259r&#8221;.<\/p>\n","protected":false},"author":2,"featured_media":28643,"comment_status":"closed","ping_status":"closed","sticky":false,"template":"","format":"standard","meta":{"om_disable_all_campaigns":false,"_monsterinsights_skip_tracking":false,"_monsterinsights_sitenote_active":false,"_monsterinsights_sitenote_note":"","_monsterinsights_sitenote_category":0},"categories":[4],"tags":[],"aioseo_notices":[],"gutentor_comment":0,"rttpg_featured_image_url":{"full":["https:\/\/arantv.az\/wp-content\/uploads\/2018\/12\/baki_28347576.jpg",800,600,false],"landscape":["https:\/\/arantv.az\/wp-content\/uploads\/2018\/12\/baki_28347576.jpg",800,600,false],"portraits":["https:\/\/arantv.az\/wp-content\/uploads\/2018\/12\/baki_28347576.jpg",800,600,false],"thumbnail":["https:\/\/arantv.az\/wp-content\/uploads\/2018\/12\/baki_28347576-150x150.jpg",150,150,true],"medium":["https:\/\/arantv.az\/wp-content\/uploads\/2018\/12\/baki_28347576-300x225.jpg",300,225,true],"large":["https:\/\/arantv.az\/wp-content\/uploads\/2018\/12\/baki_28347576.jpg",640,480,false],"1536x1536":["https:\/\/arantv.az\/wp-content\/uploads\/2018\/12\/baki_28347576.jpg",800,600,false],"2048x2048":["https:\/\/arantv.az\/wp-content\/uploads\/2018\/12\/baki_28347576.jpg",800,600,false],"post-thumbnail":["https:\/\/arantv.az\/wp-content\/uploads\/2018\/12\/baki_28347576-240x172.jpg",240,172,true],"advps-thumb-one":["https:\/\/arantv.az\/wp-content\/uploads\/2018\/12\/baki_28347576.jpg",800,600,false]},"rttpg_author":{"display_name":"V\u00fcsal Rafiqo\u011flu","author_link":"https:\/\/arantv.az\/?author=2"},"rttpg_comment":0,"rttpg_category":"<a href=\"https:\/\/arantv.az\/?cat=4\" rel=\"category\">Siyas\u0259t<\/a>","rttpg_excerpt":"Kolumbiyan\u0131n Az\u0259rbaycandak\u0131 s\u0259firliyi ofisinin bir hiss\u0259sini \u00c7ilinin Az\u0259rbaycandak\u0131 m\u00fcv\u0259qq\u0259ti i\u015fl\u0259r v\u0259kili Qabriel Leopoldo Xara Maldonadonun xidm\u0259tin\u0259 verib. ARANTV.AZ x\u0259b\u0259r verir ki, bu bar\u0259d\u0259\u00a0Trend-\u0259 s\u0259firlikd\u0259n bildirilib. S\u0259firlik qeyd edir ki, onun g\u0259li\u015fi il\u0259 Bak\u0131da Sakit okean Alyans\u0131 bu inteqrasiya mexanizminin \u00fcmumi s\u0259firlikl\u0259ri formas\u0131nda tam t\u0259msil olunur: &#8220;Kolumbiya, \u00c7ili, Meksika v\u0259 Perunun diplomatik n\u00fcmay\u0259nd\u0259likl\u0259ri Az\u0259rbaycanda birg\u0259 f\u0259aliyy\u0259t&hellip;","_links":{"self":[{"href":"https:\/\/arantv.az\/index.php?rest_route=\/wp\/v2\/posts\/28642"}],"collection":[{"href":"https:\/\/arantv.az\/index.php?rest_route=\/wp\/v2\/posts"}],"about":[{"href":"https:\/\/arantv.az\/index.php?rest_route=\/wp\/v2\/types\/post"}],"author":[{"embeddable":true,"href":"https:\/\/arantv.az\/index.php?rest_route=\/wp\/v2\/users\/2"}],"replies":[{"embeddable":true,"href":"https:\/\/arantv.az\/index.php?rest_route=%2Fwp%2Fv2%2Fcomments&post=28642"}],"version-history":[{"count":0,"href":"https:\/\/arantv.az\/index.php?rest_route=\/wp\/v2\/posts\/28642\/revisions"}],"wp:featuredmedia":[{"embeddable":true,"href":"https:\/\/arantv.az\/index.php?rest_route=\/wp\/v2\/media\/28643"}],"wp:attachment":[{"href":"https:\/\/arantv.az\/index.php?rest_route=%2Fwp%2Fv2%2Fmedia&parent=28642"}],"wp:term":[{"taxonomy":"category","embeddable":true,"href":"https:\/\/arantv.az\/index.php?rest_route=%2Fwp%2Fv2%2Fcategories&post=28642"},{"taxonomy":"post_tag","embeddable":true,"href":"https:\/\/arantv.az\/index.php?rest_route=%2Fwp%2Fv2%2Ftags&post=28642"}],"curies":[{"name":"wp","href":"https:\/\/api.w.org\/{rel}","templated":true}]}}