{"id":28655,"date":"2018-12-21T08:35:04","date_gmt":"2018-12-21T05:35:04","guid":{"rendered":"http:\/\/arantv.az\/?p=28655"},"modified":"2018-12-21T08:35:04","modified_gmt":"2018-12-21T05:35:04","slug":"g%c9%99l%c9%99n-ilin-qeyri-is-gunl%c9%99ri-aciqlandi","status":"publish","type":"post","link":"https:\/\/arantv.az\/?p=28655","title":{"rendered":"G\u0259l\u0259n ilin qeyri-i\u015f g\u00fcnl\u0259ri a\u00e7\u0131qland\u0131"},"content":{"rendered":"<p><strong>Ba\u015f nazir Novruz M\u0259mm\u0259dov 2019-cu ilin Novruz, Ramazan v\u0259 Qurban bayramlar\u0131 g\u00fcnl\u0259rinin m\u00fc\u0259yy\u0259n edilm\u0259si haqq\u0131nda s\u0259r\u0259ncam imzalay\u0131b.<\/strong><\/p>\n<p><strong>ARANTV.AZ\u00a0<\/strong> bildirir ki, Nazirl\u0259r Kabinetinin m\u0259tbuat xidm\u0259tind\u0259n Ax\u015fam.az-a veril\u0259n m\u0259lumata g\u00f6r\u0259, s\u0259r\u0259ncamda deyilir:<\/p>\n<p>\u201cAz\u0259rbaycan Respublikas\u0131n\u0131n \u018fm\u0259k M\u0259c\u0259ll\u0259sin\u0259 d\u0259yi\u015fiklik edilm\u0259si bar\u0259d\u0259\u201d Az\u0259rbaycan Respublikas\u0131n\u0131n 2006-c\u0131 il 8 dekabr tarixli Qanununun t\u0259tbiq edilm\u0259si haqq\u0131nda\u201d Az\u0259rbaycan Respublikas\u0131 Prezidentinin 2006-c\u0131 il 18 dekabr tarixli F\u0259rman\u0131n\u0131n 2-ci hiss\u0259sin\u0259 \u0259sas\u0259n, 2019-cu il mart\u0131n 20, 21, 22, 23, 24-\u00fc Novruz bayram\u0131, iyunun 5, 6-s\u0131 Ramazan bayram\u0131, avqustun 12, 13-\u00fc Qurban bayram\u0131 g\u00fcnl\u0259ri m\u00fc\u0259yy\u0259n edil\u0259r\u0259k, qeyri-i\u015f g\u00fcn\u00fc hesab olunsun\u201d.<\/p>\n","protected":false},"excerpt":{"rendered":"<p>Ba\u015f nazir Novruz M\u0259mm\u0259dov 2019-cu ilin Novruz, Ramazan v\u0259 Qurban bayramlar\u0131 g\u00fcnl\u0259rinin m\u00fc\u0259yy\u0259n edilm\u0259si haqq\u0131nda s\u0259r\u0259ncam imzalay\u0131b. ARANTV.AZ\u00a0 bildirir ki, Nazirl\u0259r Kabinetinin m\u0259tbuat xidm\u0259tind\u0259n Ax\u015fam.az-a veril\u0259n m\u0259lumata g\u00f6r\u0259, s\u0259r\u0259ncamda deyilir: \u201cAz\u0259rbaycan Respublikas\u0131n\u0131n \u018fm\u0259k M\u0259c\u0259ll\u0259sin\u0259 d\u0259yi\u015fiklik edilm\u0259si bar\u0259d\u0259\u201d Az\u0259rbaycan Respublikas\u0131n\u0131n 2006-c\u0131 il 8 dekabr tarixli Qanununun t\u0259tbiq edilm\u0259si haqq\u0131nda\u201d Az\u0259rbaycan Respublikas\u0131 Prezidentinin 2006-c\u0131 il 18 dekabr tarixli F\u0259rman\u0131n\u0131n 2-ci hiss\u0259sin\u0259 \u0259sas\u0259n, 2019-cu il mart\u0131n 20, 21, 22, 23, 24-\u00fc Novruz bayram\u0131, iyunun 5, 6-s\u0131 Ramazan bayram\u0131, avqustun 12, 13-\u00fc Qurban bayram\u0131 g\u00fcnl\u0259ri m\u00fc\u0259yy\u0259n edil\u0259r\u0259k, qeyri-i\u015f g\u00fcn\u00fc hesab olunsun\u201d.<\/p>\n","protected":false},"author":2,"featured_media":28656,"comment_status":"closed","ping_status":"closed","sticky":false,"template":"","format":"standard","meta":{"om_disable_all_campaigns":false,"_monsterinsights_skip_tracking":false,"_monsterinsights_sitenote_active":false,"_monsterinsights_sitenote_note":"","_monsterinsights_sitenote_category":0},"categories":[1],"tags":[],"aioseo_notices":[],"gutentor_comment":0,"rttpg_featured_image_url":{"full":["https:\/\/arantv.az\/wp-content\/uploads\/2018\/12\/167958_8307wtyp2b.jpg",900,600,false],"landscape":["https:\/\/arantv.az\/wp-content\/uploads\/2018\/12\/167958_8307wtyp2b.jpg",900,600,false],"portraits":["https:\/\/arantv.az\/wp-content\/uploads\/2018\/12\/167958_8307wtyp2b.jpg",900,600,false],"thumbnail":["https:\/\/arantv.az\/wp-content\/uploads\/2018\/12\/167958_8307wtyp2b-150x150.jpg",150,150,true],"medium":["https:\/\/arantv.az\/wp-content\/uploads\/2018\/12\/167958_8307wtyp2b-300x200.jpg",300,200,true],"large":["https:\/\/arantv.az\/wp-content\/uploads\/2018\/12\/167958_8307wtyp2b.jpg",640,427,false],"1536x1536":["https:\/\/arantv.az\/wp-content\/uploads\/2018\/12\/167958_8307wtyp2b.jpg",900,600,false],"2048x2048":["https:\/\/arantv.az\/wp-content\/uploads\/2018\/12\/167958_8307wtyp2b.jpg",900,600,false],"post-thumbnail":["https:\/\/arantv.az\/wp-content\/uploads\/2018\/12\/167958_8307wtyp2b-240x172.jpg",240,172,true],"advps-thumb-one":["https:\/\/arantv.az\/wp-content\/uploads\/2018\/12\/167958_8307wtyp2b.jpg",900,600,false]},"rttpg_author":{"display_name":"V\u00fcsal Rafiqo\u011flu","author_link":"https:\/\/arantv.az\/?author=2"},"rttpg_comment":0,"rttpg_category":"<a href=\"https:\/\/arantv.az\/?cat=1\" rel=\"category\">C\u0259miyy\u0259t<\/a>","rttpg_excerpt":"Ba\u015f nazir Novruz M\u0259mm\u0259dov 2019-cu ilin Novruz, Ramazan v\u0259 Qurban bayramlar\u0131 g\u00fcnl\u0259rinin m\u00fc\u0259yy\u0259n edilm\u0259si haqq\u0131nda s\u0259r\u0259ncam imzalay\u0131b. ARANTV.AZ\u00a0 bildirir ki, Nazirl\u0259r Kabinetinin m\u0259tbuat xidm\u0259tind\u0259n Ax\u015fam.az-a veril\u0259n m\u0259lumata g\u00f6r\u0259, s\u0259r\u0259ncamda deyilir: \u201cAz\u0259rbaycan Respublikas\u0131n\u0131n \u018fm\u0259k M\u0259c\u0259ll\u0259sin\u0259 d\u0259yi\u015fiklik edilm\u0259si bar\u0259d\u0259\u201d Az\u0259rbaycan Respublikas\u0131n\u0131n 2006-c\u0131 il 8 dekabr tarixli Qanununun t\u0259tbiq edilm\u0259si haqq\u0131nda\u201d Az\u0259rbaycan Respublikas\u0131 Prezidentinin 2006-c\u0131 il 18 dekabr&hellip;","_links":{"self":[{"href":"https:\/\/arantv.az\/index.php?rest_route=\/wp\/v2\/posts\/28655"}],"collection":[{"href":"https:\/\/arantv.az\/index.php?rest_route=\/wp\/v2\/posts"}],"about":[{"href":"https:\/\/arantv.az\/index.php?rest_route=\/wp\/v2\/types\/post"}],"author":[{"embeddable":true,"href":"https:\/\/arantv.az\/index.php?rest_route=\/wp\/v2\/users\/2"}],"replies":[{"embeddable":true,"href":"https:\/\/arantv.az\/index.php?rest_route=%2Fwp%2Fv2%2Fcomments&post=28655"}],"version-history":[{"count":0,"href":"https:\/\/arantv.az\/index.php?rest_route=\/wp\/v2\/posts\/28655\/revisions"}],"wp:featuredmedia":[{"embeddable":true,"href":"https:\/\/arantv.az\/index.php?rest_route=\/wp\/v2\/media\/28656"}],"wp:attachment":[{"href":"https:\/\/arantv.az\/index.php?rest_route=%2Fwp%2Fv2%2Fmedia&parent=28655"}],"wp:term":[{"taxonomy":"category","embeddable":true,"href":"https:\/\/arantv.az\/index.php?rest_route=%2Fwp%2Fv2%2Fcategories&post=28655"},{"taxonomy":"post_tag","embeddable":true,"href":"https:\/\/arantv.az\/index.php?rest_route=%2Fwp%2Fv2%2Ftags&post=28655"}],"curies":[{"name":"wp","href":"https:\/\/api.w.org\/{rel}","templated":true}]}}