{"id":286558,"date":"2021-02-04T18:04:05","date_gmt":"2021-02-04T15:04:05","guid":{"rendered":"http:\/\/arantv.az\/?p=286558"},"modified":"2021-02-04T18:04:05","modified_gmt":"2021-02-04T15:04:05","slug":"uc-s%c9%99hid-ail%c9%99si-ucun-kicik-biznesl%c9%99r-yaradildi-foto","status":"publish","type":"post","link":"https:\/\/arantv.az\/?p=286558","title":{"rendered":"\u00dc\u00e7 \u015f\u0259hid ail\u0259si \u00fc\u00e7\u00fcn ki\u00e7ik biznesl\u0259r yarad\u0131ld\u0131 \u2013 FOTO"},"content":{"rendered":"<p>\u018fm\u0259k v\u0259 \u018fhalinin Sosial M\u00fcdafi\u0259si Nazirliyinin r\u0259hb\u0259r v\u0259zif\u0259li \u015f\u0259xsl\u0259rinin \u015f\u0259hid v\u0259 qazil\u0259rimizin ail\u0259l\u0259ri il\u0259 g\u00f6r\u00fc\u015fl\u0259ri davam edir.<\/p>\n<p>Bu bar\u0259d\u0259 \u018fm\u0259k v\u0259 \u018fhalinin Sosial M\u00fcdafi\u0259si Nazirliyi m\u0259lumat yay\u0131b.<\/p>\n<p>Bildirilib ki, nazirliyin tabeliyind\u0259ki D\u00f6vl\u0259t M\u0259\u015f\u011fulluq Agentliyinin s\u0259dri Mustafa Abbasb\u0259yli bu d\u0259f\u0259 \u00fc\u00e7 \u015f\u0259hidimizin &#8211; V\u0259t\u0259n m\u00fcharib\u0259sinin \u015f\u0259hid q\u0259hr\u0259manlar\u0131ndan H\u0259s\u0259na\u011fa \u015eirvaninin, Nicat Orucovun v\u0259 Kamran Hac\u0131yevin ail\u0259l\u0259rind\u0259 olub.<\/p>\n<div id=\"AdviadNativeVideo0\" class=\"AdviadNativeVideo\"><\/div>\n<p>H\u0259min \u015f\u0259hid ail\u0259l\u0259rinin sosial v\u0259ziyy\u0259ti \u00f6yr\u0259nilib, sosial t\u0259minat h\u00fcquqlar\u0131 bar\u0259d\u0259 m\u0259lumat verilib. H\u0259r \u00fc\u00e7 \u015f\u0259hidin ail\u0259 \u00fczvl\u0259rind\u0259n i\u015fsiz olanlar\u0131n m\u0259\u015f\u011fullu\u011funu t\u0259min etm\u0259k m\u0259qs\u0259dil\u0259 i\u015fl\u0259r apar\u0131l\u0131b.<\/p>\n<p>\u0130st\u0259kl\u0259rin\u0259 uy\u011fun olaraq, ail\u0259 \u00fczvl\u0259rinin bir qismi \u00f6z\u00fcn\u00fcm\u0259\u015f\u011fulluq proqram\u0131 il\u0259 \u0259hat\u0259 olunub: \u015f\u0259hid H\u0259s\u0259na\u011fa \u015eirvaninin qarda\u015f\u0131 fotoxidm\u0259t, \u015f\u0259hid Nicat Orucovun anas\u0131 tekstil m\u0259hsullar\u0131 istehsal\u0131, qarda\u015f\u0131 is\u0259 \u00e7iling\u0259rlik sah\u0259si \u00fczr\u0259 \u00f6z\u00fcn\u00fcm\u0259\u015f\u011fulluq proqram\u0131na c\u0259lb edilibl\u0259r. Q\u0131sa m\u00fcdd\u0259td\u0259 d\u0259 aktivl\u0259rl\u0259 t\u0259min edil\u0259r\u0259k qeyd olunan f\u0259aliyy\u0259t sah\u0259l\u0259ri \u00fczr\u0259 ki\u00e7ik biznes sah\u0259l\u0259rini yarad\u0131blar.<\/p>\n<p>\u015e\u0259hid Kamran Hac\u0131yevin anas\u0131 Sevinc H\u00fcseynova ist\u0259yi \u0259sas\u0131nda \u00f6d\u0259ni\u015fli ictimai i\u015fl\u0259 t\u0259min olunub, qarda\u015f\u0131 is\u0259 avtoyuma xidm\u0259ti \u00fczr\u0259 \u00f6z\u00fcn\u00fcm\u0259\u015f\u011fulluq proqram\u0131na c\u0259lb edilib.<br \/>\n\u015e\u0259hid ail\u0259l\u0259rinin ya\u015fay\u0131\u015f\u0131 bundan sonra da daim diqq\u0259td\u0259 saxlanacaq.<\/p>\n<div class=\"gallery\">\n<div class=\"gallery-i\"><img src=\"https:\/\/cdn.oxu.az\/uploads\/W1siZiIsIjIwMjEvMDIvMDQvMTgvMTQvMTAvNmJjZTYyZjktOTQ3MC00ZWMzLWJkNzgtMmUwYTBjN2U3Zjc2LzcuanBnIl0sWyJwIiwiZW5jb2RlIiwianBnIiwiLXF1YWxpdHkgODAiXSxbInAiLCJ0aHVtYiIsIjU5MHg1OTBcdTAwM2UiXV0?sha=df5d90b2db21abfb\" alt=\"\" \/><\/p>\n<div class=\"gallery-i-caption\"><\/div>\n<\/div>\n<div class=\"gallery-i\"><img src=\"https:\/\/cdn.oxu.az\/uploads\/W1siZiIsIjIwMjEvMDIvMDQvMTgvMTQvMTAvYWE4YmYyMGYtYmZkMi00MGNiLWJlOWEtZGZiYjZiNzZmYTQwLzYuanBnIl0sWyJwIiwiZW5jb2RlIiwianBnIiwiLXF1YWxpdHkgODAiXSxbInAiLCJ0aHVtYiIsIjU5MHg1OTBcdTAwM2UiXV0?sha=5bcdbc8ede33b1b6\" alt=\"\" \/><\/p>\n<div class=\"gallery-i-caption\"><\/div>\n<\/div>\n<div class=\"gallery-i\"><img src=\"https:\/\/cdn.oxu.az\/uploads\/W1siZiIsIjIwMjEvMDIvMDQvMTgvMTQvMTAvOTQwMWY2OTYtNzJjNS00NGNmLTkzMDEtYTUzODFkMDM2OGE5LzUuanBnIl0sWyJwIiwiZW5jb2RlIiwianBnIiwiLXF1YWxpdHkgODAiXSxbInAiLCJ0aHVtYiIsIjU5MHg1OTBcdTAwM2UiXV0?sha=33c58829f19ab169\" alt=\"\" \/><\/p>\n<div class=\"gallery-i-caption\"><\/div>\n<\/div>\n<div class=\"gallery-i\"><img src=\"https:\/\/cdn.oxu.az\/uploads\/W1siZiIsIjIwMjEvMDIvMDQvMTgvMTQvMTAvMDE3YTY1NzQtYTFjMy00MzdiLWJmYjQtYjY3YWQ1ZGZhZTEzLzIuanBnIl0sWyJwIiwiZW5jb2RlIiwianBnIiwiLXF1YWxpdHkgODAiXSxbInAiLCJ0aHVtYiIsIjU5MHg1OTBcdTAwM2UiXV0?sha=ed7e50d16ed22e0f\" alt=\"\" \/><\/p>\n<div class=\"gallery-i-caption\"><\/div>\n<\/div>\n<div class=\"gallery-i\"><img src=\"https:\/\/cdn.oxu.az\/uploads\/W1siZiIsIjIwMjEvMDIvMDQvMTgvMTQvMTAvMjIyMTY3OWItZTUwOC00NTEyLTllNTMtMmRjMzU2NTcyYjE3LzMuanBnIl0sWyJwIiwiZW5jb2RlIiwianBnIiwiLXF1YWxpdHkgODAiXSxbInAiLCJ0aHVtYiIsIjU5MHg1OTBcdTAwM2UiXV0?sha=fd96cb8e71bec707\" alt=\"\" \/><\/p>\n<div class=\"gallery-i-caption\"><\/div>\n<\/div>\n<div class=\"gallery-i\"><img src=\"https:\/\/cdn.oxu.az\/uploads\/W1siZiIsIjIwMjEvMDIvMDQvMTgvMTQvMTEvMTgzZDBkZmMtZjg0OC00N2ZhLTk1ZTMtODQ5ZWQ3MzZkZThlLzQuanBnIl0sWyJwIiwiZW5jb2RlIiwianBnIiwiLXF1YWxpdHkgODAiXSxbInAiLCJ0aHVtYiIsIjU5MHg1OTBcdTAwM2UiXV0?sha=415c178da544649e\" alt=\"\" \/><\/div>\n<\/div>\n","protected":false},"excerpt":{"rendered":"<p>\u018fm\u0259k v\u0259 \u018fhalinin Sosial M\u00fcdafi\u0259si Nazirliyinin r\u0259hb\u0259r v\u0259zif\u0259li \u015f\u0259xsl\u0259rinin \u015f\u0259hid v\u0259 qazil\u0259rimizin ail\u0259l\u0259ri il\u0259 g\u00f6r\u00fc\u015fl\u0259ri davam edir. Bu bar\u0259d\u0259 \u018fm\u0259k v\u0259 \u018fhalinin Sosial M\u00fcdafi\u0259si Nazirliyi m\u0259lumat yay\u0131b. Bildirilib ki, nazirliyin tabeliyind\u0259ki D\u00f6vl\u0259t M\u0259\u015f\u011fulluq Agentliyinin s\u0259dri Mustafa Abbasb\u0259yli bu d\u0259f\u0259 \u00fc\u00e7 \u015f\u0259hidimizin &#8211; V\u0259t\u0259n m\u00fcharib\u0259sinin \u015f\u0259hid q\u0259hr\u0259manlar\u0131ndan H\u0259s\u0259na\u011fa \u015eirvaninin, Nicat Orucovun v\u0259 Kamran Hac\u0131yevin ail\u0259l\u0259rind\u0259 olub. H\u0259min \u015f\u0259hid ail\u0259l\u0259rinin sosial v\u0259ziyy\u0259ti \u00f6yr\u0259nilib, sosial t\u0259minat h\u00fcquqlar\u0131 bar\u0259d\u0259 m\u0259lumat verilib. H\u0259r \u00fc\u00e7 \u015f\u0259hidin ail\u0259 \u00fczvl\u0259rind\u0259n i\u015fsiz olanlar\u0131n m\u0259\u015f\u011fullu\u011funu t\u0259min etm\u0259k m\u0259qs\u0259dil\u0259 i\u015fl\u0259r apar\u0131l\u0131b. \u0130st\u0259kl\u0259rin\u0259 uy\u011fun olaraq, ail\u0259 \u00fczvl\u0259rinin bir qismi \u00f6z\u00fcn\u00fcm\u0259\u015f\u011fulluq proqram\u0131 il\u0259&hellip;<\/p>\n","protected":false},"author":2,"featured_media":286559,"comment_status":"closed","ping_status":"closed","sticky":false,"template":"","format":"standard","meta":{"om_disable_all_campaigns":false,"_monsterinsights_skip_tracking":false,"_monsterinsights_sitenote_active":false,"_monsterinsights_sitenote_note":"","_monsterinsights_sitenote_category":0},"categories":[26],"tags":[],"aioseo_notices":[],"gutentor_comment":0,"rttpg_featured_image_url":{"full":["https:\/\/arantv.az\/wp-content\/uploads\/2021\/02\/1-4.jpg",620,413,false],"landscape":["https:\/\/arantv.az\/wp-content\/uploads\/2021\/02\/1-4.jpg",620,413,false],"portraits":["https:\/\/arantv.az\/wp-content\/uploads\/2021\/02\/1-4.jpg",620,413,false],"thumbnail":["https:\/\/arantv.az\/wp-content\/uploads\/2021\/02\/1-4-150x150.jpg",150,150,true],"medium":["https:\/\/arantv.az\/wp-content\/uploads\/2021\/02\/1-4-300x200.jpg",300,200,true],"large":["https:\/\/arantv.az\/wp-content\/uploads\/2021\/02\/1-4.jpg",620,413,false],"1536x1536":["https:\/\/arantv.az\/wp-content\/uploads\/2021\/02\/1-4.jpg",620,413,false],"2048x2048":["https:\/\/arantv.az\/wp-content\/uploads\/2021\/02\/1-4.jpg",620,413,false],"post-thumbnail":["https:\/\/arantv.az\/wp-content\/uploads\/2021\/02\/1-4-240x172.jpg",240,172,true],"advps-thumb-one":["https:\/\/arantv.az\/wp-content\/uploads\/2021\/02\/1-4.jpg",620,413,false]},"rttpg_author":{"display_name":"V\u00fcsal Rafiqo\u011flu","author_link":"https:\/\/arantv.az\/?author=2"},"rttpg_comment":0,"rttpg_category":"<a href=\"https:\/\/arantv.az\/?cat=26\" rel=\"category\">Sosial<\/a>","rttpg_excerpt":"\u018fm\u0259k v\u0259 \u018fhalinin Sosial M\u00fcdafi\u0259si Nazirliyinin r\u0259hb\u0259r v\u0259zif\u0259li \u015f\u0259xsl\u0259rinin \u015f\u0259hid v\u0259 qazil\u0259rimizin ail\u0259l\u0259ri il\u0259 g\u00f6r\u00fc\u015fl\u0259ri davam edir. Bu bar\u0259d\u0259 \u018fm\u0259k v\u0259 \u018fhalinin Sosial M\u00fcdafi\u0259si Nazirliyi m\u0259lumat yay\u0131b. Bildirilib ki, nazirliyin tabeliyind\u0259ki D\u00f6vl\u0259t M\u0259\u015f\u011fulluq Agentliyinin s\u0259dri Mustafa Abbasb\u0259yli bu d\u0259f\u0259 \u00fc\u00e7 \u015f\u0259hidimizin &#8211; V\u0259t\u0259n m\u00fcharib\u0259sinin \u015f\u0259hid q\u0259hr\u0259manlar\u0131ndan H\u0259s\u0259na\u011fa \u015eirvaninin, Nicat Orucovun v\u0259 Kamran Hac\u0131yevin ail\u0259l\u0259rind\u0259 olub.&hellip;","_links":{"self":[{"href":"https:\/\/arantv.az\/index.php?rest_route=\/wp\/v2\/posts\/286558"}],"collection":[{"href":"https:\/\/arantv.az\/index.php?rest_route=\/wp\/v2\/posts"}],"about":[{"href":"https:\/\/arantv.az\/index.php?rest_route=\/wp\/v2\/types\/post"}],"author":[{"embeddable":true,"href":"https:\/\/arantv.az\/index.php?rest_route=\/wp\/v2\/users\/2"}],"replies":[{"embeddable":true,"href":"https:\/\/arantv.az\/index.php?rest_route=%2Fwp%2Fv2%2Fcomments&post=286558"}],"version-history":[{"count":0,"href":"https:\/\/arantv.az\/index.php?rest_route=\/wp\/v2\/posts\/286558\/revisions"}],"wp:featuredmedia":[{"embeddable":true,"href":"https:\/\/arantv.az\/index.php?rest_route=\/wp\/v2\/media\/286559"}],"wp:attachment":[{"href":"https:\/\/arantv.az\/index.php?rest_route=%2Fwp%2Fv2%2Fmedia&parent=286558"}],"wp:term":[{"taxonomy":"category","embeddable":true,"href":"https:\/\/arantv.az\/index.php?rest_route=%2Fwp%2Fv2%2Fcategories&post=286558"},{"taxonomy":"post_tag","embeddable":true,"href":"https:\/\/arantv.az\/index.php?rest_route=%2Fwp%2Fv2%2Ftags&post=286558"}],"curies":[{"name":"wp","href":"https:\/\/api.w.org\/{rel}","templated":true}]}}