{"id":28665,"date":"2018-12-21T08:47:58","date_gmt":"2018-12-21T05:47:58","guid":{"rendered":"http:\/\/arantv.az\/?p=28665"},"modified":"2018-12-21T08:47:58","modified_gmt":"2018-12-21T05:47:58","slug":"az%c9%99rbaycana-qis-g%c9%99lir-bu-gec%c9%99","status":"publish","type":"post","link":"https:\/\/arantv.az\/?p=28665","title":{"rendered":"Az\u0259rbaycana q\u0131\u015f g\u0259lir &#8211; BU GEC\u018f"},"content":{"rendered":"<p>Bu il Az\u0259rbaycanda q\u0131\u015f f\u0259sli \u00f6t\u0259n ill\u0259 m\u00fcqayis\u0259d\u0259 alt\u0131 saat gec ba\u015flayacaq.<\/p>\n<p><strong>ARANTV.AZ<\/strong>-\u0131n m\u0259lumat\u0131na g\u00f6r\u0259, q\u0131\u015f f\u0259sli \u00f6lk\u0259y\u0259 dekabr\u0131n 22-si saat 02:22-d\u0259 daxil olacaq.<\/p>\n<p>Bu gec\u0259 G\u00fcn\u0259\u015f \u00fcf\u00fcqd\u0259n \u0259n minimum n\u00f6qt\u0259d\u0259 olacaq. G\u00fcn\u0259\u015f \u015f\u00fcalar\u0131n\u0131n istiqam\u0259ti il\u0259 Yerin f\u0131rlanma oxu \u0259n b\u00f6y\u00fck bucaq \u0259m\u0259l\u0259 g\u0259tirir. Buna \u201cQ\u0131\u015f g\u00fcn\u0259\u015f duru\u015fu\u201d deyilir.<\/p>\n<div id=\"AdributorNativeVideo0\" class=\"AdributorNativeVideo\"><\/div>\n<p>Q\u0131\u015f f\u0259slind\u0259 Yer G\u00fcn\u0259\u015f\u0259 \u0259n yax\u0131n m\u0259saf\u0259l\u0259rd\u0259 olsa da, \u015f\u00fcalar\u0131n Yer s\u0259thin\u0259 d\u00fc\u015fm\u0259 buca\u011f\u0131ndan as\u0131l\u0131 olaraq Yeri isid\u0259 bilmir. Ona g\u00f6r\u0259 d\u0259 f\u0259sill\u0259rin f\u0259rqi m\u00fc\u015fahid\u0259 edilir. H\u0259r il f\u0259sill\u0259rin daxil oldu\u011fu tarixl\u0259r aras\u0131nda alt\u0131 saata yax\u0131n s\u00fcr\u00fc\u015fm\u0259l\u0259r olur.<\/p>\n<p>Qeyd ed\u0259k ki, 2019-cu ild\u0259 Az\u0259rbaycana yaz mart\u0131n 21-d\u0259 Bak\u0131 vaxt\u0131 il\u0259 saat 01.58-d\u0259, yay iyunun 21-d\u0259 saat 19.54-d\u0259, pay\u0131z sentyabr\u0131n 23-d\u0259 saat 11.50-d\u0259, q\u0131\u015f is\u0259 dekabr\u0131n 22-d\u0259 saat 08.19-da daxil olacaq.oxu.az<\/p>\n","protected":false},"excerpt":{"rendered":"<p>Bu il Az\u0259rbaycanda q\u0131\u015f f\u0259sli \u00f6t\u0259n ill\u0259 m\u00fcqayis\u0259d\u0259 alt\u0131 saat gec ba\u015flayacaq. ARANTV.AZ-\u0131n m\u0259lumat\u0131na g\u00f6r\u0259, q\u0131\u015f f\u0259sli \u00f6lk\u0259y\u0259 dekabr\u0131n 22-si saat 02:22-d\u0259 daxil olacaq. Bu gec\u0259 G\u00fcn\u0259\u015f \u00fcf\u00fcqd\u0259n \u0259n minimum n\u00f6qt\u0259d\u0259 olacaq. G\u00fcn\u0259\u015f \u015f\u00fcalar\u0131n\u0131n istiqam\u0259ti il\u0259 Yerin f\u0131rlanma oxu \u0259n b\u00f6y\u00fck bucaq \u0259m\u0259l\u0259 g\u0259tirir. Buna \u201cQ\u0131\u015f g\u00fcn\u0259\u015f duru\u015fu\u201d deyilir. Q\u0131\u015f f\u0259slind\u0259 Yer G\u00fcn\u0259\u015f\u0259 \u0259n yax\u0131n m\u0259saf\u0259l\u0259rd\u0259 olsa da, \u015f\u00fcalar\u0131n Yer s\u0259thin\u0259 d\u00fc\u015fm\u0259 buca\u011f\u0131ndan as\u0131l\u0131 olaraq Yeri isid\u0259 bilmir. Ona g\u00f6r\u0259 d\u0259 f\u0259sill\u0259rin f\u0259rqi m\u00fc\u015fahid\u0259 edilir. H\u0259r il f\u0259sill\u0259rin daxil oldu\u011fu tarixl\u0259r aras\u0131nda alt\u0131 saata yax\u0131n s\u00fcr\u00fc\u015fm\u0259l\u0259r olur. Qeyd ed\u0259k ki,&hellip;<\/p>\n","protected":false},"author":2,"featured_media":28666,"comment_status":"closed","ping_status":"closed","sticky":false,"template":"","format":"standard","meta":{"om_disable_all_campaigns":false,"_monsterinsights_skip_tracking":false,"_monsterinsights_sitenote_active":false,"_monsterinsights_sitenote_note":"","_monsterinsights_sitenote_category":0},"categories":[1],"tags":[],"aioseo_notices":[],"gutentor_comment":0,"rttpg_featured_image_url":{"full":["https:\/\/arantv.az\/wp-content\/uploads\/2018\/12\/408.jpg",620,388,false],"landscape":["https:\/\/arantv.az\/wp-content\/uploads\/2018\/12\/408.jpg",620,388,false],"portraits":["https:\/\/arantv.az\/wp-content\/uploads\/2018\/12\/408.jpg",620,388,false],"thumbnail":["https:\/\/arantv.az\/wp-content\/uploads\/2018\/12\/408-150x150.jpg",150,150,true],"medium":["https:\/\/arantv.az\/wp-content\/uploads\/2018\/12\/408-300x188.jpg",300,188,true],"large":["https:\/\/arantv.az\/wp-content\/uploads\/2018\/12\/408.jpg",620,388,false],"1536x1536":["https:\/\/arantv.az\/wp-content\/uploads\/2018\/12\/408.jpg",620,388,false],"2048x2048":["https:\/\/arantv.az\/wp-content\/uploads\/2018\/12\/408.jpg",620,388,false],"post-thumbnail":["https:\/\/arantv.az\/wp-content\/uploads\/2018\/12\/408-240x172.jpg",240,172,true],"advps-thumb-one":["https:\/\/arantv.az\/wp-content\/uploads\/2018\/12\/408.jpg",620,388,false]},"rttpg_author":{"display_name":"V\u00fcsal Rafiqo\u011flu","author_link":"https:\/\/arantv.az\/?author=2"},"rttpg_comment":0,"rttpg_category":"<a href=\"https:\/\/arantv.az\/?cat=1\" rel=\"category\">C\u0259miyy\u0259t<\/a>","rttpg_excerpt":"Bu il Az\u0259rbaycanda q\u0131\u015f f\u0259sli \u00f6t\u0259n ill\u0259 m\u00fcqayis\u0259d\u0259 alt\u0131 saat gec ba\u015flayacaq. ARANTV.AZ-\u0131n m\u0259lumat\u0131na g\u00f6r\u0259, q\u0131\u015f f\u0259sli \u00f6lk\u0259y\u0259 dekabr\u0131n 22-si saat 02:22-d\u0259 daxil olacaq. Bu gec\u0259 G\u00fcn\u0259\u015f \u00fcf\u00fcqd\u0259n \u0259n minimum n\u00f6qt\u0259d\u0259 olacaq. G\u00fcn\u0259\u015f \u015f\u00fcalar\u0131n\u0131n istiqam\u0259ti il\u0259 Yerin f\u0131rlanma oxu \u0259n b\u00f6y\u00fck bucaq \u0259m\u0259l\u0259 g\u0259tirir. Buna \u201cQ\u0131\u015f g\u00fcn\u0259\u015f duru\u015fu\u201d deyilir. Q\u0131\u015f f\u0259slind\u0259 Yer G\u00fcn\u0259\u015f\u0259 \u0259n yax\u0131n&hellip;","_links":{"self":[{"href":"https:\/\/arantv.az\/index.php?rest_route=\/wp\/v2\/posts\/28665"}],"collection":[{"href":"https:\/\/arantv.az\/index.php?rest_route=\/wp\/v2\/posts"}],"about":[{"href":"https:\/\/arantv.az\/index.php?rest_route=\/wp\/v2\/types\/post"}],"author":[{"embeddable":true,"href":"https:\/\/arantv.az\/index.php?rest_route=\/wp\/v2\/users\/2"}],"replies":[{"embeddable":true,"href":"https:\/\/arantv.az\/index.php?rest_route=%2Fwp%2Fv2%2Fcomments&post=28665"}],"version-history":[{"count":0,"href":"https:\/\/arantv.az\/index.php?rest_route=\/wp\/v2\/posts\/28665\/revisions"}],"wp:featuredmedia":[{"embeddable":true,"href":"https:\/\/arantv.az\/index.php?rest_route=\/wp\/v2\/media\/28666"}],"wp:attachment":[{"href":"https:\/\/arantv.az\/index.php?rest_route=%2Fwp%2Fv2%2Fmedia&parent=28665"}],"wp:term":[{"taxonomy":"category","embeddable":true,"href":"https:\/\/arantv.az\/index.php?rest_route=%2Fwp%2Fv2%2Fcategories&post=28665"},{"taxonomy":"post_tag","embeddable":true,"href":"https:\/\/arantv.az\/index.php?rest_route=%2Fwp%2Fv2%2Ftags&post=28665"}],"curies":[{"name":"wp","href":"https:\/\/api.w.org\/{rel}","templated":true}]}}