{"id":286800,"date":"2021-02-05T08:56:09","date_gmt":"2021-02-05T05:56:09","guid":{"rendered":"http:\/\/arantv.az\/?p=286800"},"modified":"2021-02-05T08:56:09","modified_gmt":"2021-02-05T05:56:09","slug":"abs-xaricd%c9%99n-qacqinlarin-q%c9%99bulu-uzr%c9%99-kvotani-artiracaq","status":"publish","type":"post","link":"https:\/\/arantv.az\/?p=286800","title":{"rendered":"AB\u015e xaricd\u0259n qa\u00e7q\u0131nlar\u0131n q\u0259bulu \u00fczr\u0259 kvotan\u0131 art\u0131racaq"},"content":{"rendered":"<p><strong>AB\u015e-\u0131n yeni administrasiyas\u0131 xaricd\u0259n qa\u00e7q\u0131n q\u0259bulu \u00fc\u00e7\u00fcn kvotan\u0131 art\u0131rmaq v\u0259 bu il 125 min n\u0259f\u0259r\u0259 \u00e7atd\u0131rmaq niyy\u0259tind\u0259dir.<\/strong><\/p>\n<p><strong>ARANTV.AZ<\/strong> APA-ya\u00a0istinad\u0259n bildirir ki,\u00a0bunu prezident Co Bayden AB\u015e D\u00f6vl\u0259t Departamentind\u0259 \u00f6lk\u0259nin xarici siyas\u0259tinin \u0259sas istiqam\u0259tl\u0259ri il\u0259 ba\u011fl\u0131 etdiyi \u00e7\u0131x\u0131\u015f\u0131nda a\u00e7\u0131qlay\u0131b.<\/p>\n<p>&#8220;Bu g\u00fcn misilsiz qlobal ehtiyaclar\u0131n \u00f6d\u0259nilm\u0259sin\u0259 k\u00f6m\u0259k m\u0259qs\u0259dil\u0259 qa\u00e7q\u0131nlar\u0131n q\u0259buluna dair proqram\u0131n yenid\u0259n b\u0259rpas\u0131 il\u0259 ba\u011fl\u0131 a\u011f\u0131r i\u015fl\u0259r\u0259 ba\u015flan\u0131lmas\u0131 \u00fc\u00e7\u00fcn f\u0259rman imzalayacam. Ciddi ziyan vurulmu\u015f bu i\u015fi b\u0259rpa etm\u0259k \u00fc\u00e7\u00fcn vaxt laz\u0131md\u0131r. Ancaq bu, etm\u0259yi d\u00fc\u015f\u00fcnd\u00fcy\u00fcm\u00fcz bir i\u015fdir. F\u0259rman AB\u015e administrasiyas\u0131n\u0131n birinci tam maliyy\u0259 ilind\u0259 (oktyabr\u0131n 1-d\u0259n ba\u015flayacaq &#8211; Red.) 125 min n\u0259f\u0259r qa\u00e7q\u0131n\u0131n q\u0259bulu il\u0259 ba\u011fl\u0131 kvotan\u0131 b\u0259rpa etm\u0259y\u0259 imkan ver\u0259c\u0259k&#8221;, &#8211; dey\u0259 amerikal\u0131 lider bildirib.<\/p>\n<p>Qeyd ed\u0259k ki, ke\u00e7mi\u015f prezident Donald Tramp\u0131n r\u0259hb\u0259rliyi d\u00f6vr\u00fcnd\u0259 qa\u00e7q\u0131nlar\u0131n q\u0259bulu kvotas\u0131 2016-c\u0131 maliyy\u0259 ili \u00fczr\u0259 85 mind\u0259n 2021-ci maliyy\u0259 ili \u00fczr\u0259 15 min\u0259d\u0259k endirilmi\u015fdi ki, bu da 1980-ci ild\u0259 qa\u00e7q\u0131nlarla ba\u011fl\u0131 qanunun q\u0259bul edilm\u0259sind\u0259n b\u0259ri \u0259n a\u015fa\u011f\u0131 g\u00f6st\u0259ricidir.<\/p>\n","protected":false},"excerpt":{"rendered":"<p>AB\u015e-\u0131n yeni administrasiyas\u0131 xaricd\u0259n qa\u00e7q\u0131n q\u0259bulu \u00fc\u00e7\u00fcn kvotan\u0131 art\u0131rmaq v\u0259 bu il 125 min n\u0259f\u0259r\u0259 \u00e7atd\u0131rmaq niyy\u0259tind\u0259dir. ARANTV.AZ APA-ya\u00a0istinad\u0259n bildirir ki,\u00a0bunu prezident Co Bayden AB\u015e D\u00f6vl\u0259t Departamentind\u0259 \u00f6lk\u0259nin xarici siyas\u0259tinin \u0259sas istiqam\u0259tl\u0259ri il\u0259 ba\u011fl\u0131 etdiyi \u00e7\u0131x\u0131\u015f\u0131nda a\u00e7\u0131qlay\u0131b. &#8220;Bu g\u00fcn misilsiz qlobal ehtiyaclar\u0131n \u00f6d\u0259nilm\u0259sin\u0259 k\u00f6m\u0259k m\u0259qs\u0259dil\u0259 qa\u00e7q\u0131nlar\u0131n q\u0259buluna dair proqram\u0131n yenid\u0259n b\u0259rpas\u0131 il\u0259 ba\u011fl\u0131 a\u011f\u0131r i\u015fl\u0259r\u0259 ba\u015flan\u0131lmas\u0131 \u00fc\u00e7\u00fcn f\u0259rman imzalayacam. Ciddi ziyan vurulmu\u015f bu i\u015fi b\u0259rpa etm\u0259k \u00fc\u00e7\u00fcn vaxt laz\u0131md\u0131r. Ancaq bu, etm\u0259yi d\u00fc\u015f\u00fcnd\u00fcy\u00fcm\u00fcz bir i\u015fdir. F\u0259rman AB\u015e administrasiyas\u0131n\u0131n birinci tam maliyy\u0259 ilind\u0259 (oktyabr\u0131n 1-d\u0259n ba\u015flayacaq &#8211; Red.) 125 min n\u0259f\u0259r&hellip;<\/p>\n","protected":false},"author":2,"featured_media":286801,"comment_status":"closed","ping_status":"closed","sticky":false,"template":"","format":"standard","meta":{"om_disable_all_campaigns":false,"_monsterinsights_skip_tracking":false,"_monsterinsights_sitenote_active":false,"_monsterinsights_sitenote_note":"","_monsterinsights_sitenote_category":0},"categories":[7],"tags":[],"aioseo_notices":[],"gutentor_comment":0,"rttpg_featured_image_url":{"full":["https:\/\/arantv.az\/wp-content\/uploads\/2021\/02\/919712.jpg",800,600,false],"landscape":["https:\/\/arantv.az\/wp-content\/uploads\/2021\/02\/919712.jpg",800,600,false],"portraits":["https:\/\/arantv.az\/wp-content\/uploads\/2021\/02\/919712.jpg",800,600,false],"thumbnail":["https:\/\/arantv.az\/wp-content\/uploads\/2021\/02\/919712-150x150.jpg",150,150,true],"medium":["https:\/\/arantv.az\/wp-content\/uploads\/2021\/02\/919712-300x225.jpg",300,225,true],"large":["https:\/\/arantv.az\/wp-content\/uploads\/2021\/02\/919712.jpg",640,480,false],"1536x1536":["https:\/\/arantv.az\/wp-content\/uploads\/2021\/02\/919712.jpg",800,600,false],"2048x2048":["https:\/\/arantv.az\/wp-content\/uploads\/2021\/02\/919712.jpg",800,600,false],"post-thumbnail":["https:\/\/arantv.az\/wp-content\/uploads\/2021\/02\/919712-240x172.jpg",240,172,true],"advps-thumb-one":["https:\/\/arantv.az\/wp-content\/uploads\/2021\/02\/919712.jpg",800,600,false]},"rttpg_author":{"display_name":"V\u00fcsal Rafiqo\u011flu","author_link":"https:\/\/arantv.az\/?author=2"},"rttpg_comment":0,"rttpg_category":"<a href=\"https:\/\/arantv.az\/?cat=7\" rel=\"category\">D\u00fcnya<\/a>","rttpg_excerpt":"AB\u015e-\u0131n yeni administrasiyas\u0131 xaricd\u0259n qa\u00e7q\u0131n q\u0259bulu \u00fc\u00e7\u00fcn kvotan\u0131 art\u0131rmaq v\u0259 bu il 125 min n\u0259f\u0259r\u0259 \u00e7atd\u0131rmaq niyy\u0259tind\u0259dir. ARANTV.AZ APA-ya\u00a0istinad\u0259n bildirir ki,\u00a0bunu prezident Co Bayden AB\u015e D\u00f6vl\u0259t Departamentind\u0259 \u00f6lk\u0259nin xarici siyas\u0259tinin \u0259sas istiqam\u0259tl\u0259ri il\u0259 ba\u011fl\u0131 etdiyi \u00e7\u0131x\u0131\u015f\u0131nda a\u00e7\u0131qlay\u0131b. &#8220;Bu g\u00fcn misilsiz qlobal ehtiyaclar\u0131n \u00f6d\u0259nilm\u0259sin\u0259 k\u00f6m\u0259k m\u0259qs\u0259dil\u0259 qa\u00e7q\u0131nlar\u0131n q\u0259buluna dair proqram\u0131n yenid\u0259n b\u0259rpas\u0131 il\u0259 ba\u011fl\u0131 a\u011f\u0131r i\u015fl\u0259r\u0259&hellip;","_links":{"self":[{"href":"https:\/\/arantv.az\/index.php?rest_route=\/wp\/v2\/posts\/286800"}],"collection":[{"href":"https:\/\/arantv.az\/index.php?rest_route=\/wp\/v2\/posts"}],"about":[{"href":"https:\/\/arantv.az\/index.php?rest_route=\/wp\/v2\/types\/post"}],"author":[{"embeddable":true,"href":"https:\/\/arantv.az\/index.php?rest_route=\/wp\/v2\/users\/2"}],"replies":[{"embeddable":true,"href":"https:\/\/arantv.az\/index.php?rest_route=%2Fwp%2Fv2%2Fcomments&post=286800"}],"version-history":[{"count":0,"href":"https:\/\/arantv.az\/index.php?rest_route=\/wp\/v2\/posts\/286800\/revisions"}],"wp:featuredmedia":[{"embeddable":true,"href":"https:\/\/arantv.az\/index.php?rest_route=\/wp\/v2\/media\/286801"}],"wp:attachment":[{"href":"https:\/\/arantv.az\/index.php?rest_route=%2Fwp%2Fv2%2Fmedia&parent=286800"}],"wp:term":[{"taxonomy":"category","embeddable":true,"href":"https:\/\/arantv.az\/index.php?rest_route=%2Fwp%2Fv2%2Fcategories&post=286800"},{"taxonomy":"post_tag","embeddable":true,"href":"https:\/\/arantv.az\/index.php?rest_route=%2Fwp%2Fv2%2Ftags&post=286800"}],"curies":[{"name":"wp","href":"https:\/\/api.w.org\/{rel}","templated":true}]}}