{"id":286804,"date":"2021-02-05T08:57:07","date_gmt":"2021-02-05T05:57:07","guid":{"rendered":"http:\/\/arantv.az\/?p=286804"},"modified":"2021-02-05T08:57:07","modified_gmt":"2021-02-05T05:57:07","slug":"anama-nin-idar%c9%99-hey%c9%99tinin-s%c9%99dri-kollektiv%c9%99-t%c9%99qdim-olunub-foto","status":"publish","type":"post","link":"https:\/\/arantv.az\/?p=286804","title":{"rendered":"ANAMA-n\u0131n \u0130dar\u0259 Hey\u0259tinin s\u0259dri kollektiv\u0259 t\u0259qdim olunub &#8211; FOTO"},"content":{"rendered":"<p>Fevral\u0131n 4-d\u0259 Minat\u0259mizl\u0259m\u0259y\u0259 Agentliyinin \u0130dar\u0259 Hey\u0259tinin s\u0259dri V\u00fcqar S\u00fcleymanov kollektiv\u0259 t\u0259qdim olunub.<\/p>\n<p>ANAMA-dan \u201cReport\u201da bildirilib ki, V\u00fcqar S\u00fcleymanovu kollektiv\u0259 Az\u0259rbaycan Respublikas\u0131 Prezidentinin k\u00f6m\u0259k\u00e7isi &#8211;\u00a0Prezident Administrasiyas\u0131n\u0131n \u0130qtisadi m\u0259s\u0259l\u0259l\u0259r v\u0259 innovativ inki\u015faf siyas\u0259ti \u015f\u00f6b\u0259sinin m\u00fcdiri \u015eahmar M\u00f6vs\u00fcmov t\u0259qdim edib.<\/p>\n<div id=\"AdviadNativeVideo0\" class=\"AdviadNativeVideo\"><\/div>\n<p>Qeyd ed\u0259k ki, fevral\u0131n 4-d\u0259 Az\u0259rbaycan Prezidenti \u0130lham \u018fliyevin imzalad\u0131\u011f\u0131 s\u0259r\u0259ncamla V\u00fcqar S\u00fcleymanov Az\u0259rbaycan Respublikas\u0131n\u0131n Minat\u0259mizl\u0259m\u0259 Agentliyinin (ANAMA) \u0130dar\u0259 Hey\u0259tinin s\u0259dri v\u0259zif\u0259sin\u0259 t\u0259yin olunub.<\/p>\n<div class=\"gallery\">\n<div class=\"gallery-i\"><img src=\"https:\/\/cdn.oxu.az\/uploads\/W1siZiIsIjIwMjEvMDIvMDUvMDkvNDMvMDQvZTRlZDFhNDEtZDVjZi00ZGRjLWI0YjItOGM3NzU0M2I2OGZmL2FuLmpwZyJdLFsicCIsImVuY29kZSIsImpwZyIsIi1xdWFsaXR5IDgwIl0sWyJwIiwidGh1bWIiLCI1OTB4NTkwXHUwMDNlIl1d?sha=4e56b94e7081432f\" alt=\"\" \/><\/div>\n<\/div>\n","protected":false},"excerpt":{"rendered":"<p>Fevral\u0131n 4-d\u0259 Minat\u0259mizl\u0259m\u0259y\u0259 Agentliyinin \u0130dar\u0259 Hey\u0259tinin s\u0259dri V\u00fcqar S\u00fcleymanov kollektiv\u0259 t\u0259qdim olunub. ANAMA-dan \u201cReport\u201da bildirilib ki, V\u00fcqar S\u00fcleymanovu kollektiv\u0259 Az\u0259rbaycan Respublikas\u0131 Prezidentinin k\u00f6m\u0259k\u00e7isi &#8211;\u00a0Prezident Administrasiyas\u0131n\u0131n \u0130qtisadi m\u0259s\u0259l\u0259l\u0259r v\u0259 innovativ inki\u015faf siyas\u0259ti \u015f\u00f6b\u0259sinin m\u00fcdiri \u015eahmar M\u00f6vs\u00fcmov t\u0259qdim edib. Qeyd ed\u0259k ki, fevral\u0131n 4-d\u0259 Az\u0259rbaycan Prezidenti \u0130lham \u018fliyevin imzalad\u0131\u011f\u0131 s\u0259r\u0259ncamla V\u00fcqar S\u00fcleymanov Az\u0259rbaycan Respublikas\u0131n\u0131n Minat\u0259mizl\u0259m\u0259 Agentliyinin (ANAMA) \u0130dar\u0259 Hey\u0259tinin s\u0259dri v\u0259zif\u0259sin\u0259 t\u0259yin olunub.<\/p>\n","protected":false},"author":2,"featured_media":286805,"comment_status":"closed","ping_status":"closed","sticky":false,"template":"","format":"standard","meta":{"om_disable_all_campaigns":false,"_monsterinsights_skip_tracking":false,"_monsterinsights_sitenote_active":false,"_monsterinsights_sitenote_note":"","_monsterinsights_sitenote_category":0},"categories":[26],"tags":[],"aioseo_notices":[],"gutentor_comment":0,"rttpg_featured_image_url":{"full":["https:\/\/arantv.az\/wp-content\/uploads\/2021\/02\/tey-1.jpg",620,387,false],"landscape":["https:\/\/arantv.az\/wp-content\/uploads\/2021\/02\/tey-1.jpg",620,387,false],"portraits":["https:\/\/arantv.az\/wp-content\/uploads\/2021\/02\/tey-1.jpg",620,387,false],"thumbnail":["https:\/\/arantv.az\/wp-content\/uploads\/2021\/02\/tey-1-150x150.jpg",150,150,true],"medium":["https:\/\/arantv.az\/wp-content\/uploads\/2021\/02\/tey-1-300x187.jpg",300,187,true],"large":["https:\/\/arantv.az\/wp-content\/uploads\/2021\/02\/tey-1.jpg",620,387,false],"1536x1536":["https:\/\/arantv.az\/wp-content\/uploads\/2021\/02\/tey-1.jpg",620,387,false],"2048x2048":["https:\/\/arantv.az\/wp-content\/uploads\/2021\/02\/tey-1.jpg",620,387,false],"post-thumbnail":["https:\/\/arantv.az\/wp-content\/uploads\/2021\/02\/tey-1-240x172.jpg",240,172,true],"advps-thumb-one":["https:\/\/arantv.az\/wp-content\/uploads\/2021\/02\/tey-1.jpg",620,387,false]},"rttpg_author":{"display_name":"V\u00fcsal Rafiqo\u011flu","author_link":"https:\/\/arantv.az\/?author=2"},"rttpg_comment":0,"rttpg_category":"<a href=\"https:\/\/arantv.az\/?cat=26\" rel=\"category\">Sosial<\/a>","rttpg_excerpt":"Fevral\u0131n 4-d\u0259 Minat\u0259mizl\u0259m\u0259y\u0259 Agentliyinin \u0130dar\u0259 Hey\u0259tinin s\u0259dri V\u00fcqar S\u00fcleymanov kollektiv\u0259 t\u0259qdim olunub. ANAMA-dan \u201cReport\u201da bildirilib ki, V\u00fcqar S\u00fcleymanovu kollektiv\u0259 Az\u0259rbaycan Respublikas\u0131 Prezidentinin k\u00f6m\u0259k\u00e7isi &#8211;\u00a0Prezident Administrasiyas\u0131n\u0131n \u0130qtisadi m\u0259s\u0259l\u0259l\u0259r v\u0259 innovativ inki\u015faf siyas\u0259ti \u015f\u00f6b\u0259sinin m\u00fcdiri \u015eahmar M\u00f6vs\u00fcmov t\u0259qdim edib. Qeyd ed\u0259k ki, fevral\u0131n 4-d\u0259 Az\u0259rbaycan Prezidenti \u0130lham \u018fliyevin imzalad\u0131\u011f\u0131 s\u0259r\u0259ncamla V\u00fcqar S\u00fcleymanov Az\u0259rbaycan Respublikas\u0131n\u0131n Minat\u0259mizl\u0259m\u0259 Agentliyinin (ANAMA)&hellip;","_links":{"self":[{"href":"https:\/\/arantv.az\/index.php?rest_route=\/wp\/v2\/posts\/286804"}],"collection":[{"href":"https:\/\/arantv.az\/index.php?rest_route=\/wp\/v2\/posts"}],"about":[{"href":"https:\/\/arantv.az\/index.php?rest_route=\/wp\/v2\/types\/post"}],"author":[{"embeddable":true,"href":"https:\/\/arantv.az\/index.php?rest_route=\/wp\/v2\/users\/2"}],"replies":[{"embeddable":true,"href":"https:\/\/arantv.az\/index.php?rest_route=%2Fwp%2Fv2%2Fcomments&post=286804"}],"version-history":[{"count":0,"href":"https:\/\/arantv.az\/index.php?rest_route=\/wp\/v2\/posts\/286804\/revisions"}],"wp:featuredmedia":[{"embeddable":true,"href":"https:\/\/arantv.az\/index.php?rest_route=\/wp\/v2\/media\/286805"}],"wp:attachment":[{"href":"https:\/\/arantv.az\/index.php?rest_route=%2Fwp%2Fv2%2Fmedia&parent=286804"}],"wp:term":[{"taxonomy":"category","embeddable":true,"href":"https:\/\/arantv.az\/index.php?rest_route=%2Fwp%2Fv2%2Fcategories&post=286804"},{"taxonomy":"post_tag","embeddable":true,"href":"https:\/\/arantv.az\/index.php?rest_route=%2Fwp%2Fv2%2Ftags&post=286804"}],"curies":[{"name":"wp","href":"https:\/\/api.w.org\/{rel}","templated":true}]}}