{"id":286819,"date":"2021-02-05T09:03:18","date_gmt":"2021-02-05T06:03:18","guid":{"rendered":"http:\/\/arantv.az\/?p=286819"},"modified":"2021-02-05T09:03:18","modified_gmt":"2021-02-05T06:03:18","slug":"bakida-isiqforlardan-vaxt-olc%c9%99nl%c9%99r-yigisdirilir-bna-s%c9%99b%c9%99bl%c9%99ri-aciqladi","status":"publish","type":"post","link":"https:\/\/arantv.az\/?p=286819","title":{"rendered":"Bak\u0131da i\u015f\u0131qforlardan vaxt \u00f6l\u00e7\u0259nl\u0259r y\u0131\u011f\u0131\u015fd\u0131r\u0131l\u0131r &#8211; BNA s\u0259b\u0259bl\u0259ri a\u00e7\u0131qlad\u0131"},"content":{"rendered":"<blockquote><p><strong>Bak\u0131da qura\u015fd\u0131r\u0131lan i\u015f\u0131qforlardak\u0131 r\u0259q\u0259m taymerl\u0259rinin ham\u0131s\u0131 y\u0131\u011f\u0131\u015fd\u0131r\u0131lm\u0131r.<\/strong><\/p><\/blockquote>\n<p><strong>ARANTV.AZ\u00a0<\/strong> bildirir ki, bunu\u00a0<a href=\"https:\/\/az.trend.az\/\" target=\"_blank\" rel=\"noopener\">Trend<\/a>-\u0259 a\u00e7\u0131qlamas\u0131nda Bak\u0131 N\u0259qliyyat Agentliyinin M\u0259tbuat katibi Mais A\u011fayev deyib.<\/p>\n<p>O bildirib ki, r\u0259q\u0259m taymerl\u0259ri, \u0259sas\u0259n, yol q\u0259zalar\u0131 ba\u015f ver\u0259n \u0259razil\u0259rd\u0259ki i\u015f\u0131qforlardan y\u0131\u011f\u0131\u015fd\u0131r\u0131l\u0131r:<\/p>\n<p>&#8220;Bununla ba\u011fl\u0131 m\u00fct\u0259madi olaraq h\u0259min k\u00fc\u00e7\u0259l\u0259rd\u0259 m\u00fc\u015fahid\u0259l\u0259r apar\u0131l\u0131b, D\u00f6vl\u0259t Yol Polisi \u0130dar\u0259sind\u0259n ard\u0131c\u0131l m\u00fcraci\u0259tl\u0259r daxil olub. M\u00fc\u0259yy\u0259n edilib ki, b\u0259zi k\u00fc\u00e7\u0259l\u0259rin k\u0259si\u015fm\u0259sind\u0259 ba\u015f ver\u0259n q\u0259zalar\u0131n \u0259ks\u0259riyy\u0259tinin s\u0259b\u0259bi h\u0259min r\u0259q\u0259m taymerl\u0259ridir. \u018fsas\u0259n, h\u0259min \u0259razil\u0259rd\u0259 r\u0259q\u0259m taymerl\u0259ri piyadalar\u0131n vurulmas\u0131 il\u0259 n\u0259tic\u0259l\u0259nir. Buna g\u00f6r\u0259 d\u0259, h\u0259min k\u00fc\u00e7\u0259l\u0259rd\u0259 t\u0259hl\u00fck\u0259sizliyin t\u0259min edilm\u0259si m\u0259qs\u0259dil\u0259 i\u015f\u0131qforlarda olan r\u0259q\u0259m taymerl\u0259ri y\u0131\u011f\u0131\u015fd\u0131r\u0131l\u0131r, \u0259v\u0259zind\u0259 i\u015f\u0131qforla t\u0259nziml\u0259n\u0259n piyada ke\u00e7idl\u0259ri \u00e7\u0259kilir&#8221;.<\/p>\n<p>Mais A\u011fayev bildirib ki, yol q\u0259zalar\u0131 olmayan k\u00fc\u00e7\u0259 v\u0259 prospektl\u0259rd\u0259ki i\u015f\u0131qforlarda is\u0259 r\u0259q\u0259m taymerl\u0259ri qalmaqdad\u0131r v\u0259 h\u0259min taymerl\u0259r y\u0131\u011f\u0131\u015fd\u0131r\u0131lmayacaq.<\/p>\n","protected":false},"excerpt":{"rendered":"<p>Bak\u0131da qura\u015fd\u0131r\u0131lan i\u015f\u0131qforlardak\u0131 r\u0259q\u0259m taymerl\u0259rinin ham\u0131s\u0131 y\u0131\u011f\u0131\u015fd\u0131r\u0131lm\u0131r. ARANTV.AZ\u00a0 bildirir ki, bunu\u00a0Trend-\u0259 a\u00e7\u0131qlamas\u0131nda Bak\u0131 N\u0259qliyyat Agentliyinin M\u0259tbuat katibi Mais A\u011fayev deyib. O bildirib ki, r\u0259q\u0259m taymerl\u0259ri, \u0259sas\u0259n, yol q\u0259zalar\u0131 ba\u015f ver\u0259n \u0259razil\u0259rd\u0259ki i\u015f\u0131qforlardan y\u0131\u011f\u0131\u015fd\u0131r\u0131l\u0131r: &#8220;Bununla ba\u011fl\u0131 m\u00fct\u0259madi olaraq h\u0259min k\u00fc\u00e7\u0259l\u0259rd\u0259 m\u00fc\u015fahid\u0259l\u0259r apar\u0131l\u0131b, D\u00f6vl\u0259t Yol Polisi \u0130dar\u0259sind\u0259n ard\u0131c\u0131l m\u00fcraci\u0259tl\u0259r daxil olub. M\u00fc\u0259yy\u0259n edilib ki, b\u0259zi k\u00fc\u00e7\u0259l\u0259rin k\u0259si\u015fm\u0259sind\u0259 ba\u015f ver\u0259n q\u0259zalar\u0131n \u0259ks\u0259riyy\u0259tinin s\u0259b\u0259bi h\u0259min r\u0259q\u0259m taymerl\u0259ridir. \u018fsas\u0259n, h\u0259min \u0259razil\u0259rd\u0259 r\u0259q\u0259m taymerl\u0259ri piyadalar\u0131n vurulmas\u0131 il\u0259 n\u0259tic\u0259l\u0259nir. Buna g\u00f6r\u0259 d\u0259, h\u0259min k\u00fc\u00e7\u0259l\u0259rd\u0259 t\u0259hl\u00fck\u0259sizliyin t\u0259min edilm\u0259si m\u0259qs\u0259dil\u0259 i\u015f\u0131qforlarda olan r\u0259q\u0259m taymerl\u0259ri y\u0131\u011f\u0131\u015fd\u0131r\u0131l\u0131r, \u0259v\u0259zind\u0259 i\u015f\u0131qforla t\u0259nziml\u0259n\u0259n piyada&hellip;<\/p>\n","protected":false},"author":2,"featured_media":286820,"comment_status":"closed","ping_status":"closed","sticky":false,"template":"","format":"standard","meta":{"om_disable_all_campaigns":false,"_monsterinsights_skip_tracking":false,"_monsterinsights_sitenote_active":false,"_monsterinsights_sitenote_note":"","_monsterinsights_sitenote_category":0},"categories":[26],"tags":[],"aioseo_notices":[],"gutentor_comment":0,"rttpg_featured_image_url":{"full":["https:\/\/arantv.az\/wp-content\/uploads\/2021\/02\/isiqfor_0254.jpg",800,600,false],"landscape":["https:\/\/arantv.az\/wp-content\/uploads\/2021\/02\/isiqfor_0254.jpg",800,600,false],"portraits":["https:\/\/arantv.az\/wp-content\/uploads\/2021\/02\/isiqfor_0254.jpg",800,600,false],"thumbnail":["https:\/\/arantv.az\/wp-content\/uploads\/2021\/02\/isiqfor_0254-150x150.jpg",150,150,true],"medium":["https:\/\/arantv.az\/wp-content\/uploads\/2021\/02\/isiqfor_0254-300x225.jpg",300,225,true],"large":["https:\/\/arantv.az\/wp-content\/uploads\/2021\/02\/isiqfor_0254.jpg",640,480,false],"1536x1536":["https:\/\/arantv.az\/wp-content\/uploads\/2021\/02\/isiqfor_0254.jpg",800,600,false],"2048x2048":["https:\/\/arantv.az\/wp-content\/uploads\/2021\/02\/isiqfor_0254.jpg",800,600,false],"post-thumbnail":["https:\/\/arantv.az\/wp-content\/uploads\/2021\/02\/isiqfor_0254-240x172.jpg",240,172,true],"advps-thumb-one":["https:\/\/arantv.az\/wp-content\/uploads\/2021\/02\/isiqfor_0254.jpg",800,600,false]},"rttpg_author":{"display_name":"V\u00fcsal Rafiqo\u011flu","author_link":"https:\/\/arantv.az\/?author=2"},"rttpg_comment":0,"rttpg_category":"<a href=\"https:\/\/arantv.az\/?cat=26\" rel=\"category\">Sosial<\/a>","rttpg_excerpt":"Bak\u0131da qura\u015fd\u0131r\u0131lan i\u015f\u0131qforlardak\u0131 r\u0259q\u0259m taymerl\u0259rinin ham\u0131s\u0131 y\u0131\u011f\u0131\u015fd\u0131r\u0131lm\u0131r. ARANTV.AZ\u00a0 bildirir ki, bunu\u00a0Trend-\u0259 a\u00e7\u0131qlamas\u0131nda Bak\u0131 N\u0259qliyyat Agentliyinin M\u0259tbuat katibi Mais A\u011fayev deyib. O bildirib ki, r\u0259q\u0259m taymerl\u0259ri, \u0259sas\u0259n, yol q\u0259zalar\u0131 ba\u015f ver\u0259n \u0259razil\u0259rd\u0259ki i\u015f\u0131qforlardan y\u0131\u011f\u0131\u015fd\u0131r\u0131l\u0131r: &#8220;Bununla ba\u011fl\u0131 m\u00fct\u0259madi olaraq h\u0259min k\u00fc\u00e7\u0259l\u0259rd\u0259 m\u00fc\u015fahid\u0259l\u0259r apar\u0131l\u0131b, D\u00f6vl\u0259t Yol Polisi \u0130dar\u0259sind\u0259n ard\u0131c\u0131l m\u00fcraci\u0259tl\u0259r daxil olub. M\u00fc\u0259yy\u0259n edilib ki, b\u0259zi k\u00fc\u00e7\u0259l\u0259rin k\u0259si\u015fm\u0259sind\u0259&hellip;","_links":{"self":[{"href":"https:\/\/arantv.az\/index.php?rest_route=\/wp\/v2\/posts\/286819"}],"collection":[{"href":"https:\/\/arantv.az\/index.php?rest_route=\/wp\/v2\/posts"}],"about":[{"href":"https:\/\/arantv.az\/index.php?rest_route=\/wp\/v2\/types\/post"}],"author":[{"embeddable":true,"href":"https:\/\/arantv.az\/index.php?rest_route=\/wp\/v2\/users\/2"}],"replies":[{"embeddable":true,"href":"https:\/\/arantv.az\/index.php?rest_route=%2Fwp%2Fv2%2Fcomments&post=286819"}],"version-history":[{"count":0,"href":"https:\/\/arantv.az\/index.php?rest_route=\/wp\/v2\/posts\/286819\/revisions"}],"wp:featuredmedia":[{"embeddable":true,"href":"https:\/\/arantv.az\/index.php?rest_route=\/wp\/v2\/media\/286820"}],"wp:attachment":[{"href":"https:\/\/arantv.az\/index.php?rest_route=%2Fwp%2Fv2%2Fmedia&parent=286819"}],"wp:term":[{"taxonomy":"category","embeddable":true,"href":"https:\/\/arantv.az\/index.php?rest_route=%2Fwp%2Fv2%2Fcategories&post=286819"},{"taxonomy":"post_tag","embeddable":true,"href":"https:\/\/arantv.az\/index.php?rest_route=%2Fwp%2Fv2%2Ftags&post=286819"}],"curies":[{"name":"wp","href":"https:\/\/api.w.org\/{rel}","templated":true}]}}