{"id":286827,"date":"2021-02-05T09:19:40","date_gmt":"2021-02-05T06:19:40","guid":{"rendered":"http:\/\/arantv.az\/?p=286827"},"modified":"2021-02-05T09:19:40","modified_gmt":"2021-02-05T06:19:40","slug":"bakida-tikinti-sah%c9%99sind%c9%99-d%c9%99hs%c9%99tli-hadis%c9%99-ol%c9%99n-var","status":"publish","type":"post","link":"https:\/\/arantv.az\/?p=286827","title":{"rendered":"Bak\u0131da tikinti sah\u0259sind\u0259 d\u0259h\u015f\u0259tli hadis\u0259 &#8211; \u00d6L\u018fN VAR"},"content":{"rendered":"<p><strong>Fevral\u0131n 4-d\u0259 saat 14 rad\u0259l\u0259rind\u0259 X\u0259z\u0259r rayonunun Qala q\u0259s\u0259b\u0259si \u0259razisind\u0259 f\u0259hl\u0259nin t\u0259mir-tikinti is\u0327l\u0259ri aparark\u0259n x\u0259sar\u0259t alaraq \u00f6lm\u0259si bar\u0259d\u0259 rayon prokurorlug\u0306una m\u0259lumat daxil olub.<\/strong><\/p>\n<p><b>ARANTV.AZ\u00a0<\/b> x\u0259b\u0259r verir ki, apar\u0131lm\u0131s\u0327 ilkin aras\u0327d\u0131rmalarla mu\u0308\u0259yy\u0259n edilib ki, Vahid V\u0259liyev qeyd edil\u0259n \u0259razid\u0259 f\u0259hl\u0259 i\u015fl\u0259diyi f\u0259rdi ya\u015fay\u0131\u015f evinin t\u0259miri zaman\u0131 beton qar\u0131\u015fd\u0131ran ma\u015f\u0131n\u0131n pompas\u0131n\u0131n ba\u015f\u0131na d\u0259ym\u0259si n\u0259tic\u0259sind\u0259 ald\u0131\u011f\u0131 x\u0259sar\u0259tl\u0259rd\u0259n hadis\u0259 yerind\u0259 \u00f6l\u00fcb.<\/p>\n<p>Faktla ba\u011fl\u0131 X\u0259z\u0259r rayon prokurorlu\u011funda Cinay\u0259t M\u0259c\u0259ll\u0259sinin 162.2-ci (\u0259m\u0259k m\u00fchafiz\u0259si qaydalar\u0131n\u0131 pozma ehtiyats\u0131zl\u0131qdan insan \u00f6l\u00fcm\u00fcn\u0259 s\u0259b\u0259b olduqda) madd\u0259si il\u0259 cinay\u0259t i\u015fi ba\u015flan\u0131b.<br \/>\n\u0130\u015f \u00fczr\u0259 prokurorluq i\u015f\u00e7il\u0259ri t\u0259r\u0259find\u0259n m\u0259hk\u0259m\u0259-tibb ekspertinin i\u015ftirak\u0131 il\u0259 hadis\u0259 yerin\u0259 v\u0259 meyit\u0259 bax\u0131\u015f ke\u00e7irilmi\u015f, m\u0259hk\u0259m\u0259-tibb, m\u0259hk\u0259m\u0259-t\u0259hl\u00fck\u0259sizlik texnikas\u0131 ekspertizalar\u0131 t\u0259yin olunmu\u015f, \u015fahidl\u0259r dindirilmi\u015f v\u0259 dig\u0259r z\u0259ruri prosessual h\u0259r\u0259k\u0259tl\u0259r yerin\u0259 yetirilib.<br \/>\nHaz\u0131rda hadis\u0259nin ba\u015f verm\u0259 s\u0259b\u0259bl\u0259rinin v\u0259 t\u0259qsirli \u015f\u0259xs v\u0259 ya \u015f\u0259xsl\u0259rin m\u00fc\u0259yy\u0259n edil\u0259r\u0259k m\u0259suliyy\u0259t\u0259 c\u0259lb olunmalar\u0131 istiqam\u0259tind\u0259 z\u0259ruri istintaq-\u0259m\u0259liyyat t\u0259dbirl\u0259ri davam etdirilir.<\/p>\n","protected":false},"excerpt":{"rendered":"<p>Fevral\u0131n 4-d\u0259 saat 14 rad\u0259l\u0259rind\u0259 X\u0259z\u0259r rayonunun Qala q\u0259s\u0259b\u0259si \u0259razisind\u0259 f\u0259hl\u0259nin t\u0259mir-tikinti is\u0327l\u0259ri aparark\u0259n x\u0259sar\u0259t alaraq \u00f6lm\u0259si bar\u0259d\u0259 rayon prokurorlug\u0306una m\u0259lumat daxil olub. ARANTV.AZ\u00a0 x\u0259b\u0259r verir ki, apar\u0131lm\u0131s\u0327 ilkin aras\u0327d\u0131rmalarla mu\u0308\u0259yy\u0259n edilib ki, Vahid V\u0259liyev qeyd edil\u0259n \u0259razid\u0259 f\u0259hl\u0259 i\u015fl\u0259diyi f\u0259rdi ya\u015fay\u0131\u015f evinin t\u0259miri zaman\u0131 beton qar\u0131\u015fd\u0131ran ma\u015f\u0131n\u0131n pompas\u0131n\u0131n ba\u015f\u0131na d\u0259ym\u0259si n\u0259tic\u0259sind\u0259 ald\u0131\u011f\u0131 x\u0259sar\u0259tl\u0259rd\u0259n hadis\u0259 yerind\u0259 \u00f6l\u00fcb. Faktla ba\u011fl\u0131 X\u0259z\u0259r rayon prokurorlu\u011funda Cinay\u0259t M\u0259c\u0259ll\u0259sinin 162.2-ci (\u0259m\u0259k m\u00fchafiz\u0259si qaydalar\u0131n\u0131 pozma ehtiyats\u0131zl\u0131qdan insan \u00f6l\u00fcm\u00fcn\u0259 s\u0259b\u0259b olduqda) madd\u0259si il\u0259 cinay\u0259t i\u015fi ba\u015flan\u0131b. \u0130\u015f \u00fczr\u0259 prokurorluq i\u015f\u00e7il\u0259ri t\u0259r\u0259find\u0259n m\u0259hk\u0259m\u0259-tibb ekspertinin i\u015ftirak\u0131 il\u0259 hadis\u0259 yerin\u0259&hellip;<\/p>\n","protected":false},"author":2,"featured_media":286828,"comment_status":"closed","ping_status":"closed","sticky":false,"template":"","format":"standard","meta":{"om_disable_all_campaigns":false,"_monsterinsights_skip_tracking":false,"_monsterinsights_sitenote_active":false,"_monsterinsights_sitenote_note":"","_monsterinsights_sitenote_category":0},"categories":[5],"tags":[],"aioseo_notices":[],"gutentor_comment":0,"rttpg_featured_image_url":{"full":["https:\/\/arantv.az\/wp-content\/uploads\/2021\/02\/meyit-00-620x330.jpg",800,450,false],"landscape":["https:\/\/arantv.az\/wp-content\/uploads\/2021\/02\/meyit-00-620x330.jpg",800,450,false],"portraits":["https:\/\/arantv.az\/wp-content\/uploads\/2021\/02\/meyit-00-620x330.jpg",800,450,false],"thumbnail":["https:\/\/arantv.az\/wp-content\/uploads\/2021\/02\/meyit-00-620x330-150x150.jpg",150,150,true],"medium":["https:\/\/arantv.az\/wp-content\/uploads\/2021\/02\/meyit-00-620x330-300x169.jpg",300,169,true],"large":["https:\/\/arantv.az\/wp-content\/uploads\/2021\/02\/meyit-00-620x330.jpg",640,360,false],"1536x1536":["https:\/\/arantv.az\/wp-content\/uploads\/2021\/02\/meyit-00-620x330.jpg",800,450,false],"2048x2048":["https:\/\/arantv.az\/wp-content\/uploads\/2021\/02\/meyit-00-620x330.jpg",800,450,false],"post-thumbnail":["https:\/\/arantv.az\/wp-content\/uploads\/2021\/02\/meyit-00-620x330-240x172.jpg",240,172,true],"advps-thumb-one":["https:\/\/arantv.az\/wp-content\/uploads\/2021\/02\/meyit-00-620x330.jpg",800,450,false]},"rttpg_author":{"display_name":"V\u00fcsal Rafiqo\u011flu","author_link":"https:\/\/arantv.az\/?author=2"},"rttpg_comment":0,"rttpg_category":"<a href=\"https:\/\/arantv.az\/?cat=5\" rel=\"category\">Hadis\u0259<\/a>","rttpg_excerpt":"Fevral\u0131n 4-d\u0259 saat 14 rad\u0259l\u0259rind\u0259 X\u0259z\u0259r rayonunun Qala q\u0259s\u0259b\u0259si \u0259razisind\u0259 f\u0259hl\u0259nin t\u0259mir-tikinti is\u0327l\u0259ri aparark\u0259n x\u0259sar\u0259t alaraq \u00f6lm\u0259si bar\u0259d\u0259 rayon prokurorlug\u0306una m\u0259lumat daxil olub. ARANTV.AZ\u00a0 x\u0259b\u0259r verir ki, apar\u0131lm\u0131s\u0327 ilkin aras\u0327d\u0131rmalarla mu\u0308\u0259yy\u0259n edilib ki, Vahid V\u0259liyev qeyd edil\u0259n \u0259razid\u0259 f\u0259hl\u0259 i\u015fl\u0259diyi f\u0259rdi ya\u015fay\u0131\u015f evinin t\u0259miri zaman\u0131 beton qar\u0131\u015fd\u0131ran ma\u015f\u0131n\u0131n pompas\u0131n\u0131n ba\u015f\u0131na d\u0259ym\u0259si n\u0259tic\u0259sind\u0259 ald\u0131\u011f\u0131 x\u0259sar\u0259tl\u0259rd\u0259n hadis\u0259&hellip;","_links":{"self":[{"href":"https:\/\/arantv.az\/index.php?rest_route=\/wp\/v2\/posts\/286827"}],"collection":[{"href":"https:\/\/arantv.az\/index.php?rest_route=\/wp\/v2\/posts"}],"about":[{"href":"https:\/\/arantv.az\/index.php?rest_route=\/wp\/v2\/types\/post"}],"author":[{"embeddable":true,"href":"https:\/\/arantv.az\/index.php?rest_route=\/wp\/v2\/users\/2"}],"replies":[{"embeddable":true,"href":"https:\/\/arantv.az\/index.php?rest_route=%2Fwp%2Fv2%2Fcomments&post=286827"}],"version-history":[{"count":0,"href":"https:\/\/arantv.az\/index.php?rest_route=\/wp\/v2\/posts\/286827\/revisions"}],"wp:featuredmedia":[{"embeddable":true,"href":"https:\/\/arantv.az\/index.php?rest_route=\/wp\/v2\/media\/286828"}],"wp:attachment":[{"href":"https:\/\/arantv.az\/index.php?rest_route=%2Fwp%2Fv2%2Fmedia&parent=286827"}],"wp:term":[{"taxonomy":"category","embeddable":true,"href":"https:\/\/arantv.az\/index.php?rest_route=%2Fwp%2Fv2%2Fcategories&post=286827"},{"taxonomy":"post_tag","embeddable":true,"href":"https:\/\/arantv.az\/index.php?rest_route=%2Fwp%2Fv2%2Ftags&post=286827"}],"curies":[{"name":"wp","href":"https:\/\/api.w.org\/{rel}","templated":true}]}}