{"id":28684,"date":"2018-12-21T09:38:26","date_gmt":"2018-12-21T06:38:26","guid":{"rendered":"http:\/\/arantv.az\/?p=28684"},"modified":"2018-12-21T09:38:26","modified_gmt":"2018-12-21T06:38:26","slug":"%c9%99rdogandan-ruhaniy%c9%99-maraqli-h%c9%99diyy%c9%99-foto","status":"publish","type":"post","link":"https:\/\/arantv.az\/?p=28684","title":{"rendered":"\u018frdo\u011fandan Ruhaniy\u0259 maraql\u0131 h\u0259diyy\u0259 &#8211; FOTO"},"content":{"rendered":"<p>T\u00fcrkiy\u0259 prezidenti\u00a0<strong>R\u0259c\u0259b Tayyib \u018frdo\u011fan<\/strong>\u00a0T\u00fcrkiy\u0259-\u0130ran\u00a0Y\u00fcks\u0259k S\u0259viyy\u0259li \u018fm\u0259kda\u015fl\u0131q \u015euras\u0131n\u0131n 5-ci iclas\u0131 \u00e7\u0259r\u00e7iv\u0259sind\u0259 iranl\u0131 h\u0259mkar\u0131\u00a0<strong>H\u0259s\u0259n Ruhani<\/strong>\u00a0il\u0259 g\u00f6r\u00fc\u015f\u00fcb.<\/p>\n<p><b>ARANTV.AZ <\/b>oxu.az-a istinad\u0259n x\u0259b\u0259r verir ki, g\u00f6r\u00fc\u015f zaman\u0131 liderl\u0259r regional v\u0259 beyn\u0259lxalq probleml\u0259ri, ikit\u0259r\u0259fli m\u00fcnasib\u0259tl\u0259rin inki\u015faf perspektivl\u0259rini m\u00fczakir\u0259 edibl\u0259r.<\/p>\n<p>G\u00f6r\u00fc\u015fd\u0259n sonra \u018frdo\u011fan Ruhaniy\u0259 q\u0131z\u0131lg\u00fcl a\u011fac\u0131ndan r\u0259hil v\u0259 \u201cQurani-K\u0259rim\u201d h\u0259diyy\u0259 edib.<\/p>\n<div id=\"AdributorNativeVideo0\" class=\"AdributorNativeVideo\"><\/div>\n<p><img src=\"https:\/\/iasbh.tmgrup.com.tr\/b6d70b\/0\/0\/0\/0\/429\/600?u=https:\/\/isbh.tmgrup.com.tr\/sbh\/2018\/12\/20\/1545328639086.jpg&amp;mw=555\" \/><\/p>\n<p>&nbsp;<\/p>\n","protected":false},"excerpt":{"rendered":"<p>T\u00fcrkiy\u0259 prezidenti\u00a0R\u0259c\u0259b Tayyib \u018frdo\u011fan\u00a0T\u00fcrkiy\u0259-\u0130ran\u00a0Y\u00fcks\u0259k S\u0259viyy\u0259li \u018fm\u0259kda\u015fl\u0131q \u015euras\u0131n\u0131n 5-ci iclas\u0131 \u00e7\u0259r\u00e7iv\u0259sind\u0259 iranl\u0131 h\u0259mkar\u0131\u00a0H\u0259s\u0259n Ruhani\u00a0il\u0259 g\u00f6r\u00fc\u015f\u00fcb. ARANTV.AZ oxu.az-a istinad\u0259n x\u0259b\u0259r verir ki, g\u00f6r\u00fc\u015f zaman\u0131 liderl\u0259r regional v\u0259 beyn\u0259lxalq probleml\u0259ri, ikit\u0259r\u0259fli m\u00fcnasib\u0259tl\u0259rin inki\u015faf perspektivl\u0259rini m\u00fczakir\u0259 edibl\u0259r. G\u00f6r\u00fc\u015fd\u0259n sonra \u018frdo\u011fan Ruhaniy\u0259 q\u0131z\u0131lg\u00fcl a\u011fac\u0131ndan r\u0259hil v\u0259 \u201cQurani-K\u0259rim\u201d h\u0259diyy\u0259 edib. &nbsp;<\/p>\n","protected":false},"author":2,"featured_media":28685,"comment_status":"closed","ping_status":"closed","sticky":false,"template":"","format":"standard","meta":{"om_disable_all_campaigns":false,"_monsterinsights_skip_tracking":false,"_monsterinsights_sitenote_active":false,"_monsterinsights_sitenote_note":"","_monsterinsights_sitenote_category":0},"categories":[7],"tags":[],"aioseo_notices":[],"gutentor_comment":0,"rttpg_featured_image_url":{"full":["https:\/\/arantv.az\/wp-content\/uploads\/2018\/12\/ruhani.jpg",620,343,false],"landscape":["https:\/\/arantv.az\/wp-content\/uploads\/2018\/12\/ruhani.jpg",620,343,false],"portraits":["https:\/\/arantv.az\/wp-content\/uploads\/2018\/12\/ruhani.jpg",620,343,false],"thumbnail":["https:\/\/arantv.az\/wp-content\/uploads\/2018\/12\/ruhani-150x150.jpg",150,150,true],"medium":["https:\/\/arantv.az\/wp-content\/uploads\/2018\/12\/ruhani-300x166.jpg",300,166,true],"large":["https:\/\/arantv.az\/wp-content\/uploads\/2018\/12\/ruhani.jpg",620,343,false],"1536x1536":["https:\/\/arantv.az\/wp-content\/uploads\/2018\/12\/ruhani.jpg",620,343,false],"2048x2048":["https:\/\/arantv.az\/wp-content\/uploads\/2018\/12\/ruhani.jpg",620,343,false],"post-thumbnail":["https:\/\/arantv.az\/wp-content\/uploads\/2018\/12\/ruhani-240x172.jpg",240,172,true],"advps-thumb-one":["https:\/\/arantv.az\/wp-content\/uploads\/2018\/12\/ruhani.jpg",620,343,false]},"rttpg_author":{"display_name":"V\u00fcsal Rafiqo\u011flu","author_link":"https:\/\/arantv.az\/?author=2"},"rttpg_comment":0,"rttpg_category":"<a href=\"https:\/\/arantv.az\/?cat=7\" rel=\"category\">D\u00fcnya<\/a>","rttpg_excerpt":"T\u00fcrkiy\u0259 prezidenti\u00a0R\u0259c\u0259b Tayyib \u018frdo\u011fan\u00a0T\u00fcrkiy\u0259-\u0130ran\u00a0Y\u00fcks\u0259k S\u0259viyy\u0259li \u018fm\u0259kda\u015fl\u0131q \u015euras\u0131n\u0131n 5-ci iclas\u0131 \u00e7\u0259r\u00e7iv\u0259sind\u0259 iranl\u0131 h\u0259mkar\u0131\u00a0H\u0259s\u0259n Ruhani\u00a0il\u0259 g\u00f6r\u00fc\u015f\u00fcb. ARANTV.AZ oxu.az-a istinad\u0259n x\u0259b\u0259r verir ki, g\u00f6r\u00fc\u015f zaman\u0131 liderl\u0259r regional v\u0259 beyn\u0259lxalq probleml\u0259ri, ikit\u0259r\u0259fli m\u00fcnasib\u0259tl\u0259rin inki\u015faf perspektivl\u0259rini m\u00fczakir\u0259 edibl\u0259r. G\u00f6r\u00fc\u015fd\u0259n sonra \u018frdo\u011fan Ruhaniy\u0259 q\u0131z\u0131lg\u00fcl a\u011fac\u0131ndan r\u0259hil v\u0259 \u201cQurani-K\u0259rim\u201d h\u0259diyy\u0259 edib. &nbsp;","_links":{"self":[{"href":"https:\/\/arantv.az\/index.php?rest_route=\/wp\/v2\/posts\/28684"}],"collection":[{"href":"https:\/\/arantv.az\/index.php?rest_route=\/wp\/v2\/posts"}],"about":[{"href":"https:\/\/arantv.az\/index.php?rest_route=\/wp\/v2\/types\/post"}],"author":[{"embeddable":true,"href":"https:\/\/arantv.az\/index.php?rest_route=\/wp\/v2\/users\/2"}],"replies":[{"embeddable":true,"href":"https:\/\/arantv.az\/index.php?rest_route=%2Fwp%2Fv2%2Fcomments&post=28684"}],"version-history":[{"count":0,"href":"https:\/\/arantv.az\/index.php?rest_route=\/wp\/v2\/posts\/28684\/revisions"}],"wp:featuredmedia":[{"embeddable":true,"href":"https:\/\/arantv.az\/index.php?rest_route=\/wp\/v2\/media\/28685"}],"wp:attachment":[{"href":"https:\/\/arantv.az\/index.php?rest_route=%2Fwp%2Fv2%2Fmedia&parent=28684"}],"wp:term":[{"taxonomy":"category","embeddable":true,"href":"https:\/\/arantv.az\/index.php?rest_route=%2Fwp%2Fv2%2Fcategories&post=28684"},{"taxonomy":"post_tag","embeddable":true,"href":"https:\/\/arantv.az\/index.php?rest_route=%2Fwp%2Fv2%2Ftags&post=28684"}],"curies":[{"name":"wp","href":"https:\/\/api.w.org\/{rel}","templated":true}]}}