{"id":286847,"date":"2021-02-05T09:37:18","date_gmt":"2021-02-05T06:37:18","guid":{"rendered":"http:\/\/arantv.az\/?p=286847"},"modified":"2021-02-05T09:37:18","modified_gmt":"2021-02-05T06:37:18","slug":"az%c9%99rbaycanin-dahi-b%c9%99st%c9%99kari-qara-qarayevin-dogum-gunudur-foto","status":"publish","type":"post","link":"https:\/\/arantv.az\/?p=286847","title":{"rendered":"Az\u0259rbaycan\u0131n dahi b\u0259st\u0259kar\u0131 Qara Qarayevin do\u011fum g\u00fcn\u00fcd\u00fcr &#8211; FOTO"},"content":{"rendered":"<p>Bu g\u00fcn Az\u0259rbaycan\u0131n g\u00f6rk\u0259mli b\u0259st\u0259kar\u0131 v\u0259 pedaqoqu Qara Qarayevin anadan olmas\u0131n\u0131n 103-c\u00fc ild\u00f6n\u00fcm\u00fcd\u00fcr.<\/p>\n<p>Qara \u018fb\u00fclf\u0259z o\u011flu Qarayev 1918-ci il fevral\u0131n 5-d\u0259 Bak\u0131 \u015f\u0259h\u0259rind\u0259 m\u0259\u015fhur h\u0259kim, t\u0259bab\u0259t professoru \u018fb\u00fclf\u0259z Qarayev v\u0259 Sona xan\u0131m Axundova-Qarayevan\u0131n ail\u0259sind\u0259 anadan olub. Qara Qarayevin atas\u0131 &#8211; \u0259m\u0259kdar elm xadimi, Az\u0259rbaycanda \u0259n \u00f6nc\u00fcl u\u015faq h\u0259kimi v\u0259 Az\u0259rbaycan Demokratik Respublikas\u0131 qurulanad\u0259k diaqnost, daha sonralar is\u0259 n\u0259z\u0259riyy\u0259\u00e7i kimi d\u0259 b\u00f6y\u00fck ad-san qazan\u0131b, anas\u0131 Sona xan\u0131m is\u0259 \u201cM\u00fcq\u0259dd\u0259s Nina\u201d m\u0259kt\u0259binin Bak\u0131 b\u00f6lm\u0259sini bitirib. O, h\u0259m d\u0259 fortepiano ifa\u00e7\u0131l\u0131\u011f\u0131 t\u0259hsili al\u0131b.<\/p>\n<p>1926-c\u0131 ild\u0259 Qara Qarayev Az\u0259rbaycan D\u00f6vl\u0259t Konservatoriyas\u0131 yan\u0131nda musiqi m\u0259kt\u0259bin\u0259 q\u0259bul edilib. 1930-ci ild\u0259 Az\u0259rbaycan D\u00f6vl\u0259t Konservatoriyas\u0131n\u0131n n\u0259zdind\u0259 f\u0259aliyy\u0259t g\u00f6st\u0259r\u0259n Bak\u0131 musiqi f\u0259hl\u0259 fak\u00fclt\u0259sinin fortepiano sinfin\u0259 daxil olub. 1935-ci ild\u0259 Az\u0259rbaycan D\u00f6vl\u0259t Konservatoriyas\u0131n\u0131n b\u0259st\u0259karl\u0131q fak\u00fclt\u0259sind\u0259 professor Leopold Rudolfun sinfind\u0259 oxuyub.<\/p>\n<div id=\"AdviadNativeVideo0\" class=\"AdviadNativeVideo\"><\/div>\n<p>T\u0259hsil m\u00fcdd\u0259tind\u0259 professor \u00dczeyir Hac\u0131b\u0259yovdan Az\u0259rbaycan xalq musiqisinin \u0259saslar\u0131 \u00fczr\u0259 d\u0259rs al\u0131b. \u00dczeyir Hac\u0131b\u0259yovun yarad\u0131c\u0131l\u0131\u011f\u0131nda v\u0259 Az\u0259rbaycanda ilk violino, violon\u00e7el v\u0259 fortepiano triosunda h\u0259yata ke\u00e7iril\u0259n a\u015f\u0131q \u00fcslubu Qara Qarayevi 1965-ci ild\u0259 h\u0259min \u0259s\u0259rin \u201cA\u015f\u0131qsaya\u011f\u0131\u201d simfonik transkripsiyas\u0131n\u0131 yaratma\u011fa ilhamland\u0131r\u0131b.<\/p>\n<p>1937-ci ild\u0259 Az\u0259rbaycan B\u0259st\u0259karlar \u0130ttifaq\u0131na \u00fczv q\u0259bul edilib. 1938-ci ild\u0259 Moskva D\u00f6vl\u0259t Konservatoriyas\u0131n\u0131n t\u0259l\u0259b\u0259si olub.<\/p>\n<p>1938-ci ild\u0259 ilk b\u00f6y\u00fck \u0259s\u0259rini xor, simfonik orkestr v\u0259 r\u0259qs ansambl\u0131 \u00fc\u00e7\u00fcn R\u0259sul Rzan\u0131n s\u00f6zl\u0259rin\u0259 \u201cK\u00f6n\u00fcl mahn\u0131s\u0131\u201d kantatas\u0131n\u0131 b\u0259st\u0259l\u0259yib. H\u0259min ild\u0259 Moskvada ke\u00e7iril\u0259n Az\u0259rbaycan inc\u0259s\u0259n\u0259ti ong\u00fcnl\u00fcy\u00fcn\u00fcn i\u015ftirak\u00e7\u0131s\u0131 olub.<\/p>\n<p>1941-ci ild\u0259 M. Maqomayev ad\u0131na Az\u0259rbaycan D\u00f6vl\u0259t Filarmoniyas\u0131n\u0131n b\u0259dii r\u0259hb\u0259ri v\u0259zif\u0259sind\u0259 i\u015fl\u0259yib. 1943-c\u00fc ild\u0259 birinci simfoniyan\u0131 yaz\u0131b. 1944-c\u00fc ild\u0259 Az\u0259rbaycan B\u0259st\u0259karlar \u0130ttifaq\u0131n\u0131n idar\u0259 hey\u0259ti s\u0259drinin m\u00fcavini olub. 1946-ci ild\u0259 P.\u0130.\u00c7aykovski ad\u0131na Moskva D\u00f6vl\u0259t Konservatoriyas\u0131nda Dmitri \u015eostakovi\u00e7in b\u0259st\u0259karl\u0131q sinfini bitirib.<\/p>\n<p>1946-ci ild\u0259 Az\u0259rbaycan D\u00f6vl\u0259t Konservatoriyas\u0131n\u0131n b\u0259st\u0259karl\u0131q sinfind\u0259 m\u00fc\u0259llim i\u015fl\u0259yib. 1946-ci ild\u0259 SSR\u0130 B\u0259st\u0259karlar \u0130ttifaq\u0131 \u0130dar\u0259 Hey\u0259tinin katibi se\u00e7ilib. 1948-ci ild\u0259 Az\u0259rbaycan D\u00f6vl\u0259t Konservatoriyas\u0131n\u0131n dosenti olub.<\/p>\n<p>Qara Qarayev 1950-ci ild\u0259n 1953-c\u00fc il\u0259 q\u0259d\u0259r \u00dczeyir Hac\u0131b\u0259yov ad\u0131na Az\u0259rbaycan D\u00f6vl\u0259t Konservatoriyas\u0131n\u0131n rektoru v\u0259zif\u0259sind\u0259 \u00e7al\u0131\u015f\u0131b. 1955-ci ild\u0259n 1976-c\u0131 il\u0259 q\u0259d\u0259r IV-IX \u00e7a\u011f\u0131r\u0131\u015f SSR\u0130 Ali Sovetl\u0259rinin deputat\u0131 olub. 1956-c\u0131 ild\u0259n 1973-c\u00fc il\u0259 q\u0259d\u0259r Az\u0259rbaycan B\u0259st\u0259karlar \u0130ttifaq\u0131n\u0131n birinci katibi i\u015fl\u0259yib.<\/p>\n<p>Qara Qarayev b\u0259st\u0259kar olmaqla b\u0259rab\u0259r, h\u0259m d\u0259 z\u0259ngin d\u00fcnya g\u00f6r\u00fc\u015f\u00fcn\u0259, ensiklopedik biliy\u0259, f\u0259ls\u0259fi \u00fcmumil\u0259\u015fdirm\u0259l\u0259r\u0259, geni\u015f erudisiyaya, iti z\u0259kaya malik alim, m\u00fct\u0259f\u0259kkir idi. Alimin s\u0131rf musiqi elmin\u0259, n\u0259z\u0259riyy\u0259sin\u0259, estetikaya aid x\u00fcsusi t\u0259dqiqat\u0131 olmasa da, onun z\u0259ngin elmi-publisistik irsi, q\u0131rx il \u0259rzind\u0259 yazd\u0131\u011f\u0131 \u00e7oxlu m\u0259qal\u0259l\u0259ri, resenziyalar\u0131, m\u0259ruz\u0259 v\u0259 \u00e7\u0131x\u0131\u015flar\u0131, m\u00fcsahib\u0259l\u0259ri, inc\u0259s\u0259n\u0259tin bir s\u0131ra vacib probleml\u0259ri &#8211; x\u0259lqilik, millilik, beyn\u0259lmil\u0259l\u00e7ilik, \u0259n\u0259n\u0259, novatorluq, musiqid\u0259 faci\u0259 v\u0259 s. haqq\u0131nda fikirl\u0259ri, d\u00fc\u015f\u00fcnc\u0259l\u0259ri, g\u00f6r\u00fc\u015fl\u0259ri, elmi m\u00fcdd\u0259alar\u0131, ona b\u00f6y\u00fck m\u00fct\u0259f\u0259kkir alim kimi Az\u0259rbaycan musiqi elmind\u0259\u00a0\u015f\u0259r\u0259fli yer tutmas\u0131na haqq qazand\u0131r\u0131b.<\/p>\n<p>Qara Qarayev \u201cV\u0259t\u0259n\u201d, \u201cZ\u0259riflik\u201d operalar\u0131n\u0131n, \u201cYeddi g\u00f6z\u0259l\u201d, \u201c\u0130ld\u0131r\u0131ml\u0131 yollarla\u201d, \u201cLeyli v\u0259 M\u0259cnun\u201d baletl\u0259rinin, \u201cK\u00f6n\u00fcl N\u0259\u011fm\u0259si\u201d, \u201cS\u0259ad\u0259t n\u0259\u011fm\u0259si\u201d, \u201cDostluq himni\u201d kimi kantatalar\u0131n v\u0259 s. \u0259s\u0259rl\u0259rin b\u0259st\u0259kar\u0131d\u0131r.<\/p>\n<p>O, says\u0131z-hesabs\u0131z t\u0259l\u0259b\u0259 yeti\u015fdirib. Onun t\u0259l\u0259b\u0259l\u0259ri y\u00fcks\u0259k professionall\u0131\u011f\u0131 v\u0259 individuall\u0131\u011f\u0131, x\u00fcsusi, \u00f6zl\u0259rin\u0259 m\u0259xsus d\u0259st-x\u0259tti il\u0259 se\u00e7ilibl\u0259r.<\/p>\n<p>Qara Qarayev Tatyana Ne\u00e7ayeva il\u0259 ail\u0259 h\u0259yat\u0131 qurub v\u0259 bu c\u00fctl\u00fckd\u0259n F\u0259r\u0259c adl\u0131 o\u011flu v\u0259 Z\u00fcleyxa adl\u0131 q\u0131z\u0131 d\u00fcnyaya g\u0259lib.<\/p>\n<p>Q.Qarayev 1982-ci il may\u0131n 13-d\u0259 Moskva \u015f\u0259h\u0259rind\u0259 v\u0259fat edib, Bak\u0131da F\u0259xri Xiyabanda d\u0259fn olunub. B\u0259st\u0259kar\u0131n q\u0259bir da\u015f\u0131n\u0131 memar T\u0259l\u0259t Xanlarov haz\u0131rlay\u0131b.<\/p>\n<p>1982-ci ild\u0259 Az\u0259rbaycan D\u00f6vl\u0259t Kamera Orkestrin\u0259 b\u0259st\u0259kar\u0131n ad\u0131 verilib. 1984-c\u00fc ild\u0259 B\u0259st\u0259kar Qara Qarayev g\u0259misi d\u0259niz\u0259 burax\u0131l\u0131b. 1989-cu ild\u0259 8 illik orta musiqi m\u0259kt\u0259bin\u0259 Qara Qarayevin ad\u0131 verilib.<\/p>\n<p>1991-ci ild\u0259 Bak\u0131 \u015f\u0259h\u0259rinin \u201cAvrora\u201d metro stansiyas\u0131n\u0131n ad\u0131 d\u0259yi\u015fil\u0259r\u0259k b\u0259st\u0259kar\u0131n xatir\u0259sin\u0259 Qara Qarayev metrostansiyas\u0131 adland\u0131r\u0131l\u0131b. H\u0259min ild\u0259 Bak\u0131 \u015f\u0259h\u0259rinin k\u00fc\u00e7\u0259l\u0259rind\u0259n birin\u0259 Qara Qarayevin ad\u0131 verilib. 1998-ci ild\u0259 \u201cQara Qarayev\u201d po\u00e7t markas\u0131 burax\u0131l\u0131b.<\/p>\n<p>2007-ci ild\u0259 Qara Qarayev ad\u0131na Beyn\u0259lxalq M\u00fcasir Musiqi Festival\u0131 ke\u00e7irilib. T\u00dcRKSOY 2018-ci ili \u201cQara Qarayev \u0130li\u201d elan edib. 2018-ci il oktyabr\u0131n 1-d\u0259 Bak\u0131n\u0131n Nizami k\u00fc\u00e7\u0259si yerl\u0259\u015f\u0259n ev muzeyinin a\u00e7\u0131l\u0131\u015f m\u0259rasimi olub.<\/p>\n<div class=\"gallery\">\n<div class=\"gallery-i\"><img src=\"https:\/\/cdn.oxu.az\/uploads\/W1siZiIsIjIwMjEvMDIvMDUvMTAvMjEvMDYvNmRjNjZlZWMtYTFjZi00Mzk5LWEzNWYtYmYzNGQyMmNiNDMyLzE0NzAwNjI4OV8zODczMzQ4MzgyNzMwOTk3XzM3MzQ1ODgzODA0MTM2NjQwMDlfby5qcGciXSxbInAiLCJlbmNvZGUiLCJqcGciLCItcXVhbGl0eSA4MCJdLFsicCIsInRodW1iIiwiNTkweDU5MFx1MDAzZSJdXQ?sha=5b330a003053155b\" alt=\"\" \/><\/div>\n<\/div>\n","protected":false},"excerpt":{"rendered":"<p>Bu g\u00fcn Az\u0259rbaycan\u0131n g\u00f6rk\u0259mli b\u0259st\u0259kar\u0131 v\u0259 pedaqoqu Qara Qarayevin anadan olmas\u0131n\u0131n 103-c\u00fc ild\u00f6n\u00fcm\u00fcd\u00fcr. Qara \u018fb\u00fclf\u0259z o\u011flu Qarayev 1918-ci il fevral\u0131n 5-d\u0259 Bak\u0131 \u015f\u0259h\u0259rind\u0259 m\u0259\u015fhur h\u0259kim, t\u0259bab\u0259t professoru \u018fb\u00fclf\u0259z Qarayev v\u0259 Sona xan\u0131m Axundova-Qarayevan\u0131n ail\u0259sind\u0259 anadan olub. Qara Qarayevin atas\u0131 &#8211; \u0259m\u0259kdar elm xadimi, Az\u0259rbaycanda \u0259n \u00f6nc\u00fcl u\u015faq h\u0259kimi v\u0259 Az\u0259rbaycan Demokratik Respublikas\u0131 qurulanad\u0259k diaqnost, daha sonralar is\u0259 n\u0259z\u0259riyy\u0259\u00e7i kimi d\u0259 b\u00f6y\u00fck ad-san qazan\u0131b, anas\u0131 Sona xan\u0131m is\u0259 \u201cM\u00fcq\u0259dd\u0259s Nina\u201d m\u0259kt\u0259binin Bak\u0131 b\u00f6lm\u0259sini bitirib. O, h\u0259m d\u0259 fortepiano ifa\u00e7\u0131l\u0131\u011f\u0131 t\u0259hsili al\u0131b. 1926-c\u0131 ild\u0259 Qara Qarayev Az\u0259rbaycan D\u00f6vl\u0259t Konservatoriyas\u0131 yan\u0131nda musiqi m\u0259kt\u0259bin\u0259&hellip;<\/p>\n","protected":false},"author":2,"featured_media":286848,"comment_status":"closed","ping_status":"closed","sticky":false,"template":"","format":"standard","meta":{"om_disable_all_campaigns":false,"_monsterinsights_skip_tracking":false,"_monsterinsights_sitenote_active":false,"_monsterinsights_sitenote_note":"","_monsterinsights_sitenote_category":0},"categories":[26],"tags":[],"aioseo_notices":[],"gutentor_comment":0,"rttpg_featured_image_url":{"full":["https:\/\/arantv.az\/wp-content\/uploads\/2021\/02\/karaev5_1.jpg",620,397,false],"landscape":["https:\/\/arantv.az\/wp-content\/uploads\/2021\/02\/karaev5_1.jpg",620,397,false],"portraits":["https:\/\/arantv.az\/wp-content\/uploads\/2021\/02\/karaev5_1.jpg",620,397,false],"thumbnail":["https:\/\/arantv.az\/wp-content\/uploads\/2021\/02\/karaev5_1-150x150.jpg",150,150,true],"medium":["https:\/\/arantv.az\/wp-content\/uploads\/2021\/02\/karaev5_1-300x192.jpg",300,192,true],"large":["https:\/\/arantv.az\/wp-content\/uploads\/2021\/02\/karaev5_1.jpg",620,397,false],"1536x1536":["https:\/\/arantv.az\/wp-content\/uploads\/2021\/02\/karaev5_1.jpg",620,397,false],"2048x2048":["https:\/\/arantv.az\/wp-content\/uploads\/2021\/02\/karaev5_1.jpg",620,397,false],"post-thumbnail":["https:\/\/arantv.az\/wp-content\/uploads\/2021\/02\/karaev5_1-240x172.jpg",240,172,true],"advps-thumb-one":["https:\/\/arantv.az\/wp-content\/uploads\/2021\/02\/karaev5_1.jpg",620,397,false]},"rttpg_author":{"display_name":"V\u00fcsal Rafiqo\u011flu","author_link":"https:\/\/arantv.az\/?author=2"},"rttpg_comment":0,"rttpg_category":"<a href=\"https:\/\/arantv.az\/?cat=26\" rel=\"category\">Sosial<\/a>","rttpg_excerpt":"Bu g\u00fcn Az\u0259rbaycan\u0131n g\u00f6rk\u0259mli b\u0259st\u0259kar\u0131 v\u0259 pedaqoqu Qara Qarayevin anadan olmas\u0131n\u0131n 103-c\u00fc ild\u00f6n\u00fcm\u00fcd\u00fcr. Qara \u018fb\u00fclf\u0259z o\u011flu Qarayev 1918-ci il fevral\u0131n 5-d\u0259 Bak\u0131 \u015f\u0259h\u0259rind\u0259 m\u0259\u015fhur h\u0259kim, t\u0259bab\u0259t professoru \u018fb\u00fclf\u0259z Qarayev v\u0259 Sona xan\u0131m Axundova-Qarayevan\u0131n ail\u0259sind\u0259 anadan olub. Qara Qarayevin atas\u0131 &#8211; \u0259m\u0259kdar elm xadimi, Az\u0259rbaycanda \u0259n \u00f6nc\u00fcl u\u015faq h\u0259kimi v\u0259 Az\u0259rbaycan Demokratik Respublikas\u0131 qurulanad\u0259k diaqnost, daha&hellip;","_links":{"self":[{"href":"https:\/\/arantv.az\/index.php?rest_route=\/wp\/v2\/posts\/286847"}],"collection":[{"href":"https:\/\/arantv.az\/index.php?rest_route=\/wp\/v2\/posts"}],"about":[{"href":"https:\/\/arantv.az\/index.php?rest_route=\/wp\/v2\/types\/post"}],"author":[{"embeddable":true,"href":"https:\/\/arantv.az\/index.php?rest_route=\/wp\/v2\/users\/2"}],"replies":[{"embeddable":true,"href":"https:\/\/arantv.az\/index.php?rest_route=%2Fwp%2Fv2%2Fcomments&post=286847"}],"version-history":[{"count":0,"href":"https:\/\/arantv.az\/index.php?rest_route=\/wp\/v2\/posts\/286847\/revisions"}],"wp:featuredmedia":[{"embeddable":true,"href":"https:\/\/arantv.az\/index.php?rest_route=\/wp\/v2\/media\/286848"}],"wp:attachment":[{"href":"https:\/\/arantv.az\/index.php?rest_route=%2Fwp%2Fv2%2Fmedia&parent=286847"}],"wp:term":[{"taxonomy":"category","embeddable":true,"href":"https:\/\/arantv.az\/index.php?rest_route=%2Fwp%2Fv2%2Fcategories&post=286847"},{"taxonomy":"post_tag","embeddable":true,"href":"https:\/\/arantv.az\/index.php?rest_route=%2Fwp%2Fv2%2Ftags&post=286847"}],"curies":[{"name":"wp","href":"https:\/\/api.w.org\/{rel}","templated":true}]}}