{"id":286855,"date":"2021-02-05T09:47:06","date_gmt":"2021-02-05T06:47:06","guid":{"rendered":"http:\/\/arantv.az\/?p=286855"},"modified":"2021-02-05T09:47:06","modified_gmt":"2021-02-05T06:47:06","slug":"az%c9%99rbaycanda-iki-yuks%c9%99k-v%c9%99zif%c9%99y%c9%99-t%c9%99yinat-foto","status":"publish","type":"post","link":"https:\/\/arantv.az\/?p=286855","title":{"rendered":"Az\u0259rbaycanda iki y\u00fcks\u0259k v\u0259zif\u0259y\u0259 t\u0259yinat &#8211; FOTO"},"content":{"rendered":"<p>N\u0259qliyyat, Rabit\u0259 v\u0259 Y\u00fcks\u0259k Texnologiyalar Nazirliyi yan\u0131nda \u201cAz\u0259rpo\u00e7t\u201d MMC-y\u0259 iki yeni ba\u015f direktor m\u00fcavini t\u0259yin edilib.<\/p>\n<p><strong>ARANTV.AZ<\/strong>-\u0131n m\u0259lumat\u0131na g\u00f6r\u0259, S\u00fcleymanov Nazim S\u00fcleyman o\u011flu v\u0259 C\u0259lilov \u018ffqan S\u00fcleyman o\u011flu \u201cAz\u0259rpo\u00e7t\u201d MMC-d\u0259 ba\u015f direktor m\u00fcavini v\u0259zif\u0259sin\u0259 t\u0259yin olunublar.<\/p>\n<p>Onlar t\u0259yinat \u00fczr\u0259 \u00fc\u00e7 fevral tarixind\u0259n v\u0259zif\u0259l\u0259rini icra etm\u0259y\u0259 ba\u015flay\u0131blar. Haz\u0131rda\u00a0\u201cAz\u0259rpo\u00e7t\u201d MMC-d\u0259 ba\u015f direktor m\u00fcavini v\u0259zif\u0259sini icra ed\u0259nl\u0259rin say\u0131 be\u015f\u0259 \u00e7atd\u0131r\u0131l\u0131b.<\/p>\n<div id=\"AdviadNativeVideo0\" class=\"AdviadNativeVideo\"><\/div>\n<p>Bel\u0259 ki, S\u00fcleymanov Nazim S\u00fcleyman o\u011flu 1993-2006-c\u0131 ill\u0259rd\u0259 Az\u0259rbaycan Respublikas\u0131 Milli Bank\u0131nda ba\u015f iqtisad\u00e7\u0131, Az\u0259rbaycan S\u0259naye-\u0130nvestisiya S\u0259hmdar Kommersiya Bank\u0131nda apar\u0131c\u0131 iqtisad\u00e7\u0131, idar\u0259 r\u0259isinin m\u00fcavini, Beyn\u0259lxalq bank \u0259m\u0259liyyatlar\u0131 idar\u0259sinin r\u0259isi, Beyn\u0259lxalq bank \u0259m\u0259liyyatlar\u0131 departamentinin direktoru, Birl\u0259\u015fmi\u015f \u0130nvestisiya S\u0259hmdar Bank\u0131nda Beyn\u0259lxalq \u0259m\u0259liyyatlar departamentinin direktoru, Birl\u0259\u015fmi\u015f Universal S\u0259hmdar Bank\u0131nda \u018fm\u0259liyyatlar blokunun ba\u015f direktoru, \u201cAtaBank\u201d A\u00e7\u0131q S\u0259hmdar C\u0259miyy\u0259tind\u0259 \u0130dar\u0259 Hey\u0259ti s\u0259drinin m\u00fcavini v\u0259zif\u0259l\u0259rind\u0259 i\u015fl\u0259yib. 2006-2019-cu ill\u0259rd\u0259 \u201cAz\u0259rpo\u00e7t\u201d MMC-d\u0259 \u00e7al\u0131\u015f\u0131b. 2019-cu ild\u0259 M\u0259rk\u0259zi Bank\u0131n \u00d6d\u0259ni\u015f sisteml\u0259ri v\u0259 hesabla\u015fmalar departamentinin direktor m\u00fcavini t\u0259yin olunub.<\/p>\n<p><img src=\"https:\/\/cdn.oxu.az\/uploads\/W1siZiIsIjIwMjEvMDIvMDUvMTAvMzMvMTkvMTNlMWEwNWYtMDNlYS00YWZkLWJiNWItODAzZWI1ZTJiOGMxL3RleWluYXQxLmpwZyJdLFsicCIsImVuY29kZSIsImpwZyIsIi1xdWFsaXR5IDgwIl0sWyJwIiwidGh1bWIiLCI1OTB4NTkwXHUwMDNlIl1d?sha=24dbddb73a25806c\" alt=\"\" \/><\/p>\n<p>C\u0259lilov \u018ffqan S\u00fcleyman o\u011flu 2002-2005-ci ill\u0259rd\u0259 Milli Bank\u0131n Bazar \u018fm\u0259liyyatlar\u0131 departamentind\u0259 \u00e7al\u0131\u015f\u0131b. 2005-2013-c\u00fc ill\u0259rd\u0259 \u201cAGBank\u201d A\u00e7\u0131q S\u0259hmdar C\u0259miyy\u0259tinin Metodologiya \u015f\u00f6b\u0259sinin r\u0259isi, \u0130nki\u015faf departamentinin direktoru, Maliyy\u0259 N\u0259zar\u0259ti \u00fczr\u0259 Ba\u015f direktor v\u0259zif\u0259sind\u0259 i\u015fl\u0259yib. 2013-c\u00fc ild\u0259 \u201cAGBank\u201d ASC-d\u0259 \u0130dar\u0259 Hey\u0259ti s\u0259drinin m\u00fcavini t\u0259yin edilib. 2016-2020-ci ill\u0259rd\u0259 \u201cAGBank\u201d ASC-d\u0259 \u0130dar\u0259 Hey\u0259tinin s\u0259dri v\u0259zif\u0259sind\u0259 i\u015fl\u0259yib.<\/p>\n<p><img src=\"https:\/\/cdn.oxu.az\/uploads\/W1siZiIsIjIwMjEvMDIvMDUvMTAvMzMvMTkvM2RlMDkxZDQtZGIwOC00ZDE4LWEzYTctNjE0MjI4YmI1NDE4L3RleWluYXQyLmpwZyJdLFsicCIsImVuY29kZSIsImpwZyIsIi1xdWFsaXR5IDgwIl0sWyJwIiwidGh1bWIiLCI1OTB4NTkwXHUwMDNlIl1d?sha=dadab22bc37a1d2f\" alt=\"\" \/><\/p>\n","protected":false},"excerpt":{"rendered":"<p>N\u0259qliyyat, Rabit\u0259 v\u0259 Y\u00fcks\u0259k Texnologiyalar Nazirliyi yan\u0131nda \u201cAz\u0259rpo\u00e7t\u201d MMC-y\u0259 iki yeni ba\u015f direktor m\u00fcavini t\u0259yin edilib. ARANTV.AZ-\u0131n m\u0259lumat\u0131na g\u00f6r\u0259, S\u00fcleymanov Nazim S\u00fcleyman o\u011flu v\u0259 C\u0259lilov \u018ffqan S\u00fcleyman o\u011flu \u201cAz\u0259rpo\u00e7t\u201d MMC-d\u0259 ba\u015f direktor m\u00fcavini v\u0259zif\u0259sin\u0259 t\u0259yin olunublar. Onlar t\u0259yinat \u00fczr\u0259 \u00fc\u00e7 fevral tarixind\u0259n v\u0259zif\u0259l\u0259rini icra etm\u0259y\u0259 ba\u015flay\u0131blar. Haz\u0131rda\u00a0\u201cAz\u0259rpo\u00e7t\u201d MMC-d\u0259 ba\u015f direktor m\u00fcavini v\u0259zif\u0259sini icra ed\u0259nl\u0259rin say\u0131 be\u015f\u0259 \u00e7atd\u0131r\u0131l\u0131b. Bel\u0259 ki, S\u00fcleymanov Nazim S\u00fcleyman o\u011flu 1993-2006-c\u0131 ill\u0259rd\u0259 Az\u0259rbaycan Respublikas\u0131 Milli Bank\u0131nda ba\u015f iqtisad\u00e7\u0131, Az\u0259rbaycan S\u0259naye-\u0130nvestisiya S\u0259hmdar Kommersiya Bank\u0131nda apar\u0131c\u0131 iqtisad\u00e7\u0131, idar\u0259 r\u0259isinin m\u00fcavini, Beyn\u0259lxalq bank \u0259m\u0259liyyatlar\u0131 idar\u0259sinin r\u0259isi, Beyn\u0259lxalq bank \u0259m\u0259liyyatlar\u0131 departamentinin&hellip;<\/p>\n","protected":false},"author":2,"featured_media":286856,"comment_status":"closed","ping_status":"closed","sticky":false,"template":"","format":"standard","meta":{"om_disable_all_campaigns":false,"_monsterinsights_skip_tracking":false,"_monsterinsights_sitenote_active":false,"_monsterinsights_sitenote_note":"","_monsterinsights_sitenote_category":0},"categories":[19],"tags":[],"aioseo_notices":[],"gutentor_comment":0,"rttpg_featured_image_url":{"full":["https:\/\/arantv.az\/wp-content\/uploads\/2021\/02\/1515772824267356481_1000x669.jpg",620,412,false],"landscape":["https:\/\/arantv.az\/wp-content\/uploads\/2021\/02\/1515772824267356481_1000x669.jpg",620,412,false],"portraits":["https:\/\/arantv.az\/wp-content\/uploads\/2021\/02\/1515772824267356481_1000x669.jpg",620,412,false],"thumbnail":["https:\/\/arantv.az\/wp-content\/uploads\/2021\/02\/1515772824267356481_1000x669-150x150.jpg",150,150,true],"medium":["https:\/\/arantv.az\/wp-content\/uploads\/2021\/02\/1515772824267356481_1000x669-300x199.jpg",300,199,true],"large":["https:\/\/arantv.az\/wp-content\/uploads\/2021\/02\/1515772824267356481_1000x669.jpg",620,412,false],"1536x1536":["https:\/\/arantv.az\/wp-content\/uploads\/2021\/02\/1515772824267356481_1000x669.jpg",620,412,false],"2048x2048":["https:\/\/arantv.az\/wp-content\/uploads\/2021\/02\/1515772824267356481_1000x669.jpg",620,412,false],"post-thumbnail":["https:\/\/arantv.az\/wp-content\/uploads\/2021\/02\/1515772824267356481_1000x669-240x172.jpg",240,172,true],"advps-thumb-one":["https:\/\/arantv.az\/wp-content\/uploads\/2021\/02\/1515772824267356481_1000x669.jpg",620,412,false]},"rttpg_author":{"display_name":"V\u00fcsal Rafiqo\u011flu","author_link":"https:\/\/arantv.az\/?author=2"},"rttpg_comment":0,"rttpg_category":"<a href=\"https:\/\/arantv.az\/?cat=19\" rel=\"category\">G\u00fcnd\u0259m<\/a>","rttpg_excerpt":"N\u0259qliyyat, Rabit\u0259 v\u0259 Y\u00fcks\u0259k Texnologiyalar Nazirliyi yan\u0131nda \u201cAz\u0259rpo\u00e7t\u201d MMC-y\u0259 iki yeni ba\u015f direktor m\u00fcavini t\u0259yin edilib. ARANTV.AZ-\u0131n m\u0259lumat\u0131na g\u00f6r\u0259, S\u00fcleymanov Nazim S\u00fcleyman o\u011flu v\u0259 C\u0259lilov \u018ffqan S\u00fcleyman o\u011flu \u201cAz\u0259rpo\u00e7t\u201d MMC-d\u0259 ba\u015f direktor m\u00fcavini v\u0259zif\u0259sin\u0259 t\u0259yin olunublar. Onlar t\u0259yinat \u00fczr\u0259 \u00fc\u00e7 fevral tarixind\u0259n v\u0259zif\u0259l\u0259rini icra etm\u0259y\u0259 ba\u015flay\u0131blar. Haz\u0131rda\u00a0\u201cAz\u0259rpo\u00e7t\u201d MMC-d\u0259 ba\u015f direktor m\u00fcavini v\u0259zif\u0259sini icra ed\u0259nl\u0259rin say\u0131&hellip;","_links":{"self":[{"href":"https:\/\/arantv.az\/index.php?rest_route=\/wp\/v2\/posts\/286855"}],"collection":[{"href":"https:\/\/arantv.az\/index.php?rest_route=\/wp\/v2\/posts"}],"about":[{"href":"https:\/\/arantv.az\/index.php?rest_route=\/wp\/v2\/types\/post"}],"author":[{"embeddable":true,"href":"https:\/\/arantv.az\/index.php?rest_route=\/wp\/v2\/users\/2"}],"replies":[{"embeddable":true,"href":"https:\/\/arantv.az\/index.php?rest_route=%2Fwp%2Fv2%2Fcomments&post=286855"}],"version-history":[{"count":0,"href":"https:\/\/arantv.az\/index.php?rest_route=\/wp\/v2\/posts\/286855\/revisions"}],"wp:featuredmedia":[{"embeddable":true,"href":"https:\/\/arantv.az\/index.php?rest_route=\/wp\/v2\/media\/286856"}],"wp:attachment":[{"href":"https:\/\/arantv.az\/index.php?rest_route=%2Fwp%2Fv2%2Fmedia&parent=286855"}],"wp:term":[{"taxonomy":"category","embeddable":true,"href":"https:\/\/arantv.az\/index.php?rest_route=%2Fwp%2Fv2%2Fcategories&post=286855"},{"taxonomy":"post_tag","embeddable":true,"href":"https:\/\/arantv.az\/index.php?rest_route=%2Fwp%2Fv2%2Ftags&post=286855"}],"curies":[{"name":"wp","href":"https:\/\/api.w.org\/{rel}","templated":true}]}}