{"id":286859,"date":"2021-02-05T09:48:27","date_gmt":"2021-02-05T06:48:27","guid":{"rendered":"http:\/\/arantv.az\/?p=286859"},"modified":"2021-02-05T09:48:27","modified_gmt":"2021-02-05T06:48:27","slug":"rusiyada-aksiyalar-yazad%c9%99k-dayandirilir","status":"publish","type":"post","link":"https:\/\/arantv.az\/?p=286859","title":{"rendered":"Rusiyada aksiyalar yazad\u0259k dayand\u0131r\u0131l\u0131r"},"content":{"rendered":"<p><strong>Yax\u0131n bir ne\u00e7\u0259 h\u0259ft\u0259 \u0259rzind\u0259 Rusiyada geni\u015fmiqyasl\u0131 etiraz aksiyalar\u0131 t\u0259\u015fkil olunmayacaq.<\/strong><\/p>\n<p><strong>ARANTV.AZ<\/strong> qafqazinfo-ya istinad\u0259n x\u0259b\u0259r verir ki,\u00a0bunu &#8220;Navaln\u0131 regional q\u0259rargah \u015f\u0259b\u0259k\u0259si&#8221;nin r\u0259hb\u0259ri Leonid Volkov sosial \u015f\u0259b\u0259k\u0259d\u0259 yaz\u0131b:<\/p>\n<p>&#8220;Navaln\u0131n\u0131n q\u0259rargah \u015f\u0259b\u0259k\u0259si yax\u0131n bir ne\u00e7\u0259 h\u0259ft\u0259 \u0259rzind\u0259 yeni \u00fcmumrusiya aksiyalar\u0131 t\u0259\u015fkil etm\u0259y\u0259c\u0259k, amma bunu m\u00fctl\u0259q yazda ed\u0259c\u0259k&#8221;.<\/p>\n<p>Xat\u0131rladaq ki, yanvar\u0131n 23-d\u0259 m\u00fcxalif\u0259t\u00e7i bloger Aleksey Navaln\u0131n\u0131n h\u0259bsin\u0259 etiraz olaraq Rusiyan\u0131n m\u00fcxt\u0259lif \u015f\u0259h\u0259rl\u0259rind\u0259 aksiyalar ke\u00e7irilib v\u0259 bu aksiyalar 31 yanvarad\u0259k davam edib. Fevral\u0131n 2-d\u0259 m\u0259hk\u0259m\u0259nin Navaln\u0131 il\u0259 ba\u011fl\u0131 3,5 illik h\u0259bs q\u0259rar\u0131ndan sonra da etiraz aksiyalar\u0131 yenid\u0259n ba\u015flam\u0131\u015fd\u0131.<\/p>\n","protected":false},"excerpt":{"rendered":"<p>Yax\u0131n bir ne\u00e7\u0259 h\u0259ft\u0259 \u0259rzind\u0259 Rusiyada geni\u015fmiqyasl\u0131 etiraz aksiyalar\u0131 t\u0259\u015fkil olunmayacaq. ARANTV.AZ qafqazinfo-ya istinad\u0259n x\u0259b\u0259r verir ki,\u00a0bunu &#8220;Navaln\u0131 regional q\u0259rargah \u015f\u0259b\u0259k\u0259si&#8221;nin r\u0259hb\u0259ri Leonid Volkov sosial \u015f\u0259b\u0259k\u0259d\u0259 yaz\u0131b: &#8220;Navaln\u0131n\u0131n q\u0259rargah \u015f\u0259b\u0259k\u0259si yax\u0131n bir ne\u00e7\u0259 h\u0259ft\u0259 \u0259rzind\u0259 yeni \u00fcmumrusiya aksiyalar\u0131 t\u0259\u015fkil etm\u0259y\u0259c\u0259k, amma bunu m\u00fctl\u0259q yazda ed\u0259c\u0259k&#8221;. Xat\u0131rladaq ki, yanvar\u0131n 23-d\u0259 m\u00fcxalif\u0259t\u00e7i bloger Aleksey Navaln\u0131n\u0131n h\u0259bsin\u0259 etiraz olaraq Rusiyan\u0131n m\u00fcxt\u0259lif \u015f\u0259h\u0259rl\u0259rind\u0259 aksiyalar ke\u00e7irilib v\u0259 bu aksiyalar 31 yanvarad\u0259k davam edib. Fevral\u0131n 2-d\u0259 m\u0259hk\u0259m\u0259nin Navaln\u0131 il\u0259 ba\u011fl\u0131 3,5 illik h\u0259bs q\u0259rar\u0131ndan sonra da etiraz aksiyalar\u0131 yenid\u0259n ba\u015flam\u0131\u015fd\u0131.<\/p>\n","protected":false},"author":2,"featured_media":286860,"comment_status":"closed","ping_status":"closed","sticky":false,"template":"","format":"standard","meta":{"om_disable_all_campaigns":false,"_monsterinsights_skip_tracking":false,"_monsterinsights_sitenote_active":false,"_monsterinsights_sitenote_note":"","_monsterinsights_sitenote_category":0},"categories":[7],"tags":[],"aioseo_notices":[],"gutentor_comment":0,"rttpg_featured_image_url":{"full":["https:\/\/arantv.az\/wp-content\/uploads\/2021\/02\/919702.jpg",800,600,false],"landscape":["https:\/\/arantv.az\/wp-content\/uploads\/2021\/02\/919702.jpg",800,600,false],"portraits":["https:\/\/arantv.az\/wp-content\/uploads\/2021\/02\/919702.jpg",800,600,false],"thumbnail":["https:\/\/arantv.az\/wp-content\/uploads\/2021\/02\/919702-150x150.jpg",150,150,true],"medium":["https:\/\/arantv.az\/wp-content\/uploads\/2021\/02\/919702-300x225.jpg",300,225,true],"large":["https:\/\/arantv.az\/wp-content\/uploads\/2021\/02\/919702.jpg",640,480,false],"1536x1536":["https:\/\/arantv.az\/wp-content\/uploads\/2021\/02\/919702.jpg",800,600,false],"2048x2048":["https:\/\/arantv.az\/wp-content\/uploads\/2021\/02\/919702.jpg",800,600,false],"post-thumbnail":["https:\/\/arantv.az\/wp-content\/uploads\/2021\/02\/919702-240x172.jpg",240,172,true],"advps-thumb-one":["https:\/\/arantv.az\/wp-content\/uploads\/2021\/02\/919702.jpg",800,600,false]},"rttpg_author":{"display_name":"V\u00fcsal Rafiqo\u011flu","author_link":"https:\/\/arantv.az\/?author=2"},"rttpg_comment":0,"rttpg_category":"<a href=\"https:\/\/arantv.az\/?cat=7\" rel=\"category\">D\u00fcnya<\/a>","rttpg_excerpt":"Yax\u0131n bir ne\u00e7\u0259 h\u0259ft\u0259 \u0259rzind\u0259 Rusiyada geni\u015fmiqyasl\u0131 etiraz aksiyalar\u0131 t\u0259\u015fkil olunmayacaq. ARANTV.AZ qafqazinfo-ya istinad\u0259n x\u0259b\u0259r verir ki,\u00a0bunu &#8220;Navaln\u0131 regional q\u0259rargah \u015f\u0259b\u0259k\u0259si&#8221;nin r\u0259hb\u0259ri Leonid Volkov sosial \u015f\u0259b\u0259k\u0259d\u0259 yaz\u0131b: &#8220;Navaln\u0131n\u0131n q\u0259rargah \u015f\u0259b\u0259k\u0259si yax\u0131n bir ne\u00e7\u0259 h\u0259ft\u0259 \u0259rzind\u0259 yeni \u00fcmumrusiya aksiyalar\u0131 t\u0259\u015fkil etm\u0259y\u0259c\u0259k, amma bunu m\u00fctl\u0259q yazda ed\u0259c\u0259k&#8221;. Xat\u0131rladaq ki, yanvar\u0131n 23-d\u0259 m\u00fcxalif\u0259t\u00e7i bloger Aleksey Navaln\u0131n\u0131n h\u0259bsin\u0259 etiraz&hellip;","_links":{"self":[{"href":"https:\/\/arantv.az\/index.php?rest_route=\/wp\/v2\/posts\/286859"}],"collection":[{"href":"https:\/\/arantv.az\/index.php?rest_route=\/wp\/v2\/posts"}],"about":[{"href":"https:\/\/arantv.az\/index.php?rest_route=\/wp\/v2\/types\/post"}],"author":[{"embeddable":true,"href":"https:\/\/arantv.az\/index.php?rest_route=\/wp\/v2\/users\/2"}],"replies":[{"embeddable":true,"href":"https:\/\/arantv.az\/index.php?rest_route=%2Fwp%2Fv2%2Fcomments&post=286859"}],"version-history":[{"count":0,"href":"https:\/\/arantv.az\/index.php?rest_route=\/wp\/v2\/posts\/286859\/revisions"}],"wp:featuredmedia":[{"embeddable":true,"href":"https:\/\/arantv.az\/index.php?rest_route=\/wp\/v2\/media\/286860"}],"wp:attachment":[{"href":"https:\/\/arantv.az\/index.php?rest_route=%2Fwp%2Fv2%2Fmedia&parent=286859"}],"wp:term":[{"taxonomy":"category","embeddable":true,"href":"https:\/\/arantv.az\/index.php?rest_route=%2Fwp%2Fv2%2Fcategories&post=286859"},{"taxonomy":"post_tag","embeddable":true,"href":"https:\/\/arantv.az\/index.php?rest_route=%2Fwp%2Fv2%2Ftags&post=286859"}],"curies":[{"name":"wp","href":"https:\/\/api.w.org\/{rel}","templated":true}]}}