{"id":286868,"date":"2021-02-05T09:50:53","date_gmt":"2021-02-05T06:50:53","guid":{"rendered":"http:\/\/arantv.az\/?p=286868"},"modified":"2021-02-05T09:50:53","modified_gmt":"2021-02-05T06:50:53","slug":"allahverdi-bagirovun-m%c9%99zari-bel%c9%99-olacaq-foto","status":"publish","type":"post","link":"https:\/\/arantv.az\/?p=286868","title":{"rendered":"Allahverdi Ba\u011f\u0131rovun m\u0259zar\u0131 bel\u0259 olacaq &#8211; FOTO"},"content":{"rendered":"<p><strong>Allahverdi Ba\u011f\u0131rovun m\u0259zar\u0131 b\u0259rpa olunacaq.<\/strong><\/p>\n<p><strong>ARANTV.AZ\u00a0<\/strong>\u00a0<a href=\"https:\/\/az.trend.az\/\" target=\"_blank\" rel=\"noopener\">Trend<\/a>-\u0259 istinad\u0259n bildirir ki,\u00a0Milli Q\u0259hr\u0259man\u0131n A\u011fdamda yerl\u0259\u015f\u0259n q\u0259bri \u00fcz\u0259rind\u0259 m\u0259zar kompleksi in\u015fa edil\u0259c\u0259k.<\/p>\n<p>Xat\u0131rladaq ki, Allahverdi Ba\u011f\u0131rov 1992-ci ilin 14 iyununda minaya d\u00fc\u015f\u0259r\u0259k \u015f\u0259hid olub. H\u0259min vaxt Allahverdi Ba\u011f\u0131rov A\u011fdam\u0131n \u015e\u0259hidl\u0259r Xiyaban\u0131nda d\u0259fn edilib. M\u00fcharib\u0259 vaxt\u0131 Ba\u011f\u0131rovun m\u0259zar\u0131n\u0131n \u00fcz\u0259rin\u0259 beton t\u00f6k\u00fcls\u0259 d\u0259, ona ba\u015f da\u015f\u0131 qoyulmam\u0131\u015fd\u0131.<\/p>\n<p>Qeyd ed\u0259k ki, V\u0259t\u0259n m\u00fcharib\u0259sind\u0259n sonra A\u011fdam i\u015f\u011faldan azad olundu v\u0259 Allahverdi Ba\u011f\u0131rovun yadi\u011far\u0131 iki q\u0131z\u0131 27 il sonra atalar\u0131n\u0131n m\u0259zar\u0131n\u0131 ziyar\u0259t etmi\u015fdil\u0259r.<\/p>\n<h4><\/h4>\n<div class=\"article-gallery\">\n<div class=\"lSSlideOuter \">\n<div class=\"lSSlideWrapper usingCss\">\n<ul class=\"images-list lightSlider lsGrab lSSlide\">\n<li class=\"lslide active\" data-src=\"https:\/\/img.milli.az\/2021\/02\/05\/919754_01.jpg\" data-fancybox=\"919754\"><img src=\"https:\/\/img.milli.az\/2021\/02\/05\/919754_01.jpg\" alt=\"\" \/><\/li>\n<li class=\"lslide\" data-src=\"https:\/\/img.milli.az\/2021\/02\/05\/919754_02.jpg\" data-fancybox=\"919754\"><img src=\"https:\/\/img.milli.az\/2021\/02\/05\/919754_02.jpg\" alt=\"\" \/><\/li>\n<\/ul>\n<div class=\"lSAction\"><\/div>\n<\/div>\n<\/div>\n<div class=\"lSSlideOuter \">\n<div class=\"lSSlideWrapper usingCss\"><\/div>\n<\/div>\n<\/div>\n<div class=\"news-bottom-adv-wrapper\">\n<div class=\"adv-left\"><\/div>\n<div class=\"adv-right\"><\/div>\n<\/div>\n","protected":false},"excerpt":{"rendered":"<p>Allahverdi Ba\u011f\u0131rovun m\u0259zar\u0131 b\u0259rpa olunacaq. ARANTV.AZ\u00a0\u00a0Trend-\u0259 istinad\u0259n bildirir ki,\u00a0Milli Q\u0259hr\u0259man\u0131n A\u011fdamda yerl\u0259\u015f\u0259n q\u0259bri \u00fcz\u0259rind\u0259 m\u0259zar kompleksi in\u015fa edil\u0259c\u0259k. Xat\u0131rladaq ki, Allahverdi Ba\u011f\u0131rov 1992-ci ilin 14 iyununda minaya d\u00fc\u015f\u0259r\u0259k \u015f\u0259hid olub. H\u0259min vaxt Allahverdi Ba\u011f\u0131rov A\u011fdam\u0131n \u015e\u0259hidl\u0259r Xiyaban\u0131nda d\u0259fn edilib. M\u00fcharib\u0259 vaxt\u0131 Ba\u011f\u0131rovun m\u0259zar\u0131n\u0131n \u00fcz\u0259rin\u0259 beton t\u00f6k\u00fcls\u0259 d\u0259, ona ba\u015f da\u015f\u0131 qoyulmam\u0131\u015fd\u0131. Qeyd ed\u0259k ki, V\u0259t\u0259n m\u00fcharib\u0259sind\u0259n sonra A\u011fdam i\u015f\u011faldan azad olundu v\u0259 Allahverdi Ba\u011f\u0131rovun yadi\u011far\u0131 iki q\u0131z\u0131 27 il sonra atalar\u0131n\u0131n m\u0259zar\u0131n\u0131 ziyar\u0259t etmi\u015fdil\u0259r.<\/p>\n","protected":false},"author":2,"featured_media":286869,"comment_status":"closed","ping_status":"closed","sticky":false,"template":"","format":"standard","meta":{"om_disable_all_campaigns":false,"_monsterinsights_skip_tracking":false,"_monsterinsights_sitenote_active":false,"_monsterinsights_sitenote_note":"","_monsterinsights_sitenote_category":0},"categories":[26],"tags":[],"aioseo_notices":[],"gutentor_comment":0,"rttpg_featured_image_url":{"full":["https:\/\/arantv.az\/wp-content\/uploads\/2021\/02\/919754.jpg",800,600,false],"landscape":["https:\/\/arantv.az\/wp-content\/uploads\/2021\/02\/919754.jpg",800,600,false],"portraits":["https:\/\/arantv.az\/wp-content\/uploads\/2021\/02\/919754.jpg",800,600,false],"thumbnail":["https:\/\/arantv.az\/wp-content\/uploads\/2021\/02\/919754-150x150.jpg",150,150,true],"medium":["https:\/\/arantv.az\/wp-content\/uploads\/2021\/02\/919754-300x225.jpg",300,225,true],"large":["https:\/\/arantv.az\/wp-content\/uploads\/2021\/02\/919754.jpg",640,480,false],"1536x1536":["https:\/\/arantv.az\/wp-content\/uploads\/2021\/02\/919754.jpg",800,600,false],"2048x2048":["https:\/\/arantv.az\/wp-content\/uploads\/2021\/02\/919754.jpg",800,600,false],"post-thumbnail":["https:\/\/arantv.az\/wp-content\/uploads\/2021\/02\/919754-240x172.jpg",240,172,true],"advps-thumb-one":["https:\/\/arantv.az\/wp-content\/uploads\/2021\/02\/919754.jpg",800,600,false]},"rttpg_author":{"display_name":"V\u00fcsal Rafiqo\u011flu","author_link":"https:\/\/arantv.az\/?author=2"},"rttpg_comment":0,"rttpg_category":"<a href=\"https:\/\/arantv.az\/?cat=26\" rel=\"category\">Sosial<\/a>","rttpg_excerpt":"Allahverdi Ba\u011f\u0131rovun m\u0259zar\u0131 b\u0259rpa olunacaq. ARANTV.AZ\u00a0\u00a0Trend-\u0259 istinad\u0259n bildirir ki,\u00a0Milli Q\u0259hr\u0259man\u0131n A\u011fdamda yerl\u0259\u015f\u0259n q\u0259bri \u00fcz\u0259rind\u0259 m\u0259zar kompleksi in\u015fa edil\u0259c\u0259k. Xat\u0131rladaq ki, Allahverdi Ba\u011f\u0131rov 1992-ci ilin 14 iyununda minaya d\u00fc\u015f\u0259r\u0259k \u015f\u0259hid olub. H\u0259min vaxt Allahverdi Ba\u011f\u0131rov A\u011fdam\u0131n \u015e\u0259hidl\u0259r Xiyaban\u0131nda d\u0259fn edilib. M\u00fcharib\u0259 vaxt\u0131 Ba\u011f\u0131rovun m\u0259zar\u0131n\u0131n \u00fcz\u0259rin\u0259 beton t\u00f6k\u00fcls\u0259 d\u0259, ona ba\u015f da\u015f\u0131 qoyulmam\u0131\u015fd\u0131. Qeyd ed\u0259k ki, V\u0259t\u0259n&hellip;","_links":{"self":[{"href":"https:\/\/arantv.az\/index.php?rest_route=\/wp\/v2\/posts\/286868"}],"collection":[{"href":"https:\/\/arantv.az\/index.php?rest_route=\/wp\/v2\/posts"}],"about":[{"href":"https:\/\/arantv.az\/index.php?rest_route=\/wp\/v2\/types\/post"}],"author":[{"embeddable":true,"href":"https:\/\/arantv.az\/index.php?rest_route=\/wp\/v2\/users\/2"}],"replies":[{"embeddable":true,"href":"https:\/\/arantv.az\/index.php?rest_route=%2Fwp%2Fv2%2Fcomments&post=286868"}],"version-history":[{"count":0,"href":"https:\/\/arantv.az\/index.php?rest_route=\/wp\/v2\/posts\/286868\/revisions"}],"wp:featuredmedia":[{"embeddable":true,"href":"https:\/\/arantv.az\/index.php?rest_route=\/wp\/v2\/media\/286869"}],"wp:attachment":[{"href":"https:\/\/arantv.az\/index.php?rest_route=%2Fwp%2Fv2%2Fmedia&parent=286868"}],"wp:term":[{"taxonomy":"category","embeddable":true,"href":"https:\/\/arantv.az\/index.php?rest_route=%2Fwp%2Fv2%2Fcategories&post=286868"},{"taxonomy":"post_tag","embeddable":true,"href":"https:\/\/arantv.az\/index.php?rest_route=%2Fwp%2Fv2%2Ftags&post=286868"}],"curies":[{"name":"wp","href":"https:\/\/api.w.org\/{rel}","templated":true}]}}