{"id":286872,"date":"2021-02-05T09:51:35","date_gmt":"2021-02-05T06:51:35","guid":{"rendered":"http:\/\/arantv.az\/?p=286872"},"modified":"2021-02-05T09:51:35","modified_gmt":"2021-02-05T06:51:35","slug":"avropa-olk%c9%99l%c9%99ri-etiraza-qalxdi-video","status":"publish","type":"post","link":"https:\/\/arantv.az\/?p=286872","title":{"rendered":"Avropa \u00f6lk\u0259l\u0259ri etiraza qalxd\u0131 &#8211; V\u0130DEO"},"content":{"rendered":"<article class=\"news\">\n<div class=\"news-inner\">\n<p>Yunan\u0131standa \u0259hali yeni t\u0259hsil qanununa qar\u015f\u0131 etiraza qalx\u0131b.<\/p>\n<p>\u201cRossiya 24\u201d x\u0259b\u0259r verir ki,\u00a0Afinada parlament binas\u0131n\u0131n qar\u015f\u0131s\u0131na y\u00fczl\u0259rl\u0259 insan toplan\u0131b.<\/p>\n<p>Qeyd edilir ki, etiraz aksiyalar\u0131 polisl\u0259 toqqu\u015fma il\u0259 n\u0259tic\u0259l\u0259nib. \u0130zdiham g\u00f6zya\u015fard\u0131c\u0131 qazla da\u011f\u0131d\u0131l\u0131b.<\/p>\n<div id=\"AdviadNativeVideo0\" class=\"AdviadNativeVideo\"><\/div>\n<p>Selanikd\u0259 etirazlarda\u00a0yeni t\u0259hsil qanununa qar\u015f\u0131 \u00e7\u0131xan\u00a0onlara adam n\u0259zar\u0259t\u0259 al\u0131n\u0131b. \u018fg\u0259r qanun q\u0259bul edils\u0259, Yunan\u0131stan universitetl\u0259rinin \u00f6z polisi olacaq.<\/p>\n<p>Fransada \u00fcmummilli t\u0259til ke\u00e7irilir. \u00d6lk\u0259d\u0259 minl\u0259rl\u0259 insan pandemiya fonunda s\u0259lahiyy\u0259tlil\u0259rin siyas\u0259tin\u0259 etiraz edir.<\/p>\n<p>Almaniyan\u0131n paytaxt\u0131\u00a0Berlind\u0259 antifa\u015fist h\u0259r\u0259katlar\u0131 kovid-dissidentl\u0259r\u0259 qar\u015f\u0131 y\u00fcr\u00fc\u015f ke\u00e7iribl\u0259r.<\/p>\n<div><iframe loading=\"lazy\" src=\"https:\/\/player.baku.tv\/embed\/33219\" width=\"560\" height=\"315\" frameborder=\"0\" allowfullscreen=\"allowfullscreen\" data-mce-fragment=\"1\"><\/iframe><\/div>\n<\/div>\n<\/article>\n<h2 class=\"news-share-title\"><\/h2>\n","protected":false},"excerpt":{"rendered":"<p>Yunan\u0131standa \u0259hali yeni t\u0259hsil qanununa qar\u015f\u0131 etiraza qalx\u0131b. \u201cRossiya 24\u201d x\u0259b\u0259r verir ki,\u00a0Afinada parlament binas\u0131n\u0131n qar\u015f\u0131s\u0131na y\u00fczl\u0259rl\u0259 insan toplan\u0131b. Qeyd edilir ki, etiraz aksiyalar\u0131 polisl\u0259 toqqu\u015fma il\u0259 n\u0259tic\u0259l\u0259nib. \u0130zdiham g\u00f6zya\u015fard\u0131c\u0131 qazla da\u011f\u0131d\u0131l\u0131b. Selanikd\u0259 etirazlarda\u00a0yeni t\u0259hsil qanununa qar\u015f\u0131 \u00e7\u0131xan\u00a0onlara adam n\u0259zar\u0259t\u0259 al\u0131n\u0131b. \u018fg\u0259r qanun q\u0259bul edils\u0259, Yunan\u0131stan universitetl\u0259rinin \u00f6z polisi olacaq. Fransada \u00fcmummilli t\u0259til ke\u00e7irilir. \u00d6lk\u0259d\u0259 minl\u0259rl\u0259 insan pandemiya fonunda s\u0259lahiyy\u0259tlil\u0259rin siyas\u0259tin\u0259 etiraz edir. Almaniyan\u0131n paytaxt\u0131\u00a0Berlind\u0259 antifa\u015fist h\u0259r\u0259katlar\u0131 kovid-dissidentl\u0259r\u0259 qar\u015f\u0131 y\u00fcr\u00fc\u015f ke\u00e7iribl\u0259r.<\/p>\n","protected":false},"author":2,"featured_media":286873,"comment_status":"closed","ping_status":"closed","sticky":false,"template":"","format":"standard","meta":{"om_disable_all_campaigns":false,"_monsterinsights_skip_tracking":false,"_monsterinsights_sitenote_active":false,"_monsterinsights_sitenote_note":"","_monsterinsights_sitenote_category":0},"categories":[7],"tags":[],"aioseo_notices":[],"gutentor_comment":0,"rttpg_featured_image_url":{"full":["https:\/\/arantv.az\/wp-content\/uploads\/2021\/02\/b7942b282e19.jpg",620,348,false],"landscape":["https:\/\/arantv.az\/wp-content\/uploads\/2021\/02\/b7942b282e19.jpg",620,348,false],"portraits":["https:\/\/arantv.az\/wp-content\/uploads\/2021\/02\/b7942b282e19.jpg",620,348,false],"thumbnail":["https:\/\/arantv.az\/wp-content\/uploads\/2021\/02\/b7942b282e19-150x150.jpg",150,150,true],"medium":["https:\/\/arantv.az\/wp-content\/uploads\/2021\/02\/b7942b282e19-300x168.jpg",300,168,true],"large":["https:\/\/arantv.az\/wp-content\/uploads\/2021\/02\/b7942b282e19.jpg",620,348,false],"1536x1536":["https:\/\/arantv.az\/wp-content\/uploads\/2021\/02\/b7942b282e19.jpg",620,348,false],"2048x2048":["https:\/\/arantv.az\/wp-content\/uploads\/2021\/02\/b7942b282e19.jpg",620,348,false],"post-thumbnail":["https:\/\/arantv.az\/wp-content\/uploads\/2021\/02\/b7942b282e19-240x172.jpg",240,172,true],"advps-thumb-one":["https:\/\/arantv.az\/wp-content\/uploads\/2021\/02\/b7942b282e19.jpg",620,348,false]},"rttpg_author":{"display_name":"V\u00fcsal Rafiqo\u011flu","author_link":"https:\/\/arantv.az\/?author=2"},"rttpg_comment":0,"rttpg_category":"<a href=\"https:\/\/arantv.az\/?cat=7\" rel=\"category\">D\u00fcnya<\/a>","rttpg_excerpt":"Yunan\u0131standa \u0259hali yeni t\u0259hsil qanununa qar\u015f\u0131 etiraza qalx\u0131b. \u201cRossiya 24\u201d x\u0259b\u0259r verir ki,\u00a0Afinada parlament binas\u0131n\u0131n qar\u015f\u0131s\u0131na y\u00fczl\u0259rl\u0259 insan toplan\u0131b. Qeyd edilir ki, etiraz aksiyalar\u0131 polisl\u0259 toqqu\u015fma il\u0259 n\u0259tic\u0259l\u0259nib. \u0130zdiham g\u00f6zya\u015fard\u0131c\u0131 qazla da\u011f\u0131d\u0131l\u0131b. Selanikd\u0259 etirazlarda\u00a0yeni t\u0259hsil qanununa qar\u015f\u0131 \u00e7\u0131xan\u00a0onlara adam n\u0259zar\u0259t\u0259 al\u0131n\u0131b. \u018fg\u0259r qanun q\u0259bul edils\u0259, Yunan\u0131stan universitetl\u0259rinin \u00f6z polisi olacaq. Fransada \u00fcmummilli t\u0259til ke\u00e7irilir. \u00d6lk\u0259d\u0259&hellip;","_links":{"self":[{"href":"https:\/\/arantv.az\/index.php?rest_route=\/wp\/v2\/posts\/286872"}],"collection":[{"href":"https:\/\/arantv.az\/index.php?rest_route=\/wp\/v2\/posts"}],"about":[{"href":"https:\/\/arantv.az\/index.php?rest_route=\/wp\/v2\/types\/post"}],"author":[{"embeddable":true,"href":"https:\/\/arantv.az\/index.php?rest_route=\/wp\/v2\/users\/2"}],"replies":[{"embeddable":true,"href":"https:\/\/arantv.az\/index.php?rest_route=%2Fwp%2Fv2%2Fcomments&post=286872"}],"version-history":[{"count":0,"href":"https:\/\/arantv.az\/index.php?rest_route=\/wp\/v2\/posts\/286872\/revisions"}],"wp:featuredmedia":[{"embeddable":true,"href":"https:\/\/arantv.az\/index.php?rest_route=\/wp\/v2\/media\/286873"}],"wp:attachment":[{"href":"https:\/\/arantv.az\/index.php?rest_route=%2Fwp%2Fv2%2Fmedia&parent=286872"}],"wp:term":[{"taxonomy":"category","embeddable":true,"href":"https:\/\/arantv.az\/index.php?rest_route=%2Fwp%2Fv2%2Fcategories&post=286872"},{"taxonomy":"post_tag","embeddable":true,"href":"https:\/\/arantv.az\/index.php?rest_route=%2Fwp%2Fv2%2Ftags&post=286872"}],"curies":[{"name":"wp","href":"https:\/\/api.w.org\/{rel}","templated":true}]}}