{"id":286880,"date":"2021-02-05T10:01:47","date_gmt":"2021-02-05T07:01:47","guid":{"rendered":"http:\/\/arantv.az\/?p=286880"},"modified":"2021-02-05T10:01:47","modified_gmt":"2021-02-05T07:01:47","slug":"tovuzda-q%c9%99hr%c9%99manlarimiza-h%c9%99sr-olunan-gus%c9%99-video","status":"publish","type":"post","link":"https:\/\/arantv.az\/?p=286880","title":{"rendered":"Tovuzda q\u0259hr\u0259manlar\u0131m\u0131za h\u0259sr olunan gu\u015f\u0259 &#8211; V\u0130DEO"},"content":{"rendered":"<article class=\"news\">\n<div class=\"news-inner\">\n<p>Tovuz rayonunun \u0130s\u0259 Musayev k\u00fc\u00e7\u0259sinin sakinl\u0259ri V\u0259t\u0259n m\u00fcharib\u0259sind\u0259 \u015f\u0259hid olmu\u015f q\u0259hr\u0259manlar\u0131m\u0131z\u0131n xatir\u0259sini \u0259b\u0259dil\u0259\u015fdiribl\u0259r.<\/p>\n<p>Baku TV x\u0259b\u0259r verir ki, onlar 300-d\u0259n \u00e7ox \u015f\u0259hidin fotosunun yer ald\u0131\u011f\u0131\u00a0l\u00f6vh\u0259ni\u00a0h\u0259min k\u00fc\u00e7\u0259y\u0259 qura\u015fd\u0131r\u0131blar.<\/p>\n<div id=\"AdviadNativeVideo0\" class=\"AdviadNativeVideo\"><\/div>\n<p>Birg\u0259 \u0259m\u0259yin n\u0259tic\u0259si olan l\u00f6vh\u0259ni haz\u0131rlamaqda m\u0259qs\u0259d is\u0259, v\u0259t\u0259n q\u0259hr\u0259manlar\u0131n\u0131n xatir\u0259sini \u0259b\u0259dil\u0259\u015fdir\u0259r\u0259k, g\u0259l\u0259c\u0259k n\u0259sill\u0259r\u0259 \u00e7atd\u0131rmaq olub.<\/p>\n<p>\u015e\u0259hid olan m\u00fclki \u015f\u0259xsl\u0259rin, h\u0259tta q\u0259tl\u0259 yetiril\u0259n k\u00f6rp\u0259 u\u015faqlar\u0131n fotolar\u0131n\u0131n oldu\u011fu bu gu\u015f\u0259nin gec\u0259 saatlar\u0131nda da rahat g\u00f6r\u00fclm\u0259sini t\u0259min etm\u0259k \u00fc\u00e7\u00fcn, i\u015f\u0131qland\u0131rmadan istifad\u0259 olunub.<\/p>\n<p>Uzunlu\u011fu yeddi\u00a0metrd\u0259n art\u0131q olan foto gu\u015f\u0259y\u0259\u00a0V\u0259t\u0259n m\u00fcharib\u0259sinin \u015f\u0259hidl\u0259ri haqq\u0131nda\u00a0m\u0259lumatlar da \u0259lav\u0259 edilib. K\u00fc\u00e7\u0259nin a\u015fa\u011f\u0131 hiss\u0259sind\u0259 d\u0259 eyni formada l\u00f6vh\u0259 v\u0259 bulaq kompleksi qura\u015fd\u0131r\u0131l\u0131b.<\/p>\n<div><iframe loading=\"lazy\" src=\"https:\/\/www.youtube.com\/embed\/B1HXs27vjY0\" width=\"560\" height=\"315\" frameborder=\"0\" allowfullscreen=\"allowfullscreen\" data-mce-fragment=\"1\"><\/iframe><\/div>\n<\/div>\n<\/article>\n<h2 class=\"news-share-title\"><\/h2>\n","protected":false},"excerpt":{"rendered":"<p>Tovuz rayonunun \u0130s\u0259 Musayev k\u00fc\u00e7\u0259sinin sakinl\u0259ri V\u0259t\u0259n m\u00fcharib\u0259sind\u0259 \u015f\u0259hid olmu\u015f q\u0259hr\u0259manlar\u0131m\u0131z\u0131n xatir\u0259sini \u0259b\u0259dil\u0259\u015fdiribl\u0259r. Baku TV x\u0259b\u0259r verir ki, onlar 300-d\u0259n \u00e7ox \u015f\u0259hidin fotosunun yer ald\u0131\u011f\u0131\u00a0l\u00f6vh\u0259ni\u00a0h\u0259min k\u00fc\u00e7\u0259y\u0259 qura\u015fd\u0131r\u0131blar. Birg\u0259 \u0259m\u0259yin n\u0259tic\u0259si olan l\u00f6vh\u0259ni haz\u0131rlamaqda m\u0259qs\u0259d is\u0259, v\u0259t\u0259n q\u0259hr\u0259manlar\u0131n\u0131n xatir\u0259sini \u0259b\u0259dil\u0259\u015fdir\u0259r\u0259k, g\u0259l\u0259c\u0259k n\u0259sill\u0259r\u0259 \u00e7atd\u0131rmaq olub. \u015e\u0259hid olan m\u00fclki \u015f\u0259xsl\u0259rin, h\u0259tta q\u0259tl\u0259 yetiril\u0259n k\u00f6rp\u0259 u\u015faqlar\u0131n fotolar\u0131n\u0131n oldu\u011fu bu gu\u015f\u0259nin gec\u0259 saatlar\u0131nda da rahat g\u00f6r\u00fclm\u0259sini t\u0259min etm\u0259k \u00fc\u00e7\u00fcn, i\u015f\u0131qland\u0131rmadan istifad\u0259 olunub. Uzunlu\u011fu yeddi\u00a0metrd\u0259n art\u0131q olan foto gu\u015f\u0259y\u0259\u00a0V\u0259t\u0259n m\u00fcharib\u0259sinin \u015f\u0259hidl\u0259ri haqq\u0131nda\u00a0m\u0259lumatlar da \u0259lav\u0259 edilib. K\u00fc\u00e7\u0259nin a\u015fa\u011f\u0131 hiss\u0259sind\u0259 d\u0259 eyni formada l\u00f6vh\u0259 v\u0259 bulaq kompleksi qura\u015fd\u0131r\u0131l\u0131b.<\/p>\n","protected":false},"author":2,"featured_media":286881,"comment_status":"closed","ping_status":"closed","sticky":false,"template":"","format":"standard","meta":{"om_disable_all_campaigns":false,"_monsterinsights_skip_tracking":false,"_monsterinsights_sitenote_active":false,"_monsterinsights_sitenote_note":"","_monsterinsights_sitenote_category":0},"categories":[2,26],"tags":[],"aioseo_notices":[],"gutentor_comment":0,"rttpg_featured_image_url":{"full":["https:\/\/arantv.az\/wp-content\/uploads\/2021\/02\/fg-2.jpg",620,363,false],"landscape":["https:\/\/arantv.az\/wp-content\/uploads\/2021\/02\/fg-2.jpg",620,363,false],"portraits":["https:\/\/arantv.az\/wp-content\/uploads\/2021\/02\/fg-2.jpg",620,363,false],"thumbnail":["https:\/\/arantv.az\/wp-content\/uploads\/2021\/02\/fg-2-150x150.jpg",150,150,true],"medium":["https:\/\/arantv.az\/wp-content\/uploads\/2021\/02\/fg-2-300x176.jpg",300,176,true],"large":["https:\/\/arantv.az\/wp-content\/uploads\/2021\/02\/fg-2.jpg",620,363,false],"1536x1536":["https:\/\/arantv.az\/wp-content\/uploads\/2021\/02\/fg-2.jpg",620,363,false],"2048x2048":["https:\/\/arantv.az\/wp-content\/uploads\/2021\/02\/fg-2.jpg",620,363,false],"post-thumbnail":["https:\/\/arantv.az\/wp-content\/uploads\/2021\/02\/fg-2-240x172.jpg",240,172,true],"advps-thumb-one":["https:\/\/arantv.az\/wp-content\/uploads\/2021\/02\/fg-2.jpg",620,363,false]},"rttpg_author":{"display_name":"V\u00fcsal Rafiqo\u011flu","author_link":"https:\/\/arantv.az\/?author=2"},"rttpg_comment":0,"rttpg_category":"<a href=\"https:\/\/arantv.az\/?cat=2\" rel=\"category\">Region X\u0259b\u0259rl\u0259ri<\/a> <a href=\"https:\/\/arantv.az\/?cat=26\" rel=\"category\">Sosial<\/a>","rttpg_excerpt":"Tovuz rayonunun \u0130s\u0259 Musayev k\u00fc\u00e7\u0259sinin sakinl\u0259ri V\u0259t\u0259n m\u00fcharib\u0259sind\u0259 \u015f\u0259hid olmu\u015f q\u0259hr\u0259manlar\u0131m\u0131z\u0131n xatir\u0259sini \u0259b\u0259dil\u0259\u015fdiribl\u0259r. Baku TV x\u0259b\u0259r verir ki, onlar 300-d\u0259n \u00e7ox \u015f\u0259hidin fotosunun yer ald\u0131\u011f\u0131\u00a0l\u00f6vh\u0259ni\u00a0h\u0259min k\u00fc\u00e7\u0259y\u0259 qura\u015fd\u0131r\u0131blar. Birg\u0259 \u0259m\u0259yin n\u0259tic\u0259si olan l\u00f6vh\u0259ni haz\u0131rlamaqda m\u0259qs\u0259d is\u0259, v\u0259t\u0259n q\u0259hr\u0259manlar\u0131n\u0131n xatir\u0259sini \u0259b\u0259dil\u0259\u015fdir\u0259r\u0259k, g\u0259l\u0259c\u0259k n\u0259sill\u0259r\u0259 \u00e7atd\u0131rmaq olub. \u015e\u0259hid olan m\u00fclki \u015f\u0259xsl\u0259rin, h\u0259tta q\u0259tl\u0259 yetiril\u0259n k\u00f6rp\u0259 u\u015faqlar\u0131n fotolar\u0131n\u0131n oldu\u011fu bu&hellip;","_links":{"self":[{"href":"https:\/\/arantv.az\/index.php?rest_route=\/wp\/v2\/posts\/286880"}],"collection":[{"href":"https:\/\/arantv.az\/index.php?rest_route=\/wp\/v2\/posts"}],"about":[{"href":"https:\/\/arantv.az\/index.php?rest_route=\/wp\/v2\/types\/post"}],"author":[{"embeddable":true,"href":"https:\/\/arantv.az\/index.php?rest_route=\/wp\/v2\/users\/2"}],"replies":[{"embeddable":true,"href":"https:\/\/arantv.az\/index.php?rest_route=%2Fwp%2Fv2%2Fcomments&post=286880"}],"version-history":[{"count":0,"href":"https:\/\/arantv.az\/index.php?rest_route=\/wp\/v2\/posts\/286880\/revisions"}],"wp:featuredmedia":[{"embeddable":true,"href":"https:\/\/arantv.az\/index.php?rest_route=\/wp\/v2\/media\/286881"}],"wp:attachment":[{"href":"https:\/\/arantv.az\/index.php?rest_route=%2Fwp%2Fv2%2Fmedia&parent=286880"}],"wp:term":[{"taxonomy":"category","embeddable":true,"href":"https:\/\/arantv.az\/index.php?rest_route=%2Fwp%2Fv2%2Fcategories&post=286880"},{"taxonomy":"post_tag","embeddable":true,"href":"https:\/\/arantv.az\/index.php?rest_route=%2Fwp%2Fv2%2Ftags&post=286880"}],"curies":[{"name":"wp","href":"https:\/\/api.w.org\/{rel}","templated":true}]}}