{"id":286888,"date":"2021-02-05T10:05:59","date_gmt":"2021-02-05T07:05:59","guid":{"rendered":"http:\/\/arantv.az\/?p=286888"},"modified":"2021-02-05T10:05:59","modified_gmt":"2021-02-05T07:05:59","slug":"alt-paltari-deyirdin-ha-ozunu-gost%c9%99rm%c9%99k-deyirdin-ha-kamild%c9%99n-ulviraya-s%c9%99rt-reaksiya","status":"publish","type":"post","link":"https:\/\/arantv.az\/?p=286888","title":{"rendered":"&#8220;Alt paltar\u0131 deyirdin ha, \u00f6z\u00fcn\u00fc g\u00f6st\u0259rm\u0259k deyirdin ha&#8230;&#8221; &#8211; Kamild\u0259n Ulviraya S\u018fRT REAKS\u0130YA"},"content":{"rendered":"<p>44 g\u00fcnl\u00fck V\u0259t\u0259n m\u00fcharib\u0259sind\u0259 Az\u0259rbaycan Ordusuna yard\u0131m ed\u0259n Kamil Zeynall\u0131 &#8220;V\u0259t\u0259n namin\u0259&#8221; v\u0259 &#8220;Milli Ordu-100&#8221; medallar\u0131na layiq g\u00f6r\u00fcl\u00fcb.<\/p>\n<p><strong>ARANTV.AZ<\/strong>\u00a0\u00a0<a title=\"xeberler son xeberler 2021\" href=\"https:\/\/big.az\/\" target=\"_blank\" rel=\"noopener\">x\u0259b\u0259r<\/a>\u00a0verir ki, bir m\u00fcdd\u0259t \u00f6nc\u0259 Ulvira Qarayevan\u0131n verili\u015find\u0259 qonaq olan idman\u00e7\u0131, apar\u0131c\u0131n\u0131n proqram zaman\u0131 onu p\u0259rt etm\u0259k m\u0259qs\u0259dil\u0259 i\u015fl\u0259tdiyi s\u00f6zl\u0259r\u0259 cavab verib.<\/p>\n<p>Bildirib ki, &#8220;Alt paltar\u0131 deyirdin ha, \u00f6z\u00fcn\u00fc g\u00f6st\u0259rm\u0259k deyirdin ha, bildin d\u0259 y\u0259qin&#8221;<\/p>\n<p>Qeyd ed\u0259k ki, Kamil Zeynall\u0131 apar\u0131c\u0131 Ulvira Qarayevan\u0131n &#8220;AStar News&#8221; verili\u015find\u0259 qonaq oldu\u011fu zaman, apar\u0131c\u0131 ona &#8220;Hans\u0131sa erm\u0259ni qad\u0131n\u0131n\u0131n alt paltar\u0131n\u0131 \u0259lind\u0259 g\u00f6st\u0259rirdin. Tama\u015fa\u00e7\u0131larda sual yarand\u0131 ki, Kamil d\u00f6y\u00fc\u015fm\u00fcr, gedib hans\u0131sa qad\u0131n\u0131n buzqalteri \u0259lind\u0259 videolar \u00e7\u0259kir. Bunu ed\u0259nd\u0259 n\u0259 fikirl\u0259\u015firdin, imicin\u0259 m\u00fcsb\u0259t g\u0259tir\u0259c\u0259yini d\u00fc\u015f\u00fcn\u00fcrd\u00fcn?&#8221;<\/p>\n<p>Kamil is\u0259 cavab\u0131nda:<\/p>\n<p>&#8220;Ora h\u0259rb\u00e7i erm\u0259nil\u0259rin evi idi. M\u0259nim imicim\u0259 z\u0259r\u0259r g\u0259tir\u0259n adamlar guya \u00f6zl\u0259ri n\u0259 edib? G\u0259lib onda evl\u0259r\u0259 gir\u0259rdil\u0259r. Onda biz h\u0259l\u0259 dig\u0259r rayonlar\u0131 azad etm\u0259mi\u015fdik. \u0130kinci rayonda idik, C\u0259bray\u0131lda idim. Ba\u015f\u0131m\u0131z\u0131n \u00fcst\u00fcnd\u0259n toplar, raketl\u0259r gedirdi. Q\u0131nayanlar g\u0259lsinl\u0259r g\u00f6r\u00fcm el\u0259 yerd\u0259 dayana bil\u0259rl\u0259rmi? M\u0259n arxa c\u0259bh\u0259d\u0259 idim, amma \u00f6n c\u0259bh\u0259y\u0259 d\u0259 gedirdim. Siz n\u0259 bilirsiniz ki, m\u0259n ordu il\u0259 birg\u0259 d\u00f6y\u00fc\u015fm\u0259mi\u015f\u0259m?&#8221;<\/p>\n<p>Sosial \u015f\u0259b\u0259k\u0259l\u0259rd\u0259 yay\u0131lan videoya is\u0259 izl\u0259yicil\u0259r s\u0259rt reaksiya verib. Bel\u0259 ki, onun ancaq qad\u0131n buzqalterind\u0259n dan\u0131\u015fas\u0131 izl\u0259yicil\u0259ri \u00f6z\u00fcnd\u0259n \u00e7\u0131xar\u0131b. \u00c7oxsayl\u0131 \u015f\u0259rhl\u0259r yazaraq Ulviran\u0131 biab\u0131r edibl\u0259r.<\/p>\n<div class=\"embed-responsive embed-responsive-16by9\"><iframe loading=\"lazy\" id=\"nmqembedid\" class=\"embed-responsive-item\" title=\"video player\" src=\"https:\/\/izle.az\/embed\/09cvLy_Xy8wrLklML0rM1UvOz9UvKdN39k4tNvVIzSkud9W3Ly3JjS_OLy1KTrXNTI8vT02KT84vqIzPyczLBgA~\" width=\"600\" height=\"340\" frameborder=\"0\" scrolling=\"no\" allowfullscreen=\"allowfullscreen\" data-mce-fragment=\"1\"><\/iframe><\/div>\n<p>&nbsp;<\/p>\n","protected":false},"excerpt":{"rendered":"<p>44 g\u00fcnl\u00fck V\u0259t\u0259n m\u00fcharib\u0259sind\u0259 Az\u0259rbaycan Ordusuna yard\u0131m ed\u0259n Kamil Zeynall\u0131 &#8220;V\u0259t\u0259n namin\u0259&#8221; v\u0259 &#8220;Milli Ordu-100&#8221; medallar\u0131na layiq g\u00f6r\u00fcl\u00fcb. ARANTV.AZ\u00a0\u00a0x\u0259b\u0259r\u00a0verir ki, bir m\u00fcdd\u0259t \u00f6nc\u0259 Ulvira Qarayevan\u0131n verili\u015find\u0259 qonaq olan idman\u00e7\u0131, apar\u0131c\u0131n\u0131n proqram zaman\u0131 onu p\u0259rt etm\u0259k m\u0259qs\u0259dil\u0259 i\u015fl\u0259tdiyi s\u00f6zl\u0259r\u0259 cavab verib. Bildirib ki, &#8220;Alt paltar\u0131 deyirdin ha, \u00f6z\u00fcn\u00fc g\u00f6st\u0259rm\u0259k deyirdin ha, bildin d\u0259 y\u0259qin&#8221; Qeyd ed\u0259k ki, Kamil Zeynall\u0131 apar\u0131c\u0131 Ulvira Qarayevan\u0131n &#8220;AStar News&#8221; verili\u015find\u0259 qonaq oldu\u011fu zaman, apar\u0131c\u0131 ona &#8220;Hans\u0131sa erm\u0259ni qad\u0131n\u0131n\u0131n alt paltar\u0131n\u0131 \u0259lind\u0259 g\u00f6st\u0259rirdin. Tama\u015fa\u00e7\u0131larda sual yarand\u0131 ki, Kamil d\u00f6y\u00fc\u015fm\u00fcr, gedib hans\u0131sa qad\u0131n\u0131n buzqalteri \u0259lind\u0259 videolar \u00e7\u0259kir. Bunu&hellip;<\/p>\n","protected":false},"author":2,"featured_media":286889,"comment_status":"closed","ping_status":"closed","sticky":false,"template":"","format":"standard","meta":{"om_disable_all_campaigns":false,"_monsterinsights_skip_tracking":false,"_monsterinsights_sitenote_active":false,"_monsterinsights_sitenote_note":"","_monsterinsights_sitenote_category":0},"categories":[20],"tags":[],"aioseo_notices":[],"gutentor_comment":0,"rttpg_featured_image_url":{"full":["https:\/\/arantv.az\/wp-content\/uploads\/2021\/02\/KAMiL_31612507507.jpg",422,374,false],"landscape":["https:\/\/arantv.az\/wp-content\/uploads\/2021\/02\/KAMiL_31612507507.jpg",422,374,false],"portraits":["https:\/\/arantv.az\/wp-content\/uploads\/2021\/02\/KAMiL_31612507507.jpg",422,374,false],"thumbnail":["https:\/\/arantv.az\/wp-content\/uploads\/2021\/02\/KAMiL_31612507507-150x150.jpg",150,150,true],"medium":["https:\/\/arantv.az\/wp-content\/uploads\/2021\/02\/KAMiL_31612507507-300x266.jpg",300,266,true],"large":["https:\/\/arantv.az\/wp-content\/uploads\/2021\/02\/KAMiL_31612507507.jpg",422,374,false],"1536x1536":["https:\/\/arantv.az\/wp-content\/uploads\/2021\/02\/KAMiL_31612507507.jpg",422,374,false],"2048x2048":["https:\/\/arantv.az\/wp-content\/uploads\/2021\/02\/KAMiL_31612507507.jpg",422,374,false],"post-thumbnail":["https:\/\/arantv.az\/wp-content\/uploads\/2021\/02\/KAMiL_31612507507-240x172.jpg",240,172,true],"advps-thumb-one":["https:\/\/arantv.az\/wp-content\/uploads\/2021\/02\/KAMiL_31612507507.jpg",422,374,false]},"rttpg_author":{"display_name":"V\u00fcsal Rafiqo\u011flu","author_link":"https:\/\/arantv.az\/?author=2"},"rttpg_comment":0,"rttpg_category":"<a href=\"https:\/\/arantv.az\/?cat=20\" rel=\"category\">\u015eou biznes<\/a>","rttpg_excerpt":"44 g\u00fcnl\u00fck V\u0259t\u0259n m\u00fcharib\u0259sind\u0259 Az\u0259rbaycan Ordusuna yard\u0131m ed\u0259n Kamil Zeynall\u0131 &#8220;V\u0259t\u0259n namin\u0259&#8221; v\u0259 &#8220;Milli Ordu-100&#8221; medallar\u0131na layiq g\u00f6r\u00fcl\u00fcb. ARANTV.AZ\u00a0\u00a0x\u0259b\u0259r\u00a0verir ki, bir m\u00fcdd\u0259t \u00f6nc\u0259 Ulvira Qarayevan\u0131n verili\u015find\u0259 qonaq olan idman\u00e7\u0131, apar\u0131c\u0131n\u0131n proqram zaman\u0131 onu p\u0259rt etm\u0259k m\u0259qs\u0259dil\u0259 i\u015fl\u0259tdiyi s\u00f6zl\u0259r\u0259 cavab verib. Bildirib ki, &#8220;Alt paltar\u0131 deyirdin ha, \u00f6z\u00fcn\u00fc g\u00f6st\u0259rm\u0259k deyirdin ha, bildin d\u0259 y\u0259qin&#8221; Qeyd ed\u0259k&hellip;","_links":{"self":[{"href":"https:\/\/arantv.az\/index.php?rest_route=\/wp\/v2\/posts\/286888"}],"collection":[{"href":"https:\/\/arantv.az\/index.php?rest_route=\/wp\/v2\/posts"}],"about":[{"href":"https:\/\/arantv.az\/index.php?rest_route=\/wp\/v2\/types\/post"}],"author":[{"embeddable":true,"href":"https:\/\/arantv.az\/index.php?rest_route=\/wp\/v2\/users\/2"}],"replies":[{"embeddable":true,"href":"https:\/\/arantv.az\/index.php?rest_route=%2Fwp%2Fv2%2Fcomments&post=286888"}],"version-history":[{"count":0,"href":"https:\/\/arantv.az\/index.php?rest_route=\/wp\/v2\/posts\/286888\/revisions"}],"wp:featuredmedia":[{"embeddable":true,"href":"https:\/\/arantv.az\/index.php?rest_route=\/wp\/v2\/media\/286889"}],"wp:attachment":[{"href":"https:\/\/arantv.az\/index.php?rest_route=%2Fwp%2Fv2%2Fmedia&parent=286888"}],"wp:term":[{"taxonomy":"category","embeddable":true,"href":"https:\/\/arantv.az\/index.php?rest_route=%2Fwp%2Fv2%2Fcategories&post=286888"},{"taxonomy":"post_tag","embeddable":true,"href":"https:\/\/arantv.az\/index.php?rest_route=%2Fwp%2Fv2%2Ftags&post=286888"}],"curies":[{"name":"wp","href":"https:\/\/api.w.org\/{rel}","templated":true}]}}