{"id":286892,"date":"2021-02-05T10:07:24","date_gmt":"2021-02-05T07:07:24","guid":{"rendered":"http:\/\/arantv.az\/?p=286892"},"modified":"2021-02-05T10:07:24","modified_gmt":"2021-02-05T07:07:24","slug":"az%c9%99rbaycan-turkm%c9%99nistan-qaz-razilasmasi-x%c9%99z%c9%99rd%c9%99-yeni-%c9%99m%c9%99kdasliq-erasinin-baslangicidir-azernews-q%c9%99zeti","status":"publish","type":"post","link":"https:\/\/arantv.az\/?p=286892","title":{"rendered":"Az\u0259rbaycan-T\u00fcrkm\u0259nistan qaz raz\u0131la\u015fmas\u0131 X\u0259z\u0259rd\u0259 yeni \u0259m\u0259kda\u015fl\u0131q eras\u0131n\u0131n ba\u015flan\u011f\u0131c\u0131d\u0131r &#8211; &#8220;Azernews&#8221; q\u0259zeti"},"content":{"rendered":"<p>&#8220;<a href=\"https:\/\/www.azernews.az\/\" target=\"_blank\" rel=\"noopener\">Azernews<\/a>&#8221; q\u0259zetind\u0259 d\u0259rc olunan &#8220;Az\u0259rbaycan-T\u00fcrkm\u0259nistan qaz raz\u0131la\u015fmas\u0131 X\u0259z\u0259r d\u0259nizind\u0259 yeni \u0259m\u0259kda\u015fl\u0131q eras\u0131n\u0131n ba\u015flan\u011f\u0131c\u0131d\u0131r&#8221; adl\u0131\u00a0<a href=\"https:\/\/www.azernews.az\/analysis\/175519.html\" target=\"_blank\" rel=\"noopener\">yaz\u0131da\u00a0<\/a>&#8220;Dostluq&#8221; enerji yata\u011f\u0131n\u0131n birg\u0259 i\u015fl\u0259nm\u0259si \u00fczr\u0259 \u00f6t\u0259n ay imzalanm\u0131\u015f m\u00fcqavil\u0259nin regiona v\u0259 iki \u00f6lk\u0259 aras\u0131ndak\u0131 \u0259m\u0259kda\u015fl\u0131\u011fa t\u00f6hf\u0259sind\u0259n b\u0259hs edilir.<\/p>\n<p><strong>ARANTV.AZ<\/strong>\u00a0\u00a0<a href=\"https:\/\/az.trend.az\/\" target=\"_blank\" rel=\"noopener\">Trend<\/a>-\u0259 istinad\u0259n bildirir ki,\u00a0<a href=\"https:\/\/www.azernews.az\/analysis\/175519.html\" target=\"_blank\" rel=\"noopener\">m\u0259qal\u0259d\u0259\u00a0<\/a>qeyd olunur ki, bu yeni tarixi raz\u0131la\u015fma regiona davaml\u0131 xarici investisiyan\u0131n c\u0259lb olunmas\u0131na v\u0259 enerji sah\u0259sind\u0259 X\u0259z\u0259r d\u0259nizind\u0259 \u0259m\u0259kda\u015fl\u0131\u011f\u0131n d\u0259rinl\u0259\u015fm\u0259sin\u0259 s\u0259b\u0259b olacaq.<\/p>\n<p>M\u0259qal\u0259 &#8220;Dostluq&#8221; enerji yata\u011f\u0131n\u0131n Az\u0259rbaycan v\u0259 T\u00fcrkm\u0259nistan m\u00fcnasib\u0259tl\u0259ri il\u0259 yana\u015f\u0131, Avropan\u0131n enerji t\u0259hl\u00fck\u0259sizliyin\u0259 ver\u0259c\u0259yi t\u00f6hf\u0259d\u0259n d\u0259 b\u0259hs edir.<\/p>\n<p>Yaz\u0131da ekspert \u0130lham \u015eaban il\u0259 m\u00fcsahib\u0259 yer al\u0131b v\u0259 ekspertin bu tarixi raz\u0131la\u015fman\u0131n regionun enerji x\u0259rit\u0259sini d\u0259yi\u015fm\u0259si haqda fikirl\u0259ri \u0259ks olunub.<\/p>\n","protected":false},"excerpt":{"rendered":"<p>&#8220;Azernews&#8221; q\u0259zetind\u0259 d\u0259rc olunan &#8220;Az\u0259rbaycan-T\u00fcrkm\u0259nistan qaz raz\u0131la\u015fmas\u0131 X\u0259z\u0259r d\u0259nizind\u0259 yeni \u0259m\u0259kda\u015fl\u0131q eras\u0131n\u0131n ba\u015flan\u011f\u0131c\u0131d\u0131r&#8221; adl\u0131\u00a0yaz\u0131da\u00a0&#8220;Dostluq&#8221; enerji yata\u011f\u0131n\u0131n birg\u0259 i\u015fl\u0259nm\u0259si \u00fczr\u0259 \u00f6t\u0259n ay imzalanm\u0131\u015f m\u00fcqavil\u0259nin regiona v\u0259 iki \u00f6lk\u0259 aras\u0131ndak\u0131 \u0259m\u0259kda\u015fl\u0131\u011fa t\u00f6hf\u0259sind\u0259n b\u0259hs edilir. ARANTV.AZ\u00a0\u00a0Trend-\u0259 istinad\u0259n bildirir ki,\u00a0m\u0259qal\u0259d\u0259\u00a0qeyd olunur ki, bu yeni tarixi raz\u0131la\u015fma regiona davaml\u0131 xarici investisiyan\u0131n c\u0259lb olunmas\u0131na v\u0259 enerji sah\u0259sind\u0259 X\u0259z\u0259r d\u0259nizind\u0259 \u0259m\u0259kda\u015fl\u0131\u011f\u0131n d\u0259rinl\u0259\u015fm\u0259sin\u0259 s\u0259b\u0259b olacaq. M\u0259qal\u0259 &#8220;Dostluq&#8221; enerji yata\u011f\u0131n\u0131n Az\u0259rbaycan v\u0259 T\u00fcrkm\u0259nistan m\u00fcnasib\u0259tl\u0259ri il\u0259 yana\u015f\u0131, Avropan\u0131n enerji t\u0259hl\u00fck\u0259sizliyin\u0259 ver\u0259c\u0259yi t\u00f6hf\u0259d\u0259n d\u0259 b\u0259hs edir. Yaz\u0131da ekspert \u0130lham \u015eaban il\u0259 m\u00fcsahib\u0259 yer al\u0131b v\u0259 ekspertin bu tarixi raz\u0131la\u015fman\u0131n regionun enerji&hellip;<\/p>\n","protected":false},"author":2,"featured_media":286893,"comment_status":"closed","ping_status":"closed","sticky":false,"template":"","format":"standard","meta":{"om_disable_all_campaigns":false,"_monsterinsights_skip_tracking":false,"_monsterinsights_sitenote_active":false,"_monsterinsights_sitenote_note":"","_monsterinsights_sitenote_category":0},"categories":[19],"tags":[],"aioseo_notices":[],"gutentor_comment":0,"rttpg_featured_image_url":{"full":["https:\/\/arantv.az\/wp-content\/uploads\/2021\/02\/919729.jpg",800,600,false],"landscape":["https:\/\/arantv.az\/wp-content\/uploads\/2021\/02\/919729.jpg",800,600,false],"portraits":["https:\/\/arantv.az\/wp-content\/uploads\/2021\/02\/919729.jpg",800,600,false],"thumbnail":["https:\/\/arantv.az\/wp-content\/uploads\/2021\/02\/919729-150x150.jpg",150,150,true],"medium":["https:\/\/arantv.az\/wp-content\/uploads\/2021\/02\/919729-300x225.jpg",300,225,true],"large":["https:\/\/arantv.az\/wp-content\/uploads\/2021\/02\/919729.jpg",640,480,false],"1536x1536":["https:\/\/arantv.az\/wp-content\/uploads\/2021\/02\/919729.jpg",800,600,false],"2048x2048":["https:\/\/arantv.az\/wp-content\/uploads\/2021\/02\/919729.jpg",800,600,false],"post-thumbnail":["https:\/\/arantv.az\/wp-content\/uploads\/2021\/02\/919729-240x172.jpg",240,172,true],"advps-thumb-one":["https:\/\/arantv.az\/wp-content\/uploads\/2021\/02\/919729.jpg",800,600,false]},"rttpg_author":{"display_name":"V\u00fcsal Rafiqo\u011flu","author_link":"https:\/\/arantv.az\/?author=2"},"rttpg_comment":0,"rttpg_category":"<a href=\"https:\/\/arantv.az\/?cat=19\" rel=\"category\">G\u00fcnd\u0259m<\/a>","rttpg_excerpt":"&#8220;Azernews&#8221; q\u0259zetind\u0259 d\u0259rc olunan &#8220;Az\u0259rbaycan-T\u00fcrkm\u0259nistan qaz raz\u0131la\u015fmas\u0131 X\u0259z\u0259r d\u0259nizind\u0259 yeni \u0259m\u0259kda\u015fl\u0131q eras\u0131n\u0131n ba\u015flan\u011f\u0131c\u0131d\u0131r&#8221; adl\u0131\u00a0yaz\u0131da\u00a0&#8220;Dostluq&#8221; enerji yata\u011f\u0131n\u0131n birg\u0259 i\u015fl\u0259nm\u0259si \u00fczr\u0259 \u00f6t\u0259n ay imzalanm\u0131\u015f m\u00fcqavil\u0259nin regiona v\u0259 iki \u00f6lk\u0259 aras\u0131ndak\u0131 \u0259m\u0259kda\u015fl\u0131\u011fa t\u00f6hf\u0259sind\u0259n b\u0259hs edilir. ARANTV.AZ\u00a0\u00a0Trend-\u0259 istinad\u0259n bildirir ki,\u00a0m\u0259qal\u0259d\u0259\u00a0qeyd olunur ki, bu yeni tarixi raz\u0131la\u015fma regiona davaml\u0131 xarici investisiyan\u0131n c\u0259lb olunmas\u0131na v\u0259 enerji sah\u0259sind\u0259 X\u0259z\u0259r d\u0259nizind\u0259 \u0259m\u0259kda\u015fl\u0131\u011f\u0131n d\u0259rinl\u0259\u015fm\u0259sin\u0259&hellip;","_links":{"self":[{"href":"https:\/\/arantv.az\/index.php?rest_route=\/wp\/v2\/posts\/286892"}],"collection":[{"href":"https:\/\/arantv.az\/index.php?rest_route=\/wp\/v2\/posts"}],"about":[{"href":"https:\/\/arantv.az\/index.php?rest_route=\/wp\/v2\/types\/post"}],"author":[{"embeddable":true,"href":"https:\/\/arantv.az\/index.php?rest_route=\/wp\/v2\/users\/2"}],"replies":[{"embeddable":true,"href":"https:\/\/arantv.az\/index.php?rest_route=%2Fwp%2Fv2%2Fcomments&post=286892"}],"version-history":[{"count":0,"href":"https:\/\/arantv.az\/index.php?rest_route=\/wp\/v2\/posts\/286892\/revisions"}],"wp:featuredmedia":[{"embeddable":true,"href":"https:\/\/arantv.az\/index.php?rest_route=\/wp\/v2\/media\/286893"}],"wp:attachment":[{"href":"https:\/\/arantv.az\/index.php?rest_route=%2Fwp%2Fv2%2Fmedia&parent=286892"}],"wp:term":[{"taxonomy":"category","embeddable":true,"href":"https:\/\/arantv.az\/index.php?rest_route=%2Fwp%2Fv2%2Fcategories&post=286892"},{"taxonomy":"post_tag","embeddable":true,"href":"https:\/\/arantv.az\/index.php?rest_route=%2Fwp%2Fv2%2Ftags&post=286892"}],"curies":[{"name":"wp","href":"https:\/\/api.w.org\/{rel}","templated":true}]}}