{"id":286904,"date":"2021-02-05T10:09:27","date_gmt":"2021-02-05T07:09:27","guid":{"rendered":"http:\/\/arantv.az\/?p=286904"},"modified":"2021-02-05T10:09:27","modified_gmt":"2021-02-05T07:09:27","slug":"pasinyan-xarici-isl%c9%99r-naziri-ara-ayvazyani-istefaya-gond%c9%99rm%c9%99k-ist%c9%99yir-turkiy%c9%99ni-t%c9%99nqid-etdiyin%c9%99-gor%c9%99","status":"publish","type":"post","link":"https:\/\/arantv.az\/?p=286904","title":{"rendered":"Pa\u015finyan xarici i\u015fl\u0259r naziri Ara Ayvazyan\u0131 istefaya g\u00f6nd\u0259rm\u0259k ist\u0259yir &#8211; T\u00dcRK\u0130Y\u018fN\u0130 T\u018fNQ\u0130D ETD\u0130Y\u0130N\u018f G\u00d6R\u018f"},"content":{"rendered":"<p><strong>Erm\u0259nistan\u0131n Ba\u015f naziri Nikol Pa\u015finyan xarici i\u015fl\u0259r naziri Ara Ayvazyan\u0131n i\u015find\u0259n naraz\u0131d\u0131r, ona g\u00f6r\u0259 v\u0259zif\u0259sind\u0259n azad edil\u0259 bil\u0259r v\u0259 ya Ara \u00f6z\u00fc istefa m\u0259ktubu yazacaq.<\/strong><\/p>\n<p><strong>ARANTV.AZ<\/strong>\u00a0 bildirir ki, bu bar\u0259d\u0259 &#8220;Hraparak&#8221; q\u0259zeti \u00f6z m\u0259nb\u0259l\u0259rin\u0259 istinad\u0259n yaz\u0131r.<\/p>\n<p>&#8220;Bel\u0259 \u00e7\u0131x\u0131r ki, Ba\u015f nazir Nikol Pa\u015finyan Ayvazyan\u0131n Moskvadak\u0131 T\u00fcrkiy\u0259 il\u0259 ba\u011fl\u0131 a\u00e7\u0131qlamalar\u0131n\u0131 b\u0259y\u0259nm\u0259yib: nazir qay\u0131td\u0131qdan sonra onlar g\u0259rgin s\u00f6hb\u0259t etdil\u0259r, ba\u015f nazir nazir\u0259 x\u0259b\u0259rdarl\u0131q edib&#8221;, &#8211; dey\u0259 erm\u0259ni n\u0259\u015fri d\u0259qiql\u0259\u015fdirir.<\/p>\n<p>S\u00f6hb\u0259t erm\u0259ni diplomat\u0131n 7 dekabrda Moskvaya s\u0259f\u0259rind\u0259n gedir. Rus h\u0259mkar\u0131 Sergey Lavrovla dan\u0131\u015f\u0131qlar\u0131n ard\u0131ndan m\u0259tbuat konfrans\u0131nda\u00a0\u0130r\u0259vanla Ankara aras\u0131ndak\u0131 m\u00fcnasib\u0259tl\u0259rin normalla\u015fmas\u0131 il\u0259 ba\u011fl\u0131 bir sual\u0131 cavabland\u0131ran Ayvazyan 1915-ci il hadis\u0259l\u0259rini xat\u0131rladaraq\u00a0T\u00fcrkiy\u0259ni Erm\u0259nistana qar\u015f\u0131 t\u0259cav\u00fczkar siyas\u0259td\u0259 g\u00fcnahland\u0131r\u0131b v\u0259 \u0130kinci Qaraba\u011fdak\u0131 m\u00fcharib\u0259sind\u0259ki rolunu t\u0259nqid edib.<\/p>\n","protected":false},"excerpt":{"rendered":"<p>Erm\u0259nistan\u0131n Ba\u015f naziri Nikol Pa\u015finyan xarici i\u015fl\u0259r naziri Ara Ayvazyan\u0131n i\u015find\u0259n naraz\u0131d\u0131r, ona g\u00f6r\u0259 v\u0259zif\u0259sind\u0259n azad edil\u0259 bil\u0259r v\u0259 ya Ara \u00f6z\u00fc istefa m\u0259ktubu yazacaq. ARANTV.AZ\u00a0 bildirir ki, bu bar\u0259d\u0259 &#8220;Hraparak&#8221; q\u0259zeti \u00f6z m\u0259nb\u0259l\u0259rin\u0259 istinad\u0259n yaz\u0131r. &#8220;Bel\u0259 \u00e7\u0131x\u0131r ki, Ba\u015f nazir Nikol Pa\u015finyan Ayvazyan\u0131n Moskvadak\u0131 T\u00fcrkiy\u0259 il\u0259 ba\u011fl\u0131 a\u00e7\u0131qlamalar\u0131n\u0131 b\u0259y\u0259nm\u0259yib: nazir qay\u0131td\u0131qdan sonra onlar g\u0259rgin s\u00f6hb\u0259t etdil\u0259r, ba\u015f nazir nazir\u0259 x\u0259b\u0259rdarl\u0131q edib&#8221;, &#8211; dey\u0259 erm\u0259ni n\u0259\u015fri d\u0259qiql\u0259\u015fdirir. S\u00f6hb\u0259t erm\u0259ni diplomat\u0131n 7 dekabrda Moskvaya s\u0259f\u0259rind\u0259n gedir. Rus h\u0259mkar\u0131 Sergey Lavrovla dan\u0131\u015f\u0131qlar\u0131n ard\u0131ndan m\u0259tbuat konfrans\u0131nda\u00a0\u0130r\u0259vanla Ankara aras\u0131ndak\u0131 m\u00fcnasib\u0259tl\u0259rin normalla\u015fmas\u0131 il\u0259 ba\u011fl\u0131 bir&hellip;<\/p>\n","protected":false},"author":2,"featured_media":286905,"comment_status":"closed","ping_status":"closed","sticky":false,"template":"","format":"standard","meta":{"om_disable_all_campaigns":false,"_monsterinsights_skip_tracking":false,"_monsterinsights_sitenote_active":false,"_monsterinsights_sitenote_note":"","_monsterinsights_sitenote_category":0},"categories":[7],"tags":[],"aioseo_notices":[],"gutentor_comment":0,"rttpg_featured_image_url":{"full":["https:\/\/arantv.az\/wp-content\/uploads\/2021\/02\/919758.jpg",525,396,false],"landscape":["https:\/\/arantv.az\/wp-content\/uploads\/2021\/02\/919758.jpg",525,396,false],"portraits":["https:\/\/arantv.az\/wp-content\/uploads\/2021\/02\/919758.jpg",525,396,false],"thumbnail":["https:\/\/arantv.az\/wp-content\/uploads\/2021\/02\/919758-150x150.jpg",150,150,true],"medium":["https:\/\/arantv.az\/wp-content\/uploads\/2021\/02\/919758-300x226.jpg",300,226,true],"large":["https:\/\/arantv.az\/wp-content\/uploads\/2021\/02\/919758.jpg",525,396,false],"1536x1536":["https:\/\/arantv.az\/wp-content\/uploads\/2021\/02\/919758.jpg",525,396,false],"2048x2048":["https:\/\/arantv.az\/wp-content\/uploads\/2021\/02\/919758.jpg",525,396,false],"post-thumbnail":["https:\/\/arantv.az\/wp-content\/uploads\/2021\/02\/919758-240x172.jpg",240,172,true],"advps-thumb-one":["https:\/\/arantv.az\/wp-content\/uploads\/2021\/02\/919758.jpg",525,396,false]},"rttpg_author":{"display_name":"V\u00fcsal Rafiqo\u011flu","author_link":"https:\/\/arantv.az\/?author=2"},"rttpg_comment":0,"rttpg_category":"<a href=\"https:\/\/arantv.az\/?cat=7\" rel=\"category\">D\u00fcnya<\/a>","rttpg_excerpt":"Erm\u0259nistan\u0131n Ba\u015f naziri Nikol Pa\u015finyan xarici i\u015fl\u0259r naziri Ara Ayvazyan\u0131n i\u015find\u0259n naraz\u0131d\u0131r, ona g\u00f6r\u0259 v\u0259zif\u0259sind\u0259n azad edil\u0259 bil\u0259r v\u0259 ya Ara \u00f6z\u00fc istefa m\u0259ktubu yazacaq. ARANTV.AZ\u00a0 bildirir ki, bu bar\u0259d\u0259 &#8220;Hraparak&#8221; q\u0259zeti \u00f6z m\u0259nb\u0259l\u0259rin\u0259 istinad\u0259n yaz\u0131r. &#8220;Bel\u0259 \u00e7\u0131x\u0131r ki, Ba\u015f nazir Nikol Pa\u015finyan Ayvazyan\u0131n Moskvadak\u0131 T\u00fcrkiy\u0259 il\u0259 ba\u011fl\u0131 a\u00e7\u0131qlamalar\u0131n\u0131 b\u0259y\u0259nm\u0259yib: nazir qay\u0131td\u0131qdan sonra onlar g\u0259rgin&hellip;","_links":{"self":[{"href":"https:\/\/arantv.az\/index.php?rest_route=\/wp\/v2\/posts\/286904"}],"collection":[{"href":"https:\/\/arantv.az\/index.php?rest_route=\/wp\/v2\/posts"}],"about":[{"href":"https:\/\/arantv.az\/index.php?rest_route=\/wp\/v2\/types\/post"}],"author":[{"embeddable":true,"href":"https:\/\/arantv.az\/index.php?rest_route=\/wp\/v2\/users\/2"}],"replies":[{"embeddable":true,"href":"https:\/\/arantv.az\/index.php?rest_route=%2Fwp%2Fv2%2Fcomments&post=286904"}],"version-history":[{"count":0,"href":"https:\/\/arantv.az\/index.php?rest_route=\/wp\/v2\/posts\/286904\/revisions"}],"wp:featuredmedia":[{"embeddable":true,"href":"https:\/\/arantv.az\/index.php?rest_route=\/wp\/v2\/media\/286905"}],"wp:attachment":[{"href":"https:\/\/arantv.az\/index.php?rest_route=%2Fwp%2Fv2%2Fmedia&parent=286904"}],"wp:term":[{"taxonomy":"category","embeddable":true,"href":"https:\/\/arantv.az\/index.php?rest_route=%2Fwp%2Fv2%2Fcategories&post=286904"},{"taxonomy":"post_tag","embeddable":true,"href":"https:\/\/arantv.az\/index.php?rest_route=%2Fwp%2Fv2%2Ftags&post=286904"}],"curies":[{"name":"wp","href":"https:\/\/api.w.org\/{rel}","templated":true}]}}