{"id":286928,"date":"2021-02-05T10:18:44","date_gmt":"2021-02-05T07:18:44","guid":{"rendered":"http:\/\/arantv.az\/?p=286928"},"modified":"2021-02-05T10:18:44","modified_gmt":"2021-02-05T07:18:44","slug":"g%c9%99nc%c9%99d%c9%99-daha-bir-qadini-bicaqladilar","status":"publish","type":"post","link":"https:\/\/arantv.az\/?p=286928","title":{"rendered":"G\u0259nc\u0259d\u0259 daha bir qad\u0131n\u0131 b\u0131\u00e7aqlad\u0131lar"},"content":{"rendered":"<p><strong>G\u0259nc\u0259d\u0259 b\u0131\u00e7aqlanma hadis\u0259si ba\u015f verib.<\/strong><\/p>\n<p><strong>ARANTV.AZ\u00a0<\/strong> APA-ya\u00a0istinad\u0259n bildirir ki,\u00a0hadis\u0259 \u015f\u0259h\u0259ri\u0442 Muxtar Hac\u0131yev k\u00fc\u00e7\u0259sind\u0259 qeyd\u0259 al\u0131n\u0131b.<\/p>\n<p>42 ya\u015fl\u0131 Ceyhun\u0259 Verdiyeva qar\u0131n\u0131n k\u0259silmi\u015f-de\u015filmi\u015f b\u0131\u00e7aq x\u0259sar\u0259ti il\u0259 x\u0259st\u0259xanaya yerl\u0259\u015fdirilib. Yaral\u0131 c\u0259rrahi \u0259m\u0259liyyat edilib, v\u0259ziyy\u0259tinin kafi oldu\u011fu bildirilir.<\/p>\n<p>Qad\u0131n\u0131n hans\u0131 s\u0259b\u0259bd\u0259n b\u0131\u00e7aqlanmas\u0131 m\u0259lum deyil. Hadis\u0259 il\u0259 ba\u011fl\u0131 polis\u0259 m\u0259lumat verilib. Faktla ba\u011fl\u0131 ara\u015fd\u0131rma apar\u0131l\u0131r.<\/p>\n","protected":false},"excerpt":{"rendered":"<p>G\u0259nc\u0259d\u0259 b\u0131\u00e7aqlanma hadis\u0259si ba\u015f verib. ARANTV.AZ\u00a0 APA-ya\u00a0istinad\u0259n bildirir ki,\u00a0hadis\u0259 \u015f\u0259h\u0259ri\u0442 Muxtar Hac\u0131yev k\u00fc\u00e7\u0259sind\u0259 qeyd\u0259 al\u0131n\u0131b. 42 ya\u015fl\u0131 Ceyhun\u0259 Verdiyeva qar\u0131n\u0131n k\u0259silmi\u015f-de\u015filmi\u015f b\u0131\u00e7aq x\u0259sar\u0259ti il\u0259 x\u0259st\u0259xanaya yerl\u0259\u015fdirilib. Yaral\u0131 c\u0259rrahi \u0259m\u0259liyyat edilib, v\u0259ziyy\u0259tinin kafi oldu\u011fu bildirilir. Qad\u0131n\u0131n hans\u0131 s\u0259b\u0259bd\u0259n b\u0131\u00e7aqlanmas\u0131 m\u0259lum deyil. Hadis\u0259 il\u0259 ba\u011fl\u0131 polis\u0259 m\u0259lumat verilib. Faktla ba\u011fl\u0131 ara\u015fd\u0131rma apar\u0131l\u0131r.<\/p>\n","protected":false},"author":2,"featured_media":286929,"comment_status":"closed","ping_status":"closed","sticky":false,"template":"","format":"standard","meta":{"om_disable_all_campaigns":false,"_monsterinsights_skip_tracking":false,"_monsterinsights_sitenote_active":false,"_monsterinsights_sitenote_note":"","_monsterinsights_sitenote_category":0},"categories":[3],"tags":[],"aioseo_notices":[],"gutentor_comment":0,"rttpg_featured_image_url":{"full":["https:\/\/arantv.az\/wp-content\/uploads\/2021\/02\/bicaq_28378586.jpg",800,600,false],"landscape":["https:\/\/arantv.az\/wp-content\/uploads\/2021\/02\/bicaq_28378586.jpg",800,600,false],"portraits":["https:\/\/arantv.az\/wp-content\/uploads\/2021\/02\/bicaq_28378586.jpg",800,600,false],"thumbnail":["https:\/\/arantv.az\/wp-content\/uploads\/2021\/02\/bicaq_28378586-150x150.jpg",150,150,true],"medium":["https:\/\/arantv.az\/wp-content\/uploads\/2021\/02\/bicaq_28378586-300x225.jpg",300,225,true],"large":["https:\/\/arantv.az\/wp-content\/uploads\/2021\/02\/bicaq_28378586.jpg",640,480,false],"1536x1536":["https:\/\/arantv.az\/wp-content\/uploads\/2021\/02\/bicaq_28378586.jpg",800,600,false],"2048x2048":["https:\/\/arantv.az\/wp-content\/uploads\/2021\/02\/bicaq_28378586.jpg",800,600,false],"post-thumbnail":["https:\/\/arantv.az\/wp-content\/uploads\/2021\/02\/bicaq_28378586-240x172.jpg",240,172,true],"advps-thumb-one":["https:\/\/arantv.az\/wp-content\/uploads\/2021\/02\/bicaq_28378586.jpg",800,600,false]},"rttpg_author":{"display_name":"V\u00fcsal Rafiqo\u011flu","author_link":"https:\/\/arantv.az\/?author=2"},"rttpg_comment":0,"rttpg_category":"<a href=\"https:\/\/arantv.az\/?cat=3\" rel=\"category\">Kriminal<\/a>","rttpg_excerpt":"G\u0259nc\u0259d\u0259 b\u0131\u00e7aqlanma hadis\u0259si ba\u015f verib. ARANTV.AZ\u00a0 APA-ya\u00a0istinad\u0259n bildirir ki,\u00a0hadis\u0259 \u015f\u0259h\u0259ri\u0442 Muxtar Hac\u0131yev k\u00fc\u00e7\u0259sind\u0259 qeyd\u0259 al\u0131n\u0131b. 42 ya\u015fl\u0131 Ceyhun\u0259 Verdiyeva qar\u0131n\u0131n k\u0259silmi\u015f-de\u015filmi\u015f b\u0131\u00e7aq x\u0259sar\u0259ti il\u0259 x\u0259st\u0259xanaya yerl\u0259\u015fdirilib. Yaral\u0131 c\u0259rrahi \u0259m\u0259liyyat edilib, v\u0259ziyy\u0259tinin kafi oldu\u011fu bildirilir. Qad\u0131n\u0131n hans\u0131 s\u0259b\u0259bd\u0259n b\u0131\u00e7aqlanmas\u0131 m\u0259lum deyil. Hadis\u0259 il\u0259 ba\u011fl\u0131 polis\u0259 m\u0259lumat verilib. Faktla ba\u011fl\u0131 ara\u015fd\u0131rma apar\u0131l\u0131r.","_links":{"self":[{"href":"https:\/\/arantv.az\/index.php?rest_route=\/wp\/v2\/posts\/286928"}],"collection":[{"href":"https:\/\/arantv.az\/index.php?rest_route=\/wp\/v2\/posts"}],"about":[{"href":"https:\/\/arantv.az\/index.php?rest_route=\/wp\/v2\/types\/post"}],"author":[{"embeddable":true,"href":"https:\/\/arantv.az\/index.php?rest_route=\/wp\/v2\/users\/2"}],"replies":[{"embeddable":true,"href":"https:\/\/arantv.az\/index.php?rest_route=%2Fwp%2Fv2%2Fcomments&post=286928"}],"version-history":[{"count":0,"href":"https:\/\/arantv.az\/index.php?rest_route=\/wp\/v2\/posts\/286928\/revisions"}],"wp:featuredmedia":[{"embeddable":true,"href":"https:\/\/arantv.az\/index.php?rest_route=\/wp\/v2\/media\/286929"}],"wp:attachment":[{"href":"https:\/\/arantv.az\/index.php?rest_route=%2Fwp%2Fv2%2Fmedia&parent=286928"}],"wp:term":[{"taxonomy":"category","embeddable":true,"href":"https:\/\/arantv.az\/index.php?rest_route=%2Fwp%2Fv2%2Fcategories&post=286928"},{"taxonomy":"post_tag","embeddable":true,"href":"https:\/\/arantv.az\/index.php?rest_route=%2Fwp%2Fv2%2Ftags&post=286928"}],"curies":[{"name":"wp","href":"https:\/\/api.w.org\/{rel}","templated":true}]}}