{"id":286936,"date":"2021-02-05T10:20:35","date_gmt":"2021-02-05T07:20:35","guid":{"rendered":"http:\/\/arantv.az\/?p=286936"},"modified":"2021-02-05T10:20:35","modified_gmt":"2021-02-05T07:20:35","slug":"emin-%c9%99mrullayev-hec-bir-sagird-t%c9%99hsil-prosesind%c9%99n-k%c9%99narda-qalmamalidir-video","status":"publish","type":"post","link":"https:\/\/arantv.az\/?p=286936","title":{"rendered":"Emin \u018fmrullayev: \u201cHe\u00e7 bir \u015fagird t\u0259hsil prosesind\u0259n k\u0259narda qalmamal\u0131d\u0131r\u201d &#8211; V\u0130DEO"},"content":{"rendered":"<article class=\"news\">\n<div class=\"news-inner\">\n<p>\u201cHe\u00e7 bir \u015fagird t\u0259hsil prosesind\u0259n k\u0259narda qalmamal\u0131d\u0131r\u201d.<\/p>\n<div id=\"AdviadNativeVideo0\" class=\"AdviadNativeVideo\"><\/div>\n<p>Bu s\u00f6zl\u0259ri T\u0259hsil naziri Emin \u018fmrullayev \u00f6z\u00fcn\u00fcn \u201cFacebook\u201d s\u0259hif\u0259sind\u0259 yaz\u0131b:<\/p>\n<p>\u201c\u00c7\u0259tinlikl\u0259r\u0259 baxmayaraq, b\u00fct\u00fcn \u015fagirdl\u0259rimizin \u00f6yr\u0259nm\u0259sini t\u0259min etm\u0259k \u00fc\u00e7\u00fcn m\u00fcxt\u0259lif al\u0259tl\u0259ri d\u00fczg\u00fcn istifad\u0259 etm\u0259y\u0259 \u00e7al\u0131\u015f\u0131r\u0131q. Teled\u0259rsl\u0259r bu m\u0259qs\u0259di realla\u015fd\u0131rmaqda \u0259v\u0259zsiz bir vasit\u0259y\u0259 \u00e7evrildi. Bu g\u00fcn\u0259 q\u0259d\u0259r 6700-d\u0259n \u00e7ox teled\u0259rs haz\u0131rlanm\u0131\u015fd\u0131r. Bu layih\u0259nin \u0259rs\u0259y\u0259 g\u0259lm\u0259sind\u0259 z\u0259hm\u0259ti ke\u00e7\u0259n h\u0259mkarlar\u0131m\u0131za t\u0259\u015f\u0259kk\u00fcr edir\u0259m. N\u00f6vb\u0259ti h\u0259ft\u0259d\u0259n etibar\u0259n e\u015fitm\u0259 \u00e7\u0259tinliyi olan \u015fagirdl\u0259rimiz \u00fc\u00e7\u00fcn d\u0259 teled\u0259rsl\u0259r yay\u0131mlanacaq. H\u0259r bir u\u015fa\u011f\u0131n davaml\u0131 \u00f6yr\u0259nm\u0259si namin\u0259 birlikd\u0259 \u00e7al\u0131\u015fmal\u0131y\u0131q\u201d.<\/p>\n<div><iframe loading=\"lazy\" src=\"https:\/\/player.baku.tv\/embed\/33222\" width=\"560\" height=\"315\" frameborder=\"0\" allowfullscreen=\"allowfullscreen\" data-mce-fragment=\"1\"><\/iframe><\/div>\n<\/div>\n<\/article>\n<h2 class=\"news-share-title\"><\/h2>\n","protected":false},"excerpt":{"rendered":"<p>\u201cHe\u00e7 bir \u015fagird t\u0259hsil prosesind\u0259n k\u0259narda qalmamal\u0131d\u0131r\u201d. Bu s\u00f6zl\u0259ri T\u0259hsil naziri Emin \u018fmrullayev \u00f6z\u00fcn\u00fcn \u201cFacebook\u201d s\u0259hif\u0259sind\u0259 yaz\u0131b: \u201c\u00c7\u0259tinlikl\u0259r\u0259 baxmayaraq, b\u00fct\u00fcn \u015fagirdl\u0259rimizin \u00f6yr\u0259nm\u0259sini t\u0259min etm\u0259k \u00fc\u00e7\u00fcn m\u00fcxt\u0259lif al\u0259tl\u0259ri d\u00fczg\u00fcn istifad\u0259 etm\u0259y\u0259 \u00e7al\u0131\u015f\u0131r\u0131q. Teled\u0259rsl\u0259r bu m\u0259qs\u0259di realla\u015fd\u0131rmaqda \u0259v\u0259zsiz bir vasit\u0259y\u0259 \u00e7evrildi. Bu g\u00fcn\u0259 q\u0259d\u0259r 6700-d\u0259n \u00e7ox teled\u0259rs haz\u0131rlanm\u0131\u015fd\u0131r. Bu layih\u0259nin \u0259rs\u0259y\u0259 g\u0259lm\u0259sind\u0259 z\u0259hm\u0259ti ke\u00e7\u0259n h\u0259mkarlar\u0131m\u0131za t\u0259\u015f\u0259kk\u00fcr edir\u0259m. N\u00f6vb\u0259ti h\u0259ft\u0259d\u0259n etibar\u0259n e\u015fitm\u0259 \u00e7\u0259tinliyi olan \u015fagirdl\u0259rimiz \u00fc\u00e7\u00fcn d\u0259 teled\u0259rsl\u0259r yay\u0131mlanacaq. H\u0259r bir u\u015fa\u011f\u0131n davaml\u0131 \u00f6yr\u0259nm\u0259si namin\u0259 birlikd\u0259 \u00e7al\u0131\u015fmal\u0131y\u0131q\u201d.<\/p>\n","protected":false},"author":2,"featured_media":283605,"comment_status":"closed","ping_status":"closed","sticky":false,"template":"","format":"standard","meta":{"om_disable_all_campaigns":false,"_monsterinsights_skip_tracking":false,"_monsterinsights_sitenote_active":false,"_monsterinsights_sitenote_note":"","_monsterinsights_sitenote_category":0},"categories":[23],"tags":[],"aioseo_notices":[],"gutentor_comment":0,"rttpg_featured_image_url":{"full":["https:\/\/arantv.az\/wp-content\/uploads\/2021\/02\/emin_emrullayev_0471.jpg",800,600,false],"landscape":["https:\/\/arantv.az\/wp-content\/uploads\/2021\/02\/emin_emrullayev_0471.jpg",800,600,false],"portraits":["https:\/\/arantv.az\/wp-content\/uploads\/2021\/02\/emin_emrullayev_0471.jpg",800,600,false],"thumbnail":["https:\/\/arantv.az\/wp-content\/uploads\/2021\/02\/emin_emrullayev_0471-150x150.jpg",150,150,true],"medium":["https:\/\/arantv.az\/wp-content\/uploads\/2021\/02\/emin_emrullayev_0471-300x225.jpg",300,225,true],"large":["https:\/\/arantv.az\/wp-content\/uploads\/2021\/02\/emin_emrullayev_0471.jpg",640,480,false],"1536x1536":["https:\/\/arantv.az\/wp-content\/uploads\/2021\/02\/emin_emrullayev_0471.jpg",800,600,false],"2048x2048":["https:\/\/arantv.az\/wp-content\/uploads\/2021\/02\/emin_emrullayev_0471.jpg",800,600,false],"post-thumbnail":["https:\/\/arantv.az\/wp-content\/uploads\/2021\/02\/emin_emrullayev_0471-240x172.jpg",240,172,true],"advps-thumb-one":["https:\/\/arantv.az\/wp-content\/uploads\/2021\/02\/emin_emrullayev_0471.jpg",800,600,false]},"rttpg_author":{"display_name":"V\u00fcsal Rafiqo\u011flu","author_link":"https:\/\/arantv.az\/?author=2"},"rttpg_comment":0,"rttpg_category":"<a href=\"https:\/\/arantv.az\/?cat=23\" rel=\"category\">T\u0259hsil<\/a>","rttpg_excerpt":"\u201cHe\u00e7 bir \u015fagird t\u0259hsil prosesind\u0259n k\u0259narda qalmamal\u0131d\u0131r\u201d. Bu s\u00f6zl\u0259ri T\u0259hsil naziri Emin \u018fmrullayev \u00f6z\u00fcn\u00fcn \u201cFacebook\u201d s\u0259hif\u0259sind\u0259 yaz\u0131b: \u201c\u00c7\u0259tinlikl\u0259r\u0259 baxmayaraq, b\u00fct\u00fcn \u015fagirdl\u0259rimizin \u00f6yr\u0259nm\u0259sini t\u0259min etm\u0259k \u00fc\u00e7\u00fcn m\u00fcxt\u0259lif al\u0259tl\u0259ri d\u00fczg\u00fcn istifad\u0259 etm\u0259y\u0259 \u00e7al\u0131\u015f\u0131r\u0131q. Teled\u0259rsl\u0259r bu m\u0259qs\u0259di realla\u015fd\u0131rmaqda \u0259v\u0259zsiz bir vasit\u0259y\u0259 \u00e7evrildi. Bu g\u00fcn\u0259 q\u0259d\u0259r 6700-d\u0259n \u00e7ox teled\u0259rs haz\u0131rlanm\u0131\u015fd\u0131r. Bu layih\u0259nin \u0259rs\u0259y\u0259 g\u0259lm\u0259sind\u0259 z\u0259hm\u0259ti ke\u00e7\u0259n h\u0259mkarlar\u0131m\u0131za t\u0259\u015f\u0259kk\u00fcr edir\u0259m.&hellip;","_links":{"self":[{"href":"https:\/\/arantv.az\/index.php?rest_route=\/wp\/v2\/posts\/286936"}],"collection":[{"href":"https:\/\/arantv.az\/index.php?rest_route=\/wp\/v2\/posts"}],"about":[{"href":"https:\/\/arantv.az\/index.php?rest_route=\/wp\/v2\/types\/post"}],"author":[{"embeddable":true,"href":"https:\/\/arantv.az\/index.php?rest_route=\/wp\/v2\/users\/2"}],"replies":[{"embeddable":true,"href":"https:\/\/arantv.az\/index.php?rest_route=%2Fwp%2Fv2%2Fcomments&post=286936"}],"version-history":[{"count":0,"href":"https:\/\/arantv.az\/index.php?rest_route=\/wp\/v2\/posts\/286936\/revisions"}],"wp:featuredmedia":[{"embeddable":true,"href":"https:\/\/arantv.az\/index.php?rest_route=\/wp\/v2\/media\/283605"}],"wp:attachment":[{"href":"https:\/\/arantv.az\/index.php?rest_route=%2Fwp%2Fv2%2Fmedia&parent=286936"}],"wp:term":[{"taxonomy":"category","embeddable":true,"href":"https:\/\/arantv.az\/index.php?rest_route=%2Fwp%2Fv2%2Fcategories&post=286936"},{"taxonomy":"post_tag","embeddable":true,"href":"https:\/\/arantv.az\/index.php?rest_route=%2Fwp%2Fv2%2Ftags&post=286936"}],"curies":[{"name":"wp","href":"https:\/\/api.w.org\/{rel}","templated":true}]}}