{"id":286943,"date":"2021-02-05T10:23:19","date_gmt":"2021-02-05T07:23:19","guid":{"rendered":"http:\/\/arantv.az\/?p=286943"},"modified":"2021-02-05T10:23:19","modified_gmt":"2021-02-05T07:23:19","slug":"kamil-zeynalli-medalla-t%c9%99ltif-edilib-r%c9%99smi-aciqlama","status":"publish","type":"post","link":"https:\/\/arantv.az\/?p=286943","title":{"rendered":"Kamil Zeynall\u0131 medalla t\u0259ltif edilib? &#8211; R\u0259smi A\u00c7IQLAMA"},"content":{"rendered":"<p>B\u0259zi sosial \u015f\u0259b\u0259k\u0259 hesablar\u0131nda v\u0259 x\u0259b\u0259r saytlar\u0131nda Kamil Zeynall\u0131 adl\u0131 v\u0259t\u0259nda\u015f\u0131n Az\u0259rbaycan Respublikas\u0131n\u0131n S\u0259f\u0259rb\u0259rlik v\u0259 H\u0259rbi Xidm\u0259t\u0259 \u00c7a\u011f\u0131r\u0131\u015f\u0131 \u00fczr\u0259 D\u00f6vl\u0259t Xidm\u0259ti t\u0259r\u0259find\u0259n t\u0259ltif olunmas\u0131 bar\u0259d\u0259 h\u0259qiq\u0259t\u0259 uy\u011fun olmayan m\u0259lumatlar yay\u0131l\u0131b.<\/p>\n<p><strong>ARANTV.AZ\u00a0<\/strong> x\u0259b\u0259r verir ki, bu bar\u0259d\u0259 D\u00f6vl\u0259t Xidm\u0259tinin yayd\u0131\u011f\u0131 a\u00e7\u0131qlamada bildirilib.<\/p>\n<p>A\u00e7\u0131qlamada qeyd olunub ki, h\u0259min \u015f\u0259xs S\u0259f\u0259rb\u0259rlik v\u0259 H\u0259rbi Xidm\u0259t\u0259 \u00c7a\u011f\u0131r\u0131\u015f \u00fczr\u0259 D\u00f6vl\u0259t Xidm\u0259ti t\u0259r\u0259find\u0259n he\u00e7 bir medal v\u0259 m\u00fckafatla t\u0259ltif edilm\u0259yib.<\/p>\n","protected":false},"excerpt":{"rendered":"<p>B\u0259zi sosial \u015f\u0259b\u0259k\u0259 hesablar\u0131nda v\u0259 x\u0259b\u0259r saytlar\u0131nda Kamil Zeynall\u0131 adl\u0131 v\u0259t\u0259nda\u015f\u0131n Az\u0259rbaycan Respublikas\u0131n\u0131n S\u0259f\u0259rb\u0259rlik v\u0259 H\u0259rbi Xidm\u0259t\u0259 \u00c7a\u011f\u0131r\u0131\u015f\u0131 \u00fczr\u0259 D\u00f6vl\u0259t Xidm\u0259ti t\u0259r\u0259find\u0259n t\u0259ltif olunmas\u0131 bar\u0259d\u0259 h\u0259qiq\u0259t\u0259 uy\u011fun olmayan m\u0259lumatlar yay\u0131l\u0131b. ARANTV.AZ\u00a0 x\u0259b\u0259r verir ki, bu bar\u0259d\u0259 D\u00f6vl\u0259t Xidm\u0259tinin yayd\u0131\u011f\u0131 a\u00e7\u0131qlamada bildirilib. A\u00e7\u0131qlamada qeyd olunub ki, h\u0259min \u015f\u0259xs S\u0259f\u0259rb\u0259rlik v\u0259 H\u0259rbi Xidm\u0259t\u0259 \u00c7a\u011f\u0131r\u0131\u015f \u00fczr\u0259 D\u00f6vl\u0259t Xidm\u0259ti t\u0259r\u0259find\u0259n he\u00e7 bir medal v\u0259 m\u00fckafatla t\u0259ltif edilm\u0259yib.<\/p>\n","protected":false},"author":2,"featured_media":286944,"comment_status":"closed","ping_status":"closed","sticky":false,"template":"","format":"standard","meta":{"om_disable_all_campaigns":false,"_monsterinsights_skip_tracking":false,"_monsterinsights_sitenote_active":false,"_monsterinsights_sitenote_note":"","_monsterinsights_sitenote_category":0},"categories":[26],"tags":[],"aioseo_notices":[],"gutentor_comment":0,"rttpg_featured_image_url":{"full":["https:\/\/arantv.az\/wp-content\/uploads\/2021\/02\/919770.jpg",850,530,false],"landscape":["https:\/\/arantv.az\/wp-content\/uploads\/2021\/02\/919770.jpg",850,530,false],"portraits":["https:\/\/arantv.az\/wp-content\/uploads\/2021\/02\/919770.jpg",850,530,false],"thumbnail":["https:\/\/arantv.az\/wp-content\/uploads\/2021\/02\/919770-150x150.jpg",150,150,true],"medium":["https:\/\/arantv.az\/wp-content\/uploads\/2021\/02\/919770-300x187.jpg",300,187,true],"large":["https:\/\/arantv.az\/wp-content\/uploads\/2021\/02\/919770.jpg",640,399,false],"1536x1536":["https:\/\/arantv.az\/wp-content\/uploads\/2021\/02\/919770.jpg",850,530,false],"2048x2048":["https:\/\/arantv.az\/wp-content\/uploads\/2021\/02\/919770.jpg",850,530,false],"post-thumbnail":["https:\/\/arantv.az\/wp-content\/uploads\/2021\/02\/919770-240x172.jpg",240,172,true],"advps-thumb-one":["https:\/\/arantv.az\/wp-content\/uploads\/2021\/02\/919770.jpg",850,530,false]},"rttpg_author":{"display_name":"V\u00fcsal Rafiqo\u011flu","author_link":"https:\/\/arantv.az\/?author=2"},"rttpg_comment":0,"rttpg_category":"<a href=\"https:\/\/arantv.az\/?cat=26\" rel=\"category\">Sosial<\/a>","rttpg_excerpt":"B\u0259zi sosial \u015f\u0259b\u0259k\u0259 hesablar\u0131nda v\u0259 x\u0259b\u0259r saytlar\u0131nda Kamil Zeynall\u0131 adl\u0131 v\u0259t\u0259nda\u015f\u0131n Az\u0259rbaycan Respublikas\u0131n\u0131n S\u0259f\u0259rb\u0259rlik v\u0259 H\u0259rbi Xidm\u0259t\u0259 \u00c7a\u011f\u0131r\u0131\u015f\u0131 \u00fczr\u0259 D\u00f6vl\u0259t Xidm\u0259ti t\u0259r\u0259find\u0259n t\u0259ltif olunmas\u0131 bar\u0259d\u0259 h\u0259qiq\u0259t\u0259 uy\u011fun olmayan m\u0259lumatlar yay\u0131l\u0131b. ARANTV.AZ\u00a0 x\u0259b\u0259r verir ki, bu bar\u0259d\u0259 D\u00f6vl\u0259t Xidm\u0259tinin yayd\u0131\u011f\u0131 a\u00e7\u0131qlamada bildirilib. A\u00e7\u0131qlamada qeyd olunub ki, h\u0259min \u015f\u0259xs S\u0259f\u0259rb\u0259rlik v\u0259 H\u0259rbi Xidm\u0259t\u0259 \u00c7a\u011f\u0131r\u0131\u015f \u00fczr\u0259 D\u00f6vl\u0259t Xidm\u0259ti&hellip;","_links":{"self":[{"href":"https:\/\/arantv.az\/index.php?rest_route=\/wp\/v2\/posts\/286943"}],"collection":[{"href":"https:\/\/arantv.az\/index.php?rest_route=\/wp\/v2\/posts"}],"about":[{"href":"https:\/\/arantv.az\/index.php?rest_route=\/wp\/v2\/types\/post"}],"author":[{"embeddable":true,"href":"https:\/\/arantv.az\/index.php?rest_route=\/wp\/v2\/users\/2"}],"replies":[{"embeddable":true,"href":"https:\/\/arantv.az\/index.php?rest_route=%2Fwp%2Fv2%2Fcomments&post=286943"}],"version-history":[{"count":0,"href":"https:\/\/arantv.az\/index.php?rest_route=\/wp\/v2\/posts\/286943\/revisions"}],"wp:featuredmedia":[{"embeddable":true,"href":"https:\/\/arantv.az\/index.php?rest_route=\/wp\/v2\/media\/286944"}],"wp:attachment":[{"href":"https:\/\/arantv.az\/index.php?rest_route=%2Fwp%2Fv2%2Fmedia&parent=286943"}],"wp:term":[{"taxonomy":"category","embeddable":true,"href":"https:\/\/arantv.az\/index.php?rest_route=%2Fwp%2Fv2%2Fcategories&post=286943"},{"taxonomy":"post_tag","embeddable":true,"href":"https:\/\/arantv.az\/index.php?rest_route=%2Fwp%2Fv2%2Ftags&post=286943"}],"curies":[{"name":"wp","href":"https:\/\/api.w.org\/{rel}","templated":true}]}}