{"id":28696,"date":"2018-12-21T10:00:03","date_gmt":"2018-12-21T07:00:03","guid":{"rendered":"http:\/\/arantv.az\/?p=28696"},"modified":"2018-12-21T10:00:03","modified_gmt":"2018-12-21T07:00:03","slug":"f%c9%99rid%c9%99-h%c9%99mcinsi-il%c9%99-nisanlanib-foto","status":"publish","type":"post","link":"https:\/\/arantv.az\/?p=28696","title":{"rendered":"F\u0259rid\u0259 h\u0259mcinsi il\u0259 ni\u015fanlan\u0131b? &#8211; FOTO"},"content":{"rendered":"<p>D\u00fcnya v\u0259 Avropa \u00e7empionatlar\u0131n\u0131n m\u00fckafat\u00e7\u0131s<strong>\u0131 F\u0259rid\u0259 \u018fzizova<\/strong>n\u0131n h\u0259mcinsi il\u0259 fotosu sosial \u015f\u0259b\u0259k\u0259l\u0259rd\u0259 m\u00fczakir\u0259l\u0259r\u0259 s\u0259b\u0259b olub.<\/p>\n<p><b>ARANTV.AZ\u00a0<\/b>Qafqazinfo-ya istinad\u0259n x\u0259b\u0259r verir ki, F\u0259rid\u0259nin\u00a0 Aysel adl\u0131 xan\u0131mla s\u0259mimi fotolar\u0131 birm\u0259nal\u0131 qar\u015f\u0131lanmay\u0131b.<\/p>\n<p>H\u0259tta onun payla\u015f\u0131ma yazd\u0131\u011f\u0131 \u201cH\u0259yat\u0131n h\u0259r bir d\u0259qiq\u0259sini sevin\u201d \u015f\u0259rhi\u00a0suallar do\u011furub. Onlar F\u0259rid\u0259nin h\u0259mcinsi il\u0259 ni\u015fanland\u0131\u011f\u0131n\u0131 iddia edibl\u0259r.<\/p>\n<div id=\"AdributorNativeVideo0\" class=\"AdributorNativeVideo\"><\/div>\n<p>M\u0259s\u0259l\u0259ni d\u0259qiql\u0259\u015fdirm\u0259k \u00fc\u00e7\u00fcn \u201cQafqazinfo\u201d F.\u018fzizova il\u0259 \u0259laq\u0259 saxlay\u0131b.\u00a0 O, bel\u0259 bir \u015feyin olmad\u0131\u011f\u0131n\u0131, r\u0259fiq\u0259sinin ad g\u00fcn\u00fcn\u00fc t\u0259brik etdiyini bildirib.<\/p>\n<p>Bu arada, qeyd ed\u0259k ki, xan\u0131m taekvondo\u00e7u daha sonra \u015f\u0259kl\u0259 yazd\u0131\u011f\u0131 \u015f\u0259rhd\u0259 d\u0259yi\u015fiklik ed\u0259r\u0259k \u201cAd g\u00fcn\u00fcn m\u00fcbar\u0259k\u201d s\u00f6zl\u0259rini \u0259lav\u0259 edib. O,\u00a0ni\u015fanla ba\u011fl\u0131 r\u0259yl\u0259rin ham\u0131s\u0131n\u0131 silib.<\/p>\n<div class=\"gallery\">\n<div class=\"gallery-i\"><img src=\"https:\/\/assets.oxu.az\/uploads\/W1siZiIsIjIwMTgvMTIvMjEvMTAvMjUvMzYvZjU0ZjBkOGEtYjY3YS00NDYxLWJhMmMtM2NkYzkwZTlkYTVjL2YuanBnIl0sWyJwIiwiZW5jb2RlIiwianBnIiwiLXF1YWxpdHkgODAiXSxbInAiLCJ0aHVtYiIsIjU5MHg1OTBcdTAwM2UiXV0?sha=a85a655452f0edc4\" \/><\/p>\n<div class=\"gallery-i-caption\"><\/div>\n<\/div>\n<div class=\"gallery-i\"><img src=\"https:\/\/assets.oxu.az\/uploads\/W1siZiIsIjIwMTgvMTIvMjEvMTAvMjUvMzcvMjEyNzRkZTUtMTUzZC00NTFlLTlkZTUtOTVhNjk2ZTEyNGM4L2YxLmpwZyJdLFsicCIsImVuY29kZSIsImpwZyIsIi1xdWFsaXR5IDgwIl0sWyJwIiwidGh1bWIiLCI1OTB4NTkwXHUwMDNlIl1d?sha=72a3a04564e35eac\" \/><\/p>\n<div class=\"gallery-i-caption\"><\/div>\n<\/div>\n<\/div>\n<p>&nbsp;<\/p>\n","protected":false},"excerpt":{"rendered":"<p>D\u00fcnya v\u0259 Avropa \u00e7empionatlar\u0131n\u0131n m\u00fckafat\u00e7\u0131s\u0131 F\u0259rid\u0259 \u018fzizovan\u0131n h\u0259mcinsi il\u0259 fotosu sosial \u015f\u0259b\u0259k\u0259l\u0259rd\u0259 m\u00fczakir\u0259l\u0259r\u0259 s\u0259b\u0259b olub. ARANTV.AZ\u00a0Qafqazinfo-ya istinad\u0259n x\u0259b\u0259r verir ki, F\u0259rid\u0259nin\u00a0 Aysel adl\u0131 xan\u0131mla s\u0259mimi fotolar\u0131 birm\u0259nal\u0131 qar\u015f\u0131lanmay\u0131b. H\u0259tta onun payla\u015f\u0131ma yazd\u0131\u011f\u0131 \u201cH\u0259yat\u0131n h\u0259r bir d\u0259qiq\u0259sini sevin\u201d \u015f\u0259rhi\u00a0suallar do\u011furub. Onlar F\u0259rid\u0259nin h\u0259mcinsi il\u0259 ni\u015fanland\u0131\u011f\u0131n\u0131 iddia edibl\u0259r. M\u0259s\u0259l\u0259ni d\u0259qiql\u0259\u015fdirm\u0259k \u00fc\u00e7\u00fcn \u201cQafqazinfo\u201d F.\u018fzizova il\u0259 \u0259laq\u0259 saxlay\u0131b.\u00a0 O, bel\u0259 bir \u015feyin olmad\u0131\u011f\u0131n\u0131, r\u0259fiq\u0259sinin ad g\u00fcn\u00fcn\u00fc t\u0259brik etdiyini bildirib. Bu arada, qeyd ed\u0259k ki, xan\u0131m taekvondo\u00e7u daha sonra \u015f\u0259kl\u0259 yazd\u0131\u011f\u0131 \u015f\u0259rhd\u0259 d\u0259yi\u015fiklik ed\u0259r\u0259k \u201cAd g\u00fcn\u00fcn m\u00fcbar\u0259k\u201d s\u00f6zl\u0259rini \u0259lav\u0259 edib. O,\u00a0ni\u015fanla ba\u011fl\u0131 r\u0259yl\u0259rin ham\u0131s\u0131n\u0131 silib.&hellip;<\/p>\n","protected":false},"author":2,"featured_media":28697,"comment_status":"closed","ping_status":"closed","sticky":false,"template":"","format":"standard","meta":{"om_disable_all_campaigns":false,"_monsterinsights_skip_tracking":false,"_monsterinsights_sitenote_active":false,"_monsterinsights_sitenote_note":"","_monsterinsights_sitenote_category":0},"categories":[6],"tags":[],"aioseo_notices":[],"gutentor_comment":0,"rttpg_featured_image_url":{"full":["https:\/\/arantv.az\/wp-content\/uploads\/2018\/12\/ee\u00c3\u00bc.jpg",620,389,false],"landscape":["https:\/\/arantv.az\/wp-content\/uploads\/2018\/12\/ee\u00c3\u00bc.jpg",620,389,false],"portraits":["https:\/\/arantv.az\/wp-content\/uploads\/2018\/12\/ee\u00c3\u00bc.jpg",620,389,false],"thumbnail":["https:\/\/arantv.az\/wp-content\/uploads\/2018\/12\/ee\u00c3\u00bc-150x150.jpg",150,150,true],"medium":["https:\/\/arantv.az\/wp-content\/uploads\/2018\/12\/ee\u00c3\u00bc-300x188.jpg",300,188,true],"large":["https:\/\/arantv.az\/wp-content\/uploads\/2018\/12\/ee\u00c3\u00bc.jpg",620,389,false],"1536x1536":["https:\/\/arantv.az\/wp-content\/uploads\/2018\/12\/ee\u00c3\u00bc.jpg",620,389,false],"2048x2048":["https:\/\/arantv.az\/wp-content\/uploads\/2018\/12\/ee\u00c3\u00bc.jpg",620,389,false],"post-thumbnail":["https:\/\/arantv.az\/wp-content\/uploads\/2018\/12\/ee\u00c3\u00bc-240x172.jpg",240,172,true],"advps-thumb-one":["https:\/\/arantv.az\/wp-content\/uploads\/2018\/12\/ee\u00c3\u00bc.jpg",620,389,false]},"rttpg_author":{"display_name":"V\u00fcsal Rafiqo\u011flu","author_link":"https:\/\/arantv.az\/?author=2"},"rttpg_comment":0,"rttpg_category":"<a href=\"https:\/\/arantv.az\/?cat=6\" rel=\"category\">\u0130dman<\/a>","rttpg_excerpt":"D\u00fcnya v\u0259 Avropa \u00e7empionatlar\u0131n\u0131n m\u00fckafat\u00e7\u0131s\u0131 F\u0259rid\u0259 \u018fzizovan\u0131n h\u0259mcinsi il\u0259 fotosu sosial \u015f\u0259b\u0259k\u0259l\u0259rd\u0259 m\u00fczakir\u0259l\u0259r\u0259 s\u0259b\u0259b olub. ARANTV.AZ\u00a0Qafqazinfo-ya istinad\u0259n x\u0259b\u0259r verir ki, F\u0259rid\u0259nin\u00a0 Aysel adl\u0131 xan\u0131mla s\u0259mimi fotolar\u0131 birm\u0259nal\u0131 qar\u015f\u0131lanmay\u0131b. H\u0259tta onun payla\u015f\u0131ma yazd\u0131\u011f\u0131 \u201cH\u0259yat\u0131n h\u0259r bir d\u0259qiq\u0259sini sevin\u201d \u015f\u0259rhi\u00a0suallar do\u011furub. Onlar F\u0259rid\u0259nin h\u0259mcinsi il\u0259 ni\u015fanland\u0131\u011f\u0131n\u0131 iddia edibl\u0259r. M\u0259s\u0259l\u0259ni d\u0259qiql\u0259\u015fdirm\u0259k \u00fc\u00e7\u00fcn \u201cQafqazinfo\u201d F.\u018fzizova il\u0259 \u0259laq\u0259 saxlay\u0131b.\u00a0 O,&hellip;","_links":{"self":[{"href":"https:\/\/arantv.az\/index.php?rest_route=\/wp\/v2\/posts\/28696"}],"collection":[{"href":"https:\/\/arantv.az\/index.php?rest_route=\/wp\/v2\/posts"}],"about":[{"href":"https:\/\/arantv.az\/index.php?rest_route=\/wp\/v2\/types\/post"}],"author":[{"embeddable":true,"href":"https:\/\/arantv.az\/index.php?rest_route=\/wp\/v2\/users\/2"}],"replies":[{"embeddable":true,"href":"https:\/\/arantv.az\/index.php?rest_route=%2Fwp%2Fv2%2Fcomments&post=28696"}],"version-history":[{"count":0,"href":"https:\/\/arantv.az\/index.php?rest_route=\/wp\/v2\/posts\/28696\/revisions"}],"wp:featuredmedia":[{"embeddable":true,"href":"https:\/\/arantv.az\/index.php?rest_route=\/wp\/v2\/media\/28697"}],"wp:attachment":[{"href":"https:\/\/arantv.az\/index.php?rest_route=%2Fwp%2Fv2%2Fmedia&parent=28696"}],"wp:term":[{"taxonomy":"category","embeddable":true,"href":"https:\/\/arantv.az\/index.php?rest_route=%2Fwp%2Fv2%2Fcategories&post=28696"},{"taxonomy":"post_tag","embeddable":true,"href":"https:\/\/arantv.az\/index.php?rest_route=%2Fwp%2Fv2%2Ftags&post=28696"}],"curies":[{"name":"wp","href":"https:\/\/api.w.org\/{rel}","templated":true}]}}