{"id":28699,"date":"2018-12-21T10:05:14","date_gmt":"2018-12-21T07:05:14","guid":{"rendered":"http:\/\/arantv.az\/?p=28699"},"modified":"2018-12-21T10:05:14","modified_gmt":"2018-12-21T07:05:14","slug":"cenevr%c9%99d%c9%99-az%c9%99rbaycanin-qacqin-v%c9%99-m%c9%99cburi-kockunl%c9%99rin-probleml%c9%99rinin-h%c9%99lli-sah%c9%99sind%c9%99ki-t%c9%99crub%c9%99sind%c9%99n-danisilib","status":"publish","type":"post","link":"https:\/\/arantv.az\/?p=28699","title":{"rendered":"Cenevr\u0259d\u0259 Az\u0259rbaycan\u0131n qa\u00e7q\u0131n v\u0259 m\u0259cburi k\u00f6\u00e7k\u00fcnl\u0259rin probleml\u0259rinin h\u0259lli sah\u0259sind\u0259ki t\u0259cr\u00fcb\u0259sind\u0259n dan\u0131\u015f\u0131l\u0131b"},"content":{"rendered":"<p><strong>ARANTV.AZ<\/strong> x\u0259b\u0259r erir ki, dekabr\u0131n 18-19-da \u0130sve\u00e7r\u0259nin Cenevr\u0259 \u015f\u0259h\u0259rind\u0259 BMT-nin Qa\u00e7q\u0131nlar \u00fczr\u0259 Ali Komissarl\u0131\u011f\u0131n\u0131n (QAK) \u00fczv d\u00f6vl\u0259tl\u0259rinin i\u015ftirak\u0131 il\u0259 M\u00fcdafi\u0259 Sah\u0259sind\u0259 T\u0259hdidl\u0259r \u00fczr\u0259 Dialoqun 11-ci iclas\u0131 ke\u00e7irilib. \u0130clasda \u00f6lk\u0259miz Qa\u00e7q\u0131nlar\u0131n v\u0259 M\u0259cburi K\u00f6\u00e7k\u00fcnl\u0259rin \u0130\u015fl\u0259ri \u00fczr\u0259 D\u00f6vl\u0259t Komit\u0259sinin s\u0259dr m\u00fcavini Fuad H\u00fcseynovun r\u0259hb\u0259rlik etdiyi n\u00fcmay\u0259nd\u0259 hey\u0259ti il\u0259 t\u0259msil olunub.<\/p>\n<p>Komit\u0259d\u0259n\u00a0bildiribl\u0259r ki, iclasda qa\u00e7q\u0131n v\u0259 m\u0259cburi k\u00f6\u00e7k\u00fcnl\u0259rin m\u00fcdafi\u0259 m\u0259s\u0259l\u0259l\u0259ri, \u015f\u0259h\u0259rl\u0259rd\u0259 m\u0259skunla\u015fm\u0131\u015f qa\u00e7q\u0131n v\u0259 m\u0259cburi k\u00f6\u00e7k\u00fcnl\u0259rin g\u00fcz\u0259ran\u0131, yerli \u00f6z\u00fcn\u00fcidar\u0259etm\u0259 orqanlar\u0131n\u0131n bu sah\u0259d\u0259 rolu m\u00fczakir\u0259 edilib.<\/p>\n<p>D\u00f6vl\u0259t Komit\u0259sinin s\u0259dr m\u00fcavini iclasda \u00e7\u0131x\u0131\u015f edib. \u0130clas\u0131n m\u00f6vzusunun Az\u0259rbaycan \u00fc\u00e7\u00fcn iki bax\u0131mdan aktual oldu\u011funu qeyd ed\u0259n s\u0259dr m\u00fcavini deyib: \u201cQa\u00e7\u0131n v\u0259 m\u0259cburi k\u00f6\u00e7k\u00fcnl\u0259rin say\u0131na g\u00f6r\u0259 \u00f6lk\u0259miz d\u00fcnyada ilk yerl\u0259rd\u0259n birini tutur. Eyni zamanda, 2017-ci ilin may ay\u0131nda Bak\u0131 IV M\u0259d\u0259niyy\u0259tl\u0259raras\u0131 Dialoq Forumunun sessiyalardan biri m\u0259hz b\u0259l\u0259diyy\u0259 orqanlar\u0131nda miqrant v\u0259 qa\u00e7q\u0131nlar\u0131 qar\u015f\u0131lama m\u0259d\u0259niyy\u0259tinin t\u0259\u015fviqi m\u0259s\u0259l\u0259sin\u0259 h\u0259sr olunub\u201d.<\/p>\n<p>Az\u0259rbaycan h\u00f6kum\u0259tinin qa\u00e7q\u0131n v\u0259 m\u0259cburi k\u00f6\u00e7k\u00fcnl\u0259rin probleml\u0259rinin h\u0259lli sah\u0259sind\u0259ki t\u0259cr\u00fcb\u0259si v\u0259 t\u0259tbiq etdiyi model bar\u0259d\u0259 iclas i\u015ftirak\u00e7\u0131lar\u0131na \u0259trafl\u0131 m\u0259lumat verilib. Bildirilib ki, Prezident \u0130lham \u018fliyevin sosial sah\u0259 il\u0259 ba\u011fl\u0131 siyas\u0259tind\u0259 bu m\u0259s\u0259l\u0259l\u0259r prioritet istiqam\u0259t kimi m\u00fc\u0259yy\u0259nl\u0259\u015fdirilib. Q\u0259bul edilmi\u015f D\u00f6vl\u0259t Proqram\u0131 \u0259sas\u0131nda m\u0259cburi k\u00f6\u00e7k\u00fcnl\u0259rin m\u0259nzil-m\u0259i\u015f\u0259t \u015f\u0259raitinin yax\u015f\u0131la\u015fd\u0131r\u0131lmas\u0131 \u00fczr\u0259 t\u0259dbirl\u0259r h\u0259yata ke\u00e7irilir. Proqram\u0131n icras\u0131 n\u0259tic\u0259sind\u0259 indiy\u0259d\u0259k 300 min m\u0259cburi k\u00f6\u00e7k\u00fcn ail\u0259sinin yeni m\u0259nzill\u0259 t\u0259minat\u0131na \u015f\u0259rait yaradan 100-d\u0259n \u00e7ox q\u0259s\u0259b\u0259 sal\u0131n\u0131b. Birinci vitse-prezident xan\u0131m Mehriban \u018fliyevan\u0131n m\u0259cburi k\u00f6\u00e7k\u00fcnl\u0259rl\u0259 i\u015fin daha da t\u0259kmill\u0259\u015fdirilm\u0259si sah\u0259sind\u0259 b\u00f6y\u00fck v\u0259 m\u00fcst\u0259sna xidm\u0259tl\u0259ri var. Birinci vitse-prezident Mehriban \u018fliyevan\u0131n v\u0259 onun r\u0259hb\u0259rlik etdiyi Heyd\u0259r \u018fliyev Fondunun t\u0259\u015f\u0259bb\u00fcs\u00fc v\u0259 ilk d\u0259f\u0259 \u00f6z\u0259l sektorun v\u0259saiti hesab\u0131na 1026 m\u0259nzilli ya\u015fay\u0131\u015f kompleksi tikil\u0259r\u0259k istifad\u0259y\u0259 verilib v\u0259 bu istiqam\u0259td\u0259 f\u0259aliyy\u0259t davam etdirilir.<\/p>\n<p>D\u00f6vl\u0259t Komit\u0259sinin s\u0259dr m\u00fcavini BMT v\u0259 BMT QAK-a bug\u00fcn\u0259d\u0259k v\u0259 haz\u0131rda Az\u0259rbaycanda m\u0259cburi k\u00f6\u00e7k\u00fcnl\u0259rl\u0259 ba\u011fl\u0131 g\u00f6st\u0259rdikl\u0259ri f\u0259aliyy\u0259t\u0259 g\u00f6r\u0259 minn\u0259tdarl\u0131q edib.<\/p>\n","protected":false},"excerpt":{"rendered":"<p>ARANTV.AZ x\u0259b\u0259r erir ki, dekabr\u0131n 18-19-da \u0130sve\u00e7r\u0259nin Cenevr\u0259 \u015f\u0259h\u0259rind\u0259 BMT-nin Qa\u00e7q\u0131nlar \u00fczr\u0259 Ali Komissarl\u0131\u011f\u0131n\u0131n (QAK) \u00fczv d\u00f6vl\u0259tl\u0259rinin i\u015ftirak\u0131 il\u0259 M\u00fcdafi\u0259 Sah\u0259sind\u0259 T\u0259hdidl\u0259r \u00fczr\u0259 Dialoqun 11-ci iclas\u0131 ke\u00e7irilib. \u0130clasda \u00f6lk\u0259miz Qa\u00e7q\u0131nlar\u0131n v\u0259 M\u0259cburi K\u00f6\u00e7k\u00fcnl\u0259rin \u0130\u015fl\u0259ri \u00fczr\u0259 D\u00f6vl\u0259t Komit\u0259sinin s\u0259dr m\u00fcavini Fuad H\u00fcseynovun r\u0259hb\u0259rlik etdiyi n\u00fcmay\u0259nd\u0259 hey\u0259ti il\u0259 t\u0259msil olunub. Komit\u0259d\u0259n\u00a0bildiribl\u0259r ki, iclasda qa\u00e7q\u0131n v\u0259 m\u0259cburi k\u00f6\u00e7k\u00fcnl\u0259rin m\u00fcdafi\u0259 m\u0259s\u0259l\u0259l\u0259ri, \u015f\u0259h\u0259rl\u0259rd\u0259 m\u0259skunla\u015fm\u0131\u015f qa\u00e7q\u0131n v\u0259 m\u0259cburi k\u00f6\u00e7k\u00fcnl\u0259rin g\u00fcz\u0259ran\u0131, yerli \u00f6z\u00fcn\u00fcidar\u0259etm\u0259 orqanlar\u0131n\u0131n bu sah\u0259d\u0259 rolu m\u00fczakir\u0259 edilib. D\u00f6vl\u0259t Komit\u0259sinin s\u0259dr m\u00fcavini iclasda \u00e7\u0131x\u0131\u015f edib. \u0130clas\u0131n m\u00f6vzusunun Az\u0259rbaycan \u00fc\u00e7\u00fcn iki bax\u0131mdan aktual oldu\u011funu qeyd ed\u0259n s\u0259dr&hellip;<\/p>\n","protected":false},"author":2,"featured_media":28700,"comment_status":"closed","ping_status":"closed","sticky":false,"template":"","format":"standard","meta":{"om_disable_all_campaigns":false,"_monsterinsights_skip_tracking":false,"_monsterinsights_sitenote_active":false,"_monsterinsights_sitenote_note":"","_monsterinsights_sitenote_category":0},"categories":[19],"tags":[],"aioseo_notices":[],"gutentor_comment":0,"rttpg_featured_image_url":{"full":["https:\/\/arantv.az\/wp-content\/uploads\/2018\/12\/4md63mc5cjnvf7v6aqso1e6ns0jen.jpg",892,669,false],"landscape":["https:\/\/arantv.az\/wp-content\/uploads\/2018\/12\/4md63mc5cjnvf7v6aqso1e6ns0jen.jpg",892,669,false],"portraits":["https:\/\/arantv.az\/wp-content\/uploads\/2018\/12\/4md63mc5cjnvf7v6aqso1e6ns0jen.jpg",892,669,false],"thumbnail":["https:\/\/arantv.az\/wp-content\/uploads\/2018\/12\/4md63mc5cjnvf7v6aqso1e6ns0jen-150x150.jpg",150,150,true],"medium":["https:\/\/arantv.az\/wp-content\/uploads\/2018\/12\/4md63mc5cjnvf7v6aqso1e6ns0jen-300x225.jpg",300,225,true],"large":["https:\/\/arantv.az\/wp-content\/uploads\/2018\/12\/4md63mc5cjnvf7v6aqso1e6ns0jen.jpg",640,480,false],"1536x1536":["https:\/\/arantv.az\/wp-content\/uploads\/2018\/12\/4md63mc5cjnvf7v6aqso1e6ns0jen.jpg",892,669,false],"2048x2048":["https:\/\/arantv.az\/wp-content\/uploads\/2018\/12\/4md63mc5cjnvf7v6aqso1e6ns0jen.jpg",892,669,false],"post-thumbnail":["https:\/\/arantv.az\/wp-content\/uploads\/2018\/12\/4md63mc5cjnvf7v6aqso1e6ns0jen-240x172.jpg",240,172,true],"advps-thumb-one":["https:\/\/arantv.az\/wp-content\/uploads\/2018\/12\/4md63mc5cjnvf7v6aqso1e6ns0jen-892x620.jpg",892,620,true]},"rttpg_author":{"display_name":"V\u00fcsal Rafiqo\u011flu","author_link":"https:\/\/arantv.az\/?author=2"},"rttpg_comment":0,"rttpg_category":"<a href=\"https:\/\/arantv.az\/?cat=19\" rel=\"category\">G\u00fcnd\u0259m<\/a>","rttpg_excerpt":"ARANTV.AZ x\u0259b\u0259r erir ki, dekabr\u0131n 18-19-da \u0130sve\u00e7r\u0259nin Cenevr\u0259 \u015f\u0259h\u0259rind\u0259 BMT-nin Qa\u00e7q\u0131nlar \u00fczr\u0259 Ali Komissarl\u0131\u011f\u0131n\u0131n (QAK) \u00fczv d\u00f6vl\u0259tl\u0259rinin i\u015ftirak\u0131 il\u0259 M\u00fcdafi\u0259 Sah\u0259sind\u0259 T\u0259hdidl\u0259r \u00fczr\u0259 Dialoqun 11-ci iclas\u0131 ke\u00e7irilib. \u0130clasda \u00f6lk\u0259miz Qa\u00e7q\u0131nlar\u0131n v\u0259 M\u0259cburi K\u00f6\u00e7k\u00fcnl\u0259rin \u0130\u015fl\u0259ri \u00fczr\u0259 D\u00f6vl\u0259t Komit\u0259sinin s\u0259dr m\u00fcavini Fuad H\u00fcseynovun r\u0259hb\u0259rlik etdiyi n\u00fcmay\u0259nd\u0259 hey\u0259ti il\u0259 t\u0259msil olunub. Komit\u0259d\u0259n\u00a0bildiribl\u0259r ki, iclasda qa\u00e7q\u0131n v\u0259 m\u0259cburi k\u00f6\u00e7k\u00fcnl\u0259rin&hellip;","_links":{"self":[{"href":"https:\/\/arantv.az\/index.php?rest_route=\/wp\/v2\/posts\/28699"}],"collection":[{"href":"https:\/\/arantv.az\/index.php?rest_route=\/wp\/v2\/posts"}],"about":[{"href":"https:\/\/arantv.az\/index.php?rest_route=\/wp\/v2\/types\/post"}],"author":[{"embeddable":true,"href":"https:\/\/arantv.az\/index.php?rest_route=\/wp\/v2\/users\/2"}],"replies":[{"embeddable":true,"href":"https:\/\/arantv.az\/index.php?rest_route=%2Fwp%2Fv2%2Fcomments&post=28699"}],"version-history":[{"count":0,"href":"https:\/\/arantv.az\/index.php?rest_route=\/wp\/v2\/posts\/28699\/revisions"}],"wp:featuredmedia":[{"embeddable":true,"href":"https:\/\/arantv.az\/index.php?rest_route=\/wp\/v2\/media\/28700"}],"wp:attachment":[{"href":"https:\/\/arantv.az\/index.php?rest_route=%2Fwp%2Fv2%2Fmedia&parent=28699"}],"wp:term":[{"taxonomy":"category","embeddable":true,"href":"https:\/\/arantv.az\/index.php?rest_route=%2Fwp%2Fv2%2Fcategories&post=28699"},{"taxonomy":"post_tag","embeddable":true,"href":"https:\/\/arantv.az\/index.php?rest_route=%2Fwp%2Fv2%2Ftags&post=28699"}],"curies":[{"name":"wp","href":"https:\/\/api.w.org\/{rel}","templated":true}]}}