{"id":28702,"date":"2018-12-21T10:06:14","date_gmt":"2018-12-21T07:06:14","guid":{"rendered":"http:\/\/arantv.az\/?p=28702"},"modified":"2018-12-21T10:06:14","modified_gmt":"2018-12-21T07:06:14","slug":"avropa-parlamenti-isgal-olunmus-%c9%99razil%c9%99r%c9%99-qanunsuz-s%c9%99f%c9%99rl%c9%99ri-pisl%c9%99yir","status":"publish","type":"post","link":"https:\/\/arantv.az\/?p=28702","title":{"rendered":"Avropa Parlamenti i\u015f\u011fal olunmu\u015f \u0259razil\u0259r\u0259 qanunsuz s\u0259f\u0259rl\u0259ri pisl\u0259yir"},"content":{"rendered":"<p><strong>ARANTV.AZ<\/strong> x\u0259b\u0259r verir ki, Avropa Parlamentinin m\u00fcdafi\u0259 v\u0259 t\u0259hl\u00fck\u0259sizlik \u00fczr\u0259 alt-komit\u0259sinin s\u0259dri Anna Fotiqa Avropa \u0130ttifaq\u0131n\u0131n xarici i\u015fl\u0259r v\u0259 t\u0259hl\u00fck\u0259sizlik siyas\u0259ti \u00fczr\u0259 ali n\u00fcmay\u0259nd\u0259si Federika Moqeriniy\u0259 \u015e\u0259rq T\u0259r\u0259fda\u015fl\u0131\u011f\u0131 \u00f6lk\u0259l\u0259rind\u0259 i\u015f\u011fal olunmu\u015f \u0259razil\u0259r\u0259 qanunsuz s\u0259f\u0259rl\u0259rl\u0259 ba\u011fl\u0131 m\u00fcraci\u0259t \u00fcnvanlay\u0131b. M\u00fcraci\u0259td\u0259 Az\u0259rbaycan v\u0259 dig\u0259r \u00f6lk\u0259l\u0259rin i\u015f\u011fal olunmu\u015f \u0259razil\u0259rin\u0259 r\u0259smi icaz\u0259 almadan qanunsuz s\u0259f\u0259rl\u0259r k\u0259skin pisl\u0259nilib. Bildirilib ki, bu qanunsuz s\u0259f\u0259rl\u0259r beyn\u0259lxalq h\u00fcququ pozur, qurumun beyn\u0259lxalq n\u00fcfuzuna z\u0259rb\u0259 vurur. M\u00fcraci\u0259td\u0259 qanunsuz s\u0259f\u0259r ed\u0259nl\u0259rin \u00f6zl\u0259rinin d\u0259 bir \u00e7ox hallarda arzuedilm\u0259z \u015f\u0259xs elan edildiyi, h\u0259m\u00e7inin insanlar\u0131n h\u0259yat\u0131n\u0131n t\u0259hl\u00fck\u0259 alt\u0131na d\u00fc\u015f\u0259 bil\u0259c\u0259yi vur\u011fulan\u0131b.<\/p>\n","protected":false},"excerpt":{"rendered":"<p>ARANTV.AZ x\u0259b\u0259r verir ki, Avropa Parlamentinin m\u00fcdafi\u0259 v\u0259 t\u0259hl\u00fck\u0259sizlik \u00fczr\u0259 alt-komit\u0259sinin s\u0259dri Anna Fotiqa Avropa \u0130ttifaq\u0131n\u0131n xarici i\u015fl\u0259r v\u0259 t\u0259hl\u00fck\u0259sizlik siyas\u0259ti \u00fczr\u0259 ali n\u00fcmay\u0259nd\u0259si Federika Moqeriniy\u0259 \u015e\u0259rq T\u0259r\u0259fda\u015fl\u0131\u011f\u0131 \u00f6lk\u0259l\u0259rind\u0259 i\u015f\u011fal olunmu\u015f \u0259razil\u0259r\u0259 qanunsuz s\u0259f\u0259rl\u0259rl\u0259 ba\u011fl\u0131 m\u00fcraci\u0259t \u00fcnvanlay\u0131b. M\u00fcraci\u0259td\u0259 Az\u0259rbaycan v\u0259 dig\u0259r \u00f6lk\u0259l\u0259rin i\u015f\u011fal olunmu\u015f \u0259razil\u0259rin\u0259 r\u0259smi icaz\u0259 almadan qanunsuz s\u0259f\u0259rl\u0259r k\u0259skin pisl\u0259nilib. Bildirilib ki, bu qanunsuz s\u0259f\u0259rl\u0259r beyn\u0259lxalq h\u00fcququ pozur, qurumun beyn\u0259lxalq n\u00fcfuzuna z\u0259rb\u0259 vurur. M\u00fcraci\u0259td\u0259 qanunsuz s\u0259f\u0259r ed\u0259nl\u0259rin \u00f6zl\u0259rinin d\u0259 bir \u00e7ox hallarda arzuedilm\u0259z \u015f\u0259xs elan edildiyi, h\u0259m\u00e7inin insanlar\u0131n h\u0259yat\u0131n\u0131n t\u0259hl\u00fck\u0259 alt\u0131na d\u00fc\u015f\u0259 bil\u0259c\u0259yi vur\u011fulan\u0131b.<\/p>\n","protected":false},"author":2,"featured_media":28703,"comment_status":"closed","ping_status":"closed","sticky":false,"template":"","format":"standard","meta":{"om_disable_all_campaigns":false,"_monsterinsights_skip_tracking":false,"_monsterinsights_sitenote_active":false,"_monsterinsights_sitenote_note":"","_monsterinsights_sitenote_category":0},"categories":[4],"tags":[],"aioseo_notices":[],"gutentor_comment":0,"rttpg_featured_image_url":{"full":["https:\/\/arantv.az\/wp-content\/uploads\/2018\/12\/4md63mc5cjnvf7v6aqso1e6ns0ai.jpg",1000,637,false],"landscape":["https:\/\/arantv.az\/wp-content\/uploads\/2018\/12\/4md63mc5cjnvf7v6aqso1e6ns0ai.jpg",1000,637,false],"portraits":["https:\/\/arantv.az\/wp-content\/uploads\/2018\/12\/4md63mc5cjnvf7v6aqso1e6ns0ai.jpg",1000,637,false],"thumbnail":["https:\/\/arantv.az\/wp-content\/uploads\/2018\/12\/4md63mc5cjnvf7v6aqso1e6ns0ai-150x150.jpg",150,150,true],"medium":["https:\/\/arantv.az\/wp-content\/uploads\/2018\/12\/4md63mc5cjnvf7v6aqso1e6ns0ai-300x191.jpg",300,191,true],"large":["https:\/\/arantv.az\/wp-content\/uploads\/2018\/12\/4md63mc5cjnvf7v6aqso1e6ns0ai.jpg",640,408,false],"1536x1536":["https:\/\/arantv.az\/wp-content\/uploads\/2018\/12\/4md63mc5cjnvf7v6aqso1e6ns0ai.jpg",1000,637,false],"2048x2048":["https:\/\/arantv.az\/wp-content\/uploads\/2018\/12\/4md63mc5cjnvf7v6aqso1e6ns0ai.jpg",1000,637,false],"post-thumbnail":["https:\/\/arantv.az\/wp-content\/uploads\/2018\/12\/4md63mc5cjnvf7v6aqso1e6ns0ai-240x172.jpg",240,172,true],"advps-thumb-one":["https:\/\/arantv.az\/wp-content\/uploads\/2018\/12\/4md63mc5cjnvf7v6aqso1e6ns0ai-1000x620.jpg",1000,620,true]},"rttpg_author":{"display_name":"V\u00fcsal Rafiqo\u011flu","author_link":"https:\/\/arantv.az\/?author=2"},"rttpg_comment":0,"rttpg_category":"<a href=\"https:\/\/arantv.az\/?cat=4\" rel=\"category\">Siyas\u0259t<\/a>","rttpg_excerpt":"ARANTV.AZ x\u0259b\u0259r verir ki, Avropa Parlamentinin m\u00fcdafi\u0259 v\u0259 t\u0259hl\u00fck\u0259sizlik \u00fczr\u0259 alt-komit\u0259sinin s\u0259dri Anna Fotiqa Avropa \u0130ttifaq\u0131n\u0131n xarici i\u015fl\u0259r v\u0259 t\u0259hl\u00fck\u0259sizlik siyas\u0259ti \u00fczr\u0259 ali n\u00fcmay\u0259nd\u0259si Federika Moqeriniy\u0259 \u015e\u0259rq T\u0259r\u0259fda\u015fl\u0131\u011f\u0131 \u00f6lk\u0259l\u0259rind\u0259 i\u015f\u011fal olunmu\u015f \u0259razil\u0259r\u0259 qanunsuz s\u0259f\u0259rl\u0259rl\u0259 ba\u011fl\u0131 m\u00fcraci\u0259t \u00fcnvanlay\u0131b. M\u00fcraci\u0259td\u0259 Az\u0259rbaycan v\u0259 dig\u0259r \u00f6lk\u0259l\u0259rin i\u015f\u011fal olunmu\u015f \u0259razil\u0259rin\u0259 r\u0259smi icaz\u0259 almadan qanunsuz s\u0259f\u0259rl\u0259r k\u0259skin pisl\u0259nilib. Bildirilib ki, bu&hellip;","_links":{"self":[{"href":"https:\/\/arantv.az\/index.php?rest_route=\/wp\/v2\/posts\/28702"}],"collection":[{"href":"https:\/\/arantv.az\/index.php?rest_route=\/wp\/v2\/posts"}],"about":[{"href":"https:\/\/arantv.az\/index.php?rest_route=\/wp\/v2\/types\/post"}],"author":[{"embeddable":true,"href":"https:\/\/arantv.az\/index.php?rest_route=\/wp\/v2\/users\/2"}],"replies":[{"embeddable":true,"href":"https:\/\/arantv.az\/index.php?rest_route=%2Fwp%2Fv2%2Fcomments&post=28702"}],"version-history":[{"count":0,"href":"https:\/\/arantv.az\/index.php?rest_route=\/wp\/v2\/posts\/28702\/revisions"}],"wp:featuredmedia":[{"embeddable":true,"href":"https:\/\/arantv.az\/index.php?rest_route=\/wp\/v2\/media\/28703"}],"wp:attachment":[{"href":"https:\/\/arantv.az\/index.php?rest_route=%2Fwp%2Fv2%2Fmedia&parent=28702"}],"wp:term":[{"taxonomy":"category","embeddable":true,"href":"https:\/\/arantv.az\/index.php?rest_route=%2Fwp%2Fv2%2Fcategories&post=28702"},{"taxonomy":"post_tag","embeddable":true,"href":"https:\/\/arantv.az\/index.php?rest_route=%2Fwp%2Fv2%2Ftags&post=28702"}],"curies":[{"name":"wp","href":"https:\/\/api.w.org\/{rel}","templated":true}]}}